{"id":585800,"date":"2024-12-27T15:32:38","date_gmt":"2024-12-27T19:32:38","guid":{"rendered":"https:\/\/diariodominicano.com\/?p=585800"},"modified":"2024-12-27T15:32:46","modified_gmt":"2024-12-27T19:32:46","slug":"presidenta-de-peru-anuncia-aumento-de-1024-sobre-salario-minimo","status":"publish","type":"post","link":"https:\/\/diariodominicano.com\/?p=585800","title":{"rendered":"Presidenta de Per\u00fa anuncia aumento de 10,24% sobre salario m\u00ednimo"},"content":{"rendered":"\n<p>diariodominicano.com<\/p>\n\n\n\n<p>LIMA, 27 dic (Xinhua) &#8212; La presidenta de Per\u00fa, Dina Boluarte, anunci\u00f3 este viernes el aumento del salario m\u00ednimo vital en un 10,24 por ciento, con lo cual el ingreso de los trabajadores pasar\u00e1 de 1.025 soles (unos 274 d\u00f3lares). ) a 1.130 soles (unos 302 d\u00f3lares) el a\u00f1o entrante. \u00abHoy anuncio que a partir del 1 de enero del a\u00f1o 2025, la remuneraci\u00f3n m\u00ednima vital se incrementar\u00e1 en 105 soles (unos 28 d\u00f3lares), alcanzando un monto de 1,130 soles. Esta decisi\u00f3n la tomamos con responsabilidad y pensando en el bienestar de los peruanos. y de las peruanas\u201d, indic\u00f3. El anuncio lo hizo la jefa de Estado desde el Palacio de Gobierno de Lima, donde estuvo acompa\u00f1ado por el ministro del Trabajo, Daniel Maurate, y donde asegur\u00f3 que esta decisi\u00f3n no la han tomado \u00abpensando en el populismo barato ni en el oportunismo pol\u00edtico\u00bb . Boluarte explic\u00f3 que su Gobierno decidi\u00f3 asumir la responsabilidad de incrementar el salario m\u00ednimo \u00abante la falta de consenso\u00bb durante las reuniones en las que particip\u00f3 el Consejo Nacional de Trabajo y Promoci\u00f3n del Empleo y la Comisi\u00f3n Especial de Productividad y Salarios M\u00ednimos. Detall\u00f3 que \u00abno se logr\u00f3 un consenso total\u00bb, aunque en esos espacios participaron representantes de trabajadores y trabajadores, por lo que el Ejecutivo tom\u00f3 finalmente la decisi\u00f3n \u00abbasada en el an\u00e1lisis t\u00e9cnico profesional y en el bienestar de todos los peruanos\u00bb. A juicio de la mandataria, este incremento \u00abes el m\u00e1s justo y el que m\u00e1s se acerca al punto medio\u00bb, teniendo en cuenta que esta medida \u00abimplica retos para ciertos sectores empresariales\u00bb. \u00abComprendo las expectativas de los trabajadores que deseaban un incremento mayor, pero un aumento desproporcionado podr\u00eda poner en riesgo la formalizaci\u00f3n laboral, especialmente de los micro y peque\u00f1os trabajadores. Y no podemos permitir que eso suceda\u00bb, resalt\u00f3. Se debe recordar que el \u00faltimo aumento sobre el salario m\u00ednimo que vivi\u00f3 el pa\u00eds fue en mayo del a\u00f1o 2022, cuando el entonces mandatario Pedro Castillo (2021-2022) aprob\u00f3 mediante decreto un incremento de 10,21 por ciento, llevando el salario de 930. (unos 248,6 d\u00f3lares) a 1.025 soles.<\/p>\n","protected":false},"excerpt":{"rendered":"<p>diariodominicano.com LIMA, 27 dic (Xinhua) &#8212; La presidenta de Per\u00fa, Dina Boluarte, anunci\u00f3 este viernes el aumento del salario m\u00ednimo vital en un 10,24 por ciento, con lo cual el ingreso de los trabajadores pasar\u00e1 de 1.025 soles (unos 274 d\u00f3lares). ) a 1.130 soles (unos 302 d\u00f3lares) el a\u00f1o entrante. \u00abHoy anuncio que a [&hellip;]<\/p>\n","protected":false},"author":5,"featured_media":555347,"comment_status":"closed","ping_status":"closed","sticky":true,"template":"","format":"standard","meta":{"footnotes":""},"categories":[23,27],"tags":[],"class_list":["post-585800","post","type-post","status-publish","format-standard","has-post-thumbnail","hentry","category-internacional","category-portada"],"_links":{"self":[{"href":"https:\/\/diariodominicano.com\/index.php?rest_route=\/wp\/v2\/posts\/585800","targetHints":{"allow":["GET"]}}],"collection":[{"href":"https:\/\/diariodominicano.com\/index.php?rest_route=\/wp\/v2\/posts"}],"about":[{"href":"https:\/\/diariodominicano.com\/index.php?rest_route=\/wp\/v2\/types\/post"}],"author":[{"embeddable":true,"href":"https:\/\/diariodominicano.com\/index.php?rest_route=\/wp\/v2\/users\/5"}],"replies":[{"embeddable":true,"href":"https:\/\/diariodominicano.com\/index.php?rest_route=%2Fwp%2Fv2%2Fcomments&post=585800"}],"version-history":[{"count":1,"href":"https:\/\/diariodominicano.com\/index.php?rest_route=\/wp\/v2\/posts\/585800\/revisions"}],"predecessor-version":[{"id":585803,"href":"https:\/\/diariodominicano.com\/index.php?rest_route=\/wp\/v2\/posts\/585800\/revisions\/585803"}],"wp:featuredmedia":[{"embeddable":true,"href":"https:\/\/diariodominicano.com\/index.php?rest_route=\/wp\/v2\/media\/555347"}],"wp:attachment":[{"href":"https:\/\/diariodominicano.com\/index.php?rest_route=%2Fwp%2Fv2%2Fmedia&parent=585800"}],"wp:term":[{"taxonomy":"category","embeddable":true,"href":"https:\/\/diariodominicano.com\/index.php?rest_route=%2Fwp%2Fv2%2Fcategories&post=585800"},{"taxonomy":"post_tag","embeddable":true,"href":"https:\/\/diariodominicano.com\/index.php?rest_route=%2Fwp%2Fv2%2Ftags&post=585800"}],"curies":[{"name":"wp","href":"https:\/\/api.w.org\/{rel}","templated":true}]}}