{"id":585752,"date":"2024-12-27T13:38:14","date_gmt":"2024-12-27T17:38:14","guid":{"rendered":"https:\/\/diariodominicano.com\/?p=585752"},"modified":"2024-12-27T13:38:17","modified_gmt":"2024-12-27T17:38:17","slug":"huchi-lora-en-homenaje-manana-a-rafaelito-roman-maestro-del-merengue-tipico","status":"publish","type":"post","link":"https:\/\/diariodominicano.com\/?p=585752","title":{"rendered":"Huchi Lora en homenaje ma\u00f1ana a Rafaelito Rom\u00e1n, maestro del merengue t\u00edpico"},"content":{"rendered":"\n<p>Rafaelito Rom\u00e1n, el emblem\u00e1tico m\u00fasico t\u00edpico ser\u00e1 objeto ma\u00f1ana de un homenaje televisado por Huchi Lora en su especio Esta Misma Semana, por Telesistema a las siete de la noche,<\/p>\n\n\n\n<p>El espacio expondr\u00e1 ma\u00f1ana s\u00e1bado la creatividad musical en entrega titulada \u201cRafaelito Rom\u00e1n: padre y maestro\u201d &nbsp;por su espacio&nbsp; Esta misma semana<\/p>\n\n\n\n<p>Servicio de prensa<\/p>\n\n\n\n<p>Una entrega especial con el recientemente desaparecido m\u00fasico t\u00edpico Rafaelito Rom\u00e1n ser\u00e1 presentado este s\u00e1bado 28 &nbsp;de diciembre a las siete de la noche en el &nbsp;programa Esta Misma Semana, &nbsp;que difunde Telesistema 11 y &nbsp;difusi\u00f3n y Youtube, anunciaron sus productores, los periodistas Huchi Lora y Diana Lora.<\/p>\n\n\n\n<p>Rom\u00e1n, quien falleci\u00f3 el 6 de este mes en Santiago, es considerado como uno de los mejores acordeonistas de todos los tiempos en el merengue. Sus hijos son tambi\u00e9n m\u00fasicos de merengue t\u00edpico: Ra\u00fal y Nixon, acordeonistas, y Jorlin, bajista.<\/p>\n\n\n\n<p>Rafaelito Rom\u00e1n se distingui\u00f3 no s\u00f3lo por su calidad musical, sino adem\u00e1s por la variedad de instrumentos que tocaba, adem\u00e1s del acorde\u00f3n: saxof\u00f3n, piano, guitarra, bajo, tambora y g\u00fcira.<\/p>\n\n\n\n<p>El programa contiene entrevistas de Rafaelito Rom\u00e1n de hace varios a\u00f1os en un programa especial que le dedic\u00f3 El D\u00eda, de Telesistema, as\u00ed como merengues interpretados por \u00e9l en ese mismo espacio con sus hijos Ra\u00fal, Nixon y Jorlin.<\/p>\n\n\n\n<p>Rom\u00e1n fue condecorado por el presidente Luis Abinader en julio de 2023 junto a otros seis m\u00fasicos t\u00edpicos, con la Medalla al M\u00e9rito Civil.<\/p>\n\n\n\n<p>Los dem\u00e1s fueron Bartolo Alvarado de manera p\u00f3stuma, Josefa Cabrera (Fefita la Grande), Francisco Ulloa, \u00c1ngel Bertile, Gaspar Rodr\u00edguez, Juan Antonio Robles (Viejo Puro).<\/p>\n\n\n\n<p>Esta Misma Semana se difunde semanalmente los \u00a0s\u00e1bados a las 7.00 pm por Telesistema 11 y de manera permanente por Youtube en el portal Huchi Lora.<\/p>\n\n\n\n<p>ose Rafael Paula Sosa<\/p>\n\n\n\n<p>Jose Rafael Paula Sosa ()<\/p>\n\n\n\n<p><a target=\"_blank\" href=\"mailto:joserafael.sosa@gmail.com\" rel=\"noreferrer noopener\">joserafael.sosa@gmail.com<\/a><\/p>\n\n\n\n<p><\/p>\n","protected":false},"excerpt":{"rendered":"<p>Rafaelito Rom\u00e1n, el emblem\u00e1tico m\u00fasico t\u00edpico ser\u00e1 objeto ma\u00f1ana de un homenaje televisado por Huchi Lora en su especio Esta Misma Semana, por Telesistema a las siete de la noche, El espacio expondr\u00e1 ma\u00f1ana s\u00e1bado la creatividad musical en entrega titulada \u201cRafaelito Rom\u00e1n: padre y maestro\u201d &nbsp;por su espacio&nbsp; Esta misma semana Servicio de prensa [&hellip;]<\/p>\n","protected":false},"author":28,"featured_media":585754,"comment_status":"closed","ping_status":"closed","sticky":true,"template":"","format":"standard","meta":{"footnotes":""},"categories":[21,26,25],"tags":[],"class_list":["post-585752","post","type-post","status-publish","format-standard","has-post-thumbnail","hentry","category-cultura","category-efemerides","category-gente"],"_links":{"self":[{"href":"https:\/\/diariodominicano.com\/index.php?rest_route=\/wp\/v2\/posts\/585752","targetHints":{"allow":["GET"]}}],"collection":[{"href":"https:\/\/diariodominicano.com\/index.php?rest_route=\/wp\/v2\/posts"}],"about":[{"href":"https:\/\/diariodominicano.com\/index.php?rest_route=\/wp\/v2\/types\/post"}],"author":[{"embeddable":true,"href":"https:\/\/diariodominicano.com\/index.php?rest_route=\/wp\/v2\/users\/28"}],"replies":[{"embeddable":true,"href":"https:\/\/diariodominicano.com\/index.php?rest_route=%2Fwp%2Fv2%2Fcomments&post=585752"}],"version-history":[{"count":1,"href":"https:\/\/diariodominicano.com\/index.php?rest_route=\/wp\/v2\/posts\/585752\/revisions"}],"predecessor-version":[{"id":585755,"href":"https:\/\/diariodominicano.com\/index.php?rest_route=\/wp\/v2\/posts\/585752\/revisions\/585755"}],"wp:featuredmedia":[{"embeddable":true,"href":"https:\/\/diariodominicano.com\/index.php?rest_route=\/wp\/v2\/media\/585754"}],"wp:attachment":[{"href":"https:\/\/diariodominicano.com\/index.php?rest_route=%2Fwp%2Fv2%2Fmedia&parent=585752"}],"wp:term":[{"taxonomy":"category","embeddable":true,"href":"https:\/\/diariodominicano.com\/index.php?rest_route=%2Fwp%2Fv2%2Fcategories&post=585752"},{"taxonomy":"post_tag","embeddable":true,"href":"https:\/\/diariodominicano.com\/index.php?rest_route=%2Fwp%2Fv2%2Ftags&post=585752"}],"curies":[{"name":"wp","href":"https:\/\/api.w.org\/{rel}","templated":true}]}}