{"id":585676,"date":"2024-12-26T23:58:02","date_gmt":"2024-12-27T03:58:02","guid":{"rendered":"https:\/\/diariodominicano.com\/?p=585676"},"modified":"2024-12-26T23:58:09","modified_gmt":"2024-12-27T03:58:09","slug":"cuba-impulsa-cooperacion-con-la-union-economica-euroasiatica","status":"publish","type":"post","link":"https:\/\/diariodominicano.com\/?p=585676","title":{"rendered":"Cuba impulsa cooperaci\u00f3n con la Uni\u00f3n Econ\u00f3mica Euroasi\u00e1tica"},"content":{"rendered":"\n<p><\/p>\n\n\n\n<p>La Habana, 26 dic (Prensa Latina) El presidente de Cuba, Miguel D\u00edaz-Canel, reafirm\u00f3 hoy la voluntad de su pa\u00eds de impulsar la cooperaci\u00f3n, la solidaridad y la integraci\u00f3n con la Uni\u00f3n Econ\u00f3mica Euroasi\u00e1tica (UEEA).<\/p>\n\n\n\n<ul class=\"wp-block-list\">\n<li><a href=\"https:\/\/www.prensa-latina.cu\/2024\/12\/26\/\"><time>diciembre 26, 2024 | 12:41<\/time><\/a><\/li>\n<\/ul>\n\n\n\n<ul class=\"wp-block-list\">\n<li><a href=\"https:\/\/www.prensa-latina.cu\/2024\/12\/26\/cuba-impulsa-cooperacion-con-la-union-economica-euroasiatica\/#\"><\/a><\/li>\n\n\n\n<li><a href=\"https:\/\/www.prensa-latina.cu\/2024\/12\/26\/cuba-impulsa-cooperacion-con-la-union-economica-euroasiatica\/#\"><\/a><\/li>\n\n\n\n<li><a href=\"https:\/\/www.prensa-latina.cu\/2024\/12\/26\/cuba-impulsa-cooperacion-con-la-union-economica-euroasiatica\/#\"><\/a><\/li>\n\n\n\n<li><a href=\"https:\/\/www.prensa-latina.cu\/2024\/12\/26\/cuba-impulsa-cooperacion-con-la-union-economica-euroasiatica\/#\"><\/a><\/li>\n<\/ul>\n\n\n\n<p>Al intervenir de manera virtual, desde La Habana, en la Reuni\u00f3n del Consejo Supremo Econ\u00f3mico Euroasi\u00e1tico, realizada en San Petersburgo, Rusia, el mandatario resalt\u00f3 la gesti\u00f3n de Armenia a lo largo del 2024 como presidente pro-tempore de los \u00d3rganos de la Uni\u00f3n.<\/p>\n\n\n\n<p>Se\u00f1al\u00f3 que su pa\u00eds otorga gran relevancia a fortalecer los lazos con los Estados miembros de la Uni\u00f3n, en el amplio marco de posibilidades y mecanismos que ella ofrece.<\/p>\n\n\n\n<p>Precisamente, la organizaci\u00f3n de la IV Comisi\u00f3n Conjunta entre Cuba y la Comisi\u00f3n Econ\u00f3mica Euroasi\u00e1tica, prevista para el primer trimestre de 2025, en Mosc\u00fa, contribuir\u00e1 al fortalecimiento y a la diversificaci\u00f3n de las relaciones econ\u00f3micas, comerciales, financieras y de cooperaci\u00f3n con los pa\u00edses de la Uni\u00f3n, apunt\u00f3.<\/p>\n\n\n\n<p>Afirm\u00f3 que en ese prop\u00f3sito, contribuir\u00e1 de manera decisiva la aprobaci\u00f3n del Plan Conjunto de Colaboraci\u00f3n para el periodo 2025-2030.<\/p>\n\n\n\n<p>Estamos convencidos de que es la \u00fanica forma efectiva en la b\u00fasqueda de soluciones viables a los graves problemas que enfrenta el mundo, desde una perspectiva que promueva la unidad y el respeto mutuo, dentro de la diversidad y en favor del desarrollo y el bienestar de los pueblos y naciones, dijo.<\/p>\n\n\n\n<p>Destac\u00f3, asimismo, el optimismo, la resistencia y capacidad creativa del pueblo cubano, as\u00ed como la certeza de que el pr\u00f3ximo a\u00f1os ser\u00e1 provechoso, a pesar de los retos, para la realizaci\u00f3n de objetivos y metas comunes por un desarrollo sostenible.<\/p>\n\n\n\n<p>Esta es la novena ocasi\u00f3n en que el jefe de Estado cubano participa en una sesi\u00f3n del Consejo Supremo Econ\u00f3mico Euroasi\u00e1tico, \u00f3rgano de la UEEA, integrado por los jefes de Estado de los pa\u00edses miembros.<\/p>\n\n\n\n<p>Cuba se incorpor\u00f3 como Estado observador a la UEEA el 11 de diciembre de 2020.<\/p>\n\n\n\n<p>mem\/evm<\/p>\n\n\n\n<ul class=\"wp-block-list\">\n<li>#<a href=\"https:\/\/www.prensa-latina.cu\/etiqueta\/cuba\/\">cuba<\/a>\u00a0#<a href=\"https:\/\/www.prensa-latina.cu\/etiqueta\/eeea\/\">EEEA<\/a>\u00a0#<a href=\"https:\/\/www.prensa-latina.cu\/etiqueta\/presdiente\/\">presdiente<\/a><\/li>\n<\/ul>\n","protected":false},"excerpt":{"rendered":"<p>La Habana, 26 dic (Prensa Latina) El presidente de Cuba, Miguel D\u00edaz-Canel, reafirm\u00f3 hoy la voluntad de su pa\u00eds de impulsar la cooperaci\u00f3n, la solidaridad y la integraci\u00f3n con la Uni\u00f3n Econ\u00f3mica Euroasi\u00e1tica (UEEA). Al intervenir de manera virtual, desde La Habana, en la Reuni\u00f3n del Consejo Supremo Econ\u00f3mico Euroasi\u00e1tico, realizada en San Petersburgo, Rusia, [&hellip;]<\/p>\n","protected":false},"author":28,"featured_media":585677,"comment_status":"closed","ping_status":"closed","sticky":true,"template":"","format":"standard","meta":{"footnotes":""},"categories":[18,23],"tags":[],"class_list":["post-585676","post","type-post","status-publish","format-standard","has-post-thumbnail","hentry","category-economia","category-internacional"],"_links":{"self":[{"href":"https:\/\/diariodominicano.com\/index.php?rest_route=\/wp\/v2\/posts\/585676","targetHints":{"allow":["GET"]}}],"collection":[{"href":"https:\/\/diariodominicano.com\/index.php?rest_route=\/wp\/v2\/posts"}],"about":[{"href":"https:\/\/diariodominicano.com\/index.php?rest_route=\/wp\/v2\/types\/post"}],"author":[{"embeddable":true,"href":"https:\/\/diariodominicano.com\/index.php?rest_route=\/wp\/v2\/users\/28"}],"replies":[{"embeddable":true,"href":"https:\/\/diariodominicano.com\/index.php?rest_route=%2Fwp%2Fv2%2Fcomments&post=585676"}],"version-history":[{"count":1,"href":"https:\/\/diariodominicano.com\/index.php?rest_route=\/wp\/v2\/posts\/585676\/revisions"}],"predecessor-version":[{"id":585678,"href":"https:\/\/diariodominicano.com\/index.php?rest_route=\/wp\/v2\/posts\/585676\/revisions\/585678"}],"wp:featuredmedia":[{"embeddable":true,"href":"https:\/\/diariodominicano.com\/index.php?rest_route=\/wp\/v2\/media\/585677"}],"wp:attachment":[{"href":"https:\/\/diariodominicano.com\/index.php?rest_route=%2Fwp%2Fv2%2Fmedia&parent=585676"}],"wp:term":[{"taxonomy":"category","embeddable":true,"href":"https:\/\/diariodominicano.com\/index.php?rest_route=%2Fwp%2Fv2%2Fcategories&post=585676"},{"taxonomy":"post_tag","embeddable":true,"href":"https:\/\/diariodominicano.com\/index.php?rest_route=%2Fwp%2Fv2%2Ftags&post=585676"}],"curies":[{"name":"wp","href":"https:\/\/api.w.org\/{rel}","templated":true}]}}