{"id":585657,"date":"2024-12-26T23:10:21","date_gmt":"2024-12-27T03:10:21","guid":{"rendered":"https:\/\/diariodominicano.com\/?p=585657"},"modified":"2024-12-26T23:10:26","modified_gmt":"2024-12-27T03:10:26","slug":"estados-unidos-ofrece-sus-mas-sinceras-condolencias-al-pueblo-de-la-india-por-el-fallecimiento-del-ex-primer-ministro-dr-manmohan-singh","status":"publish","type":"post","link":"https:\/\/diariodominicano.com\/?p=585657","title":{"rendered":"Estados Unidos ofrece  sus m\u00e1s sinceras condolencias al pueblo de la India por el fallecimiento del ex Primer Ministro Dr. Manmohan Singh"},"content":{"rendered":"\n<p>ARCHIVO: Antony J. Blinken, Secretario de Estado<\/p>\n\n\n\n<p>El Dr. Singh fue uno de los mayores promotores de la alianza estrat\u00e9gica entre Estados Unidos y la India, y su trabajo sent\u00f3 las bases de gran parte de lo que nuestros pa\u00edses han logrado juntos en las \u00faltimas dos d\u00e9cadas. <\/p>\n\n\n\n<p>Su liderazgo en la promoci\u00f3n del Acuerdo de Cooperaci\u00f3n Nuclear Civil entre Estados Unidos y la India signific\u00f3 una importante inversi\u00f3n en el potencial de la relaci\u00f3n entre ambos pa\u00edses. En el pa\u00eds, el Dr. Singh ser\u00e1 recordado por sus reformas econ\u00f3micas que impulsaron el r\u00e1pido crecimiento econ\u00f3mico de la India.<\/p>\n\n\n\n<p>amentamos el fallecimiento del Dr. Singh y siempre recordaremos su dedicaci\u00f3n para acercar a los Estados Unidos y la India.<\/p>\n\n\n\n<p>U.S. Department of State<\/p>\n\n\n\n<p>U.S. Department of State ()<\/p>\n\n\n\n<p><a target=\"_blank\" href=\"mailto:usstatebpa@public.govdelivery.com\" rel=\"noreferrer noopener\">usstatebpa@public.govdelivery.com<\/a><\/p>\n\n\n\n<p>D<\/p>\n","protected":false},"excerpt":{"rendered":"<p>ARCHIVO: Antony J. Blinken, Secretario de Estado El Dr. Singh fue uno de los mayores promotores de la alianza estrat\u00e9gica entre Estados Unidos y la India, y su trabajo sent\u00f3 las bases de gran parte de lo que nuestros pa\u00edses han logrado juntos en las \u00faltimas dos d\u00e9cadas. Su liderazgo en la promoci\u00f3n del Acuerdo [&hellip;]<\/p>\n","protected":false},"author":28,"featured_media":556695,"comment_status":"closed","ping_status":"closed","sticky":true,"template":"","format":"standard","meta":{"footnotes":""},"categories":[23],"tags":[],"class_list":["post-585657","post","type-post","status-publish","format-standard","has-post-thumbnail","hentry","category-internacional"],"_links":{"self":[{"href":"https:\/\/diariodominicano.com\/index.php?rest_route=\/wp\/v2\/posts\/585657","targetHints":{"allow":["GET"]}}],"collection":[{"href":"https:\/\/diariodominicano.com\/index.php?rest_route=\/wp\/v2\/posts"}],"about":[{"href":"https:\/\/diariodominicano.com\/index.php?rest_route=\/wp\/v2\/types\/post"}],"author":[{"embeddable":true,"href":"https:\/\/diariodominicano.com\/index.php?rest_route=\/wp\/v2\/users\/28"}],"replies":[{"embeddable":true,"href":"https:\/\/diariodominicano.com\/index.php?rest_route=%2Fwp%2Fv2%2Fcomments&post=585657"}],"version-history":[{"count":1,"href":"https:\/\/diariodominicano.com\/index.php?rest_route=\/wp\/v2\/posts\/585657\/revisions"}],"predecessor-version":[{"id":585658,"href":"https:\/\/diariodominicano.com\/index.php?rest_route=\/wp\/v2\/posts\/585657\/revisions\/585658"}],"wp:featuredmedia":[{"embeddable":true,"href":"https:\/\/diariodominicano.com\/index.php?rest_route=\/wp\/v2\/media\/556695"}],"wp:attachment":[{"href":"https:\/\/diariodominicano.com\/index.php?rest_route=%2Fwp%2Fv2%2Fmedia&parent=585657"}],"wp:term":[{"taxonomy":"category","embeddable":true,"href":"https:\/\/diariodominicano.com\/index.php?rest_route=%2Fwp%2Fv2%2Fcategories&post=585657"},{"taxonomy":"post_tag","embeddable":true,"href":"https:\/\/diariodominicano.com\/index.php?rest_route=%2Fwp%2Fv2%2Ftags&post=585657"}],"curies":[{"name":"wp","href":"https:\/\/api.w.org\/{rel}","templated":true}]}}