{"id":585649,"date":"2024-12-26T22:19:59","date_gmt":"2024-12-27T02:19:59","guid":{"rendered":"https:\/\/diariodominicano.com\/?p=585649"},"modified":"2024-12-26T22:20:08","modified_gmt":"2024-12-27T02:20:08","slug":"condena-la-sip-asesinato-de-dos-periodistas-en-haiti","status":"publish","type":"post","link":"https:\/\/diariodominicano.com\/?p=585649","title":{"rendered":"Condena la SIP asesinato de dos periodistas en Hait\u00ed"},"content":{"rendered":"\n<figure class=\"wp-block-table\"><table><tbody><tr><td colspan=\"2\"><\/td><\/tr><tr><td colspan=\"2\"><\/td><\/tr><tr><td colspan=\"2\">Miami (26 de diciembre de 2024) \u2013 La Sociedad Interamericana de Prensa (SIP) conden\u00f3 de manera en\u00e9rgica el asesinato de dos periodistas haitianos,\u00a0ocurrido el martes por la ma\u00f1ana en un ataque armado durante la reapertura del principal hospital p\u00fablico en la ciudad capital de Puerto Pr\u00edncipe, seg\u00fan\u00a0<a href=\"https:\/\/constantcontact.us3.list-manage.com\/track\/click?u=5c5eb349e50f378f906bd020b&amp;id=721ee0629e&amp;e=ae751f2b48\" target=\"_blank\" rel=\"noreferrer noopener\">informes de prensa<\/a>.<br><br>En el ataque<a href=\"https:\/\/constantcontact.us3.list-manage.com\/track\/click?u=5c5eb349e50f378f906bd020b&amp;id=874db041f3&amp;e=ae751f2b48\" target=\"_blank\" rel=\"noreferrer noopener\">, atribuido a pandillas armadas de la coalici\u00f3n Vivre Ensemble (Vivir Junto)<\/a>, fueron asesinados los periodistas Markenzy Nathoux, de Boston Caribbean Network y radio Lavi FM, y Jimmy Jean, de Moun Af\u00e8 Bon TV, seg\u00fan los\u00a0<a href=\"https:\/\/constantcontact.us3.list-manage.com\/track\/click?u=5c5eb349e50f378f906bd020b&amp;id=69ba8def3f&amp;e=ae751f2b48\" target=\"_blank\" rel=\"noreferrer noopener\">informes<\/a>.<br><br>Tambi\u00e9n muri\u00f3 un polic\u00eda, y otros siete periodistas resultaron heridos cuando los pandilleros dispararon contra el Hospital de la Universidad Estatal de Hait\u00ed, tambi\u00e9n conocido como Hospital General, localizado en una zona de alta inseguridad dominada por las pandillas,\u00a0<a href=\"https:\/\/constantcontact.us3.list-manage.com\/track\/click?u=5c5eb349e50f378f906bd020b&amp;id=7bd129c2b3&amp;e=ae751f2b48\" target=\"_blank\" rel=\"noreferrer noopener\">seg\u00fan la prensa<\/a>.<br><br> Las personas heridas fueron atendidas en otro centro hospitalario.De acuerdo a\u00a0<a href=\"https:\/\/constantcontact.us3.list-manage.com\/track\/click?u=5c5eb349e50f378f906bd020b&amp;id=e9df256900&amp;e=ae751f2b48\" target=\"_blank\" rel=\"noreferrer noopener\">informaci\u00f3n<\/a>\u00a0de la agencia The Associated Press, el hospital fue cerrado hace algunos meses debido a la violencia de pandillas y estaba programado para reabrir en la capital haitiana durante la Nochebuena, seg\u00fan lo hab\u00edan prometido las autoridades. <br><br>Sin embargo, mientras los periodistas se congregaban para cubrir la reapertura, presuntos integrantes de pandillas abrieron fuego, lo que interrumpi\u00f3 el evento.\u00bbNuestras sinceras condolencias y solidaridad con las familias y colegas de los periodistas asesinados, en un pa\u00eds donde la prensa desempe\u00f1a su labor en total vulnerabilidad y sin garant\u00edas m\u00ednimas para su seguridad\u00bb, afirm\u00f3 el presidente de la SIP, Jos\u00e9 Roberto Dutriz, CEO y director general de\u00a0<em>La Prensa Gr\u00e1fica<\/em>, de El Salvador.Carlos Jornet, vicepresidente segundo de la SIP y presidente de la Comisi\u00f3n de Libertad de Prensa e Informaci\u00f3n de la entidad, se\u00f1al\u00f3 que \u00abla violencia de los grupos criminales, la inestabilidad pol\u00edtica y la inseguridad generalizada contin\u00faan impactando en todos los aspectos de la vida en el pa\u00eds. Es necesario que las autoridades realicen una investigaci\u00f3n exhaustiva para identificar a los responsables y procesarlos con todo el peso de la ley\u00bb, agreg\u00f3 el director editorial del diario\u00a0<em>La Voz del Interior<\/em>, de Argentina.Los pandilleros publicaron un video en las redes sociales en el que se atribuyeron la responsabilidad del ataque e indicaron que no hab\u00edan autorizado la reapertura del hospital, asegur\u00f3 un\u00a0<a href=\"https:\/\/constantcontact.us3.list-manage.com\/track\/click?u=5c5eb349e50f378f906bd020b&amp;id=06e76b6448&amp;e=ae751f2b48\" target=\"_blank\" rel=\"noreferrer noopener\">informe<\/a>.<br><br>El presidente interino de Hait\u00ed, Leslie Voltaire, expres\u00f3 sus condolencias a los familiares de las v\u00edctimas y en un discurso al pa\u00eds dijo que el ataque no quedar\u00e1 impune.Seg\u00fan los\u00a0<a href=\"https:\/\/constantcontact.us3.list-manage.com\/track\/click?u=5c5eb349e50f378f906bd020b&amp;id=4e8e3843bb&amp;e=ae751f2b48\" target=\"_blank\" rel=\"noreferrer noopener\">informes de la SIP<\/a>, los grupos criminales, que representan una amenaza constante para la prensa, operan con total impunidad ante un sistema de justicia disfuncional. <br><br>El 25 de marzo pasado, Nerval Pierre Viliat, periodista deportivo, falleci\u00f3 a causa de las heridas sufridas despu\u00e9s de ser alcanzado por una bala perdida durante un tiroteo entre la polic\u00eda y miembros de pandillas en el barrio capitalino de Delmas 19.En 2023, fueron asesinados tres periodistas: Paul Jean Marie, Ricot Jean y Dumesky Kersaint; en 2022, el a\u00f1o m\u00e1s feroz contra la prensa, fueron ultimados nueve: Francklin Tamar, Fritz Dorilas, Romelo Vilsaint, Wilguens Louissaint, Garry Tess, Frantzsen Charles, Tayson Lartigue, Maxihen Lazarre y Amady John Wesley.<br><br><em>La\u00a0<\/em><a href=\"https:\/\/constantcontact.us3.list-manage.com\/track\/click?u=5c5eb349e50f378f906bd020b&amp;id=cc41eae1f2&amp;e=ae751f2b48\" target=\"_blank\" rel=\"noreferrer noopener\"><em>SIP<\/em><\/a><em>\u00a0es una organizaci\u00f3n sin fines de lucro dedicada a defender y promover la libertad de prensa y expresi\u00f3n en las Am\u00e9ricas. Est\u00e1 integrada por m\u00e1s de 1.300 publicaciones del hemisferio occidental y tiene su sede en Miami, Florida, Estados Unid<\/em>os de Am\u00e9rica.<br><br><\/td><\/tr><\/tbody><\/table><figcaption class=\"wp-element-caption\">Sociedad Interamericana de Prensa<br>Sociedad Interamericana de Prensa (De tus contactos de Google)<br><a href=\"mailto:clauria@sipiapa.org\" target=\"_blank\" rel=\"noreferrer noopener\">clauria@sipiapa.org<\/a>De tus contactos de Google<br><br><br><br><br><br><br>A\u00f1adir a mis contactos<br><br><br><br>Enviar correo<br><br><br>Enviar mensaje<br><br><br>Iniciar videollamada<br><br><br>Programar evento<br><\/figcaption><\/figure>\n","protected":false},"excerpt":{"rendered":"<p>Miami (26 de diciembre de 2024) \u2013 La Sociedad Interamericana de Prensa (SIP) conden\u00f3 de manera en\u00e9rgica el asesinato de dos periodistas haitianos,\u00a0ocurrido el martes por la ma\u00f1ana en un ataque armado durante la reapertura del principal hospital p\u00fablico en la ciudad capital de Puerto Pr\u00edncipe, seg\u00fan\u00a0informes de prensa. En el ataque, atribuido a pandillas [&hellip;]<\/p>\n","protected":false},"author":28,"featured_media":585650,"comment_status":"closed","ping_status":"closed","sticky":true,"template":"","format":"standard","meta":{"footnotes":""},"categories":[23,27],"tags":[],"class_list":["post-585649","post","type-post","status-publish","format-standard","has-post-thumbnail","hentry","category-internacional","category-portada"],"_links":{"self":[{"href":"https:\/\/diariodominicano.com\/index.php?rest_route=\/wp\/v2\/posts\/585649","targetHints":{"allow":["GET"]}}],"collection":[{"href":"https:\/\/diariodominicano.com\/index.php?rest_route=\/wp\/v2\/posts"}],"about":[{"href":"https:\/\/diariodominicano.com\/index.php?rest_route=\/wp\/v2\/types\/post"}],"author":[{"embeddable":true,"href":"https:\/\/diariodominicano.com\/index.php?rest_route=\/wp\/v2\/users\/28"}],"replies":[{"embeddable":true,"href":"https:\/\/diariodominicano.com\/index.php?rest_route=%2Fwp%2Fv2%2Fcomments&post=585649"}],"version-history":[{"count":1,"href":"https:\/\/diariodominicano.com\/index.php?rest_route=\/wp\/v2\/posts\/585649\/revisions"}],"predecessor-version":[{"id":585651,"href":"https:\/\/diariodominicano.com\/index.php?rest_route=\/wp\/v2\/posts\/585649\/revisions\/585651"}],"wp:featuredmedia":[{"embeddable":true,"href":"https:\/\/diariodominicano.com\/index.php?rest_route=\/wp\/v2\/media\/585650"}],"wp:attachment":[{"href":"https:\/\/diariodominicano.com\/index.php?rest_route=%2Fwp%2Fv2%2Fmedia&parent=585649"}],"wp:term":[{"taxonomy":"category","embeddable":true,"href":"https:\/\/diariodominicano.com\/index.php?rest_route=%2Fwp%2Fv2%2Fcategories&post=585649"},{"taxonomy":"post_tag","embeddable":true,"href":"https:\/\/diariodominicano.com\/index.php?rest_route=%2Fwp%2Fv2%2Ftags&post=585649"}],"curies":[{"name":"wp","href":"https:\/\/api.w.org\/{rel}","templated":true}]}}