{"id":585630,"date":"2024-12-26T21:54:59","date_gmt":"2024-12-27T01:54:59","guid":{"rendered":"https:\/\/diariodominicano.com\/?p=585630"},"modified":"2024-12-26T21:58:13","modified_gmt":"2024-12-27T01:58:13","slug":"mirex-y-dga-firman-acuerdo-para-potenciar-las-exportaciones-y-eficientizar-procesos-administrativos-2","status":"publish","type":"post","link":"https:\/\/diariodominicano.com\/?p=585630","title":{"rendered":"MIREX Y DGA firman acuerdo para potenciar las exportaciones y eficientizar procesos administrativos"},"content":{"rendered":"\n<p>El director general de Aduanas, Eduardo Sanz Lovat\u00f3n y el canciller Roberto \u00c1lvarez.<\/p>\n\n\n\n<figure class=\"wp-block-image size-large\"><img loading=\"lazy\" decoding=\"async\" width=\"1024\" height=\"726\" src=\"https:\/\/diariodominicano.com\/wp-content\/uploads\/2024\/12\/Foto-2-1-1024x726.jpg\" alt=\"\" class=\"wp-image-585632\" srcset=\"https:\/\/diariodominicano.com\/wp-content\/uploads\/2024\/12\/Foto-2-1-1024x726.jpg 1024w, https:\/\/diariodominicano.com\/wp-content\/uploads\/2024\/12\/Foto-2-1-300x213.jpg 300w, https:\/\/diariodominicano.com\/wp-content\/uploads\/2024\/12\/Foto-2-1-768x544.jpg 768w, https:\/\/diariodominicano.com\/wp-content\/uploads\/2024\/12\/Foto-2-1-816x579.jpg 816w, https:\/\/diariodominicano.com\/wp-content\/uploads\/2024\/12\/Foto-2-1.jpg 1474w\" sizes=\"auto, (max-width: 1024px) 100vw, 1024px\" \/><\/figure>\n\n\n\n<p><strong>Santo Domingo de Guzm\u00e1n, R. D.-<\/strong>&nbsp;El Ministerio de Relaciones Exteriores (MIREX) y la Direcci\u00f3n General de Aduanas (DGA) firmaron un acuerdo de colaboraci\u00f3n interinstitucional para reforzar el trabajo de las misiones diplom\u00e1ticas y consulares en la gesti\u00f3n de oportunidades de exportaci\u00f3n, y ampliar el trabajo de la representaci\u00f3n comercial del pa\u00eds en el exterior.<\/p>\n\n\n\n<figure class=\"wp-block-image size-large\"><img loading=\"lazy\" decoding=\"async\" width=\"1024\" height=\"756\" src=\"https:\/\/diariodominicano.com\/wp-content\/uploads\/2024\/12\/Foto-1-El-director-general-de-Aduanas-Eduardo-Sanz-Lovaton-y-el-canciller-Roberto-Alvarez.-1-1024x756.jpg\" alt=\"\" class=\"wp-image-585633\" srcset=\"https:\/\/diariodominicano.com\/wp-content\/uploads\/2024\/12\/Foto-1-El-director-general-de-Aduanas-Eduardo-Sanz-Lovaton-y-el-canciller-Roberto-Alvarez.-1-1024x756.jpg 1024w, https:\/\/diariodominicano.com\/wp-content\/uploads\/2024\/12\/Foto-1-El-director-general-de-Aduanas-Eduardo-Sanz-Lovaton-y-el-canciller-Roberto-Alvarez.-1-300x221.jpg 300w, https:\/\/diariodominicano.com\/wp-content\/uploads\/2024\/12\/Foto-1-El-director-general-de-Aduanas-Eduardo-Sanz-Lovaton-y-el-canciller-Roberto-Alvarez.-1-768x567.jpg 768w, https:\/\/diariodominicano.com\/wp-content\/uploads\/2024\/12\/Foto-1-El-director-general-de-Aduanas-Eduardo-Sanz-Lovaton-y-el-canciller-Roberto-Alvarez.-1-816x602.jpg 816w, https:\/\/diariodominicano.com\/wp-content\/uploads\/2024\/12\/Foto-1-El-director-general-de-Aduanas-Eduardo-Sanz-Lovaton-y-el-canciller-Roberto-Alvarez.-1.jpg 1310w\" sizes=\"auto, (max-width: 1024px) 100vw, 1024px\" \/><\/figure>\n\n\n\n<p>El director general de Aduanas, Eduardo Sanz Lovat\u00f3n y el canciller Roberto \u00c1lvarez, tras la firma del acuerdo.<\/p>\n\n\n\n<p>El convenio, firmado por el canciller Roberto \u00c1lvarez y el director general de Aduanas, Eduardo Sanz Lovat\u00f3n, adem\u00e1s establece que ambas instituciones unir\u00e1n esfuerzos para continuar promoviendo a la Rep\u00fablica Dominicana como el principal\u00a0<em>hub<\/em>\u00a0log\u00edstico del Caribe y Centroam\u00e9rica, integrando transporte mar\u00edtimo, a\u00e9reo y terrestre para facilitar el comercio global.<\/p>\n\n\n\n<p>\u201cUno de los aspectos m\u00e1s relevantes de este acuerdo es el fortalecimiento del intercambio de informaci\u00f3n entre nuestras instituciones, permitiendo que el MIREX cuente con datos actualizados y precisos sobre el comercio internacional. Esto ser\u00e1 clave para nuestras misiones diplom\u00e1ticas en el exterior, que podr\u00e1n desempe\u00f1ar su labor con mayor efectividad, al tener acceso a informaci\u00f3n, en tiempo real con tan solo un clic, que apoyen a impulsar nuestras exportaciones e importaciones, a consolidarnos como un&nbsp;<em>hub<\/em>&nbsp;log\u00edstico en la regi\u00f3n y atraer nuevas inversiones\u201d, afirm\u00f3 el ministro \u00c1lvarez.<\/p>\n\n\n\n<p>De su lado, el director general de Aduanas expres\u00f3 que este acuerdo ser\u00e1 trascendental para promover, a trav\u00e9s de las representaciones diplom\u00e1ticas, al comercio dominicano, y c\u00f3mo el pa\u00eds se ha convertido, bajo la gesti\u00f3n que encabeza el presidente Luis Abinader, en un&nbsp;<em>hub&nbsp;<\/em>log\u00edstico de clase mundial, y en un ejemplo a seguir para otras aduanas del mundo.<\/p>\n\n\n\n<p>\u00abCuando nosotros inauguramos nuestra gesti\u00f3n, \u00e9ramos el 18 % de los ingresos del Estado, hoy somos el 25 % es estos, y hemos incrementado los hallazgos en todos los il\u00edcitos. Este acuerdo, se suma a las iniciativas como Exporta +, que cuenta ya con 109 empresas registradas\u201d, puntualiz\u00f3 Sanz Lovat\u00f3n.<\/p>\n\n\n\n<p>Mediante este acuerdo, el MIREX y la DGA trabajar\u00e1n en la automatizaci\u00f3n del proceso de solicitud de cruces transfronterizos hacia Hait\u00ed, eliminando la necesidad de desplazamiento de los solicitantes a la DGA. Tambi\u00e9n, se refuerza el compromiso de la Canciller\u00eda en canalizar capacitaci\u00f3n y formaci\u00f3n profesional internacional al personal de Aduanas, en \u00e1reas como: comercio exterior, control, fiscalizaci\u00f3n, seguridad y modernizaci\u00f3n aduanera, entre otros.<\/p>\n\n\n\n<p>Adem\u00e1s, servir\u00e1 para optimizar los procesos actuales de la Ventanilla \u00danica de Comercio Exterior (VUCE) para simplificar tr\u00e1mites, agilizar las gestiones y reducir significativamente los tiempos de respuesta en las distintas solicitudes.<\/p>\n\n\n\n<p>La firma de este acuerdo fue posible gracias al trabajo conjunto entre el Viceministerio para Asuntos Econ\u00f3micos y Cooperaci\u00f3n Internacional del Ministerio de Relaciones Exteriores (MIREX) y la Direcci\u00f3n General de Aduanas (DGA), cuyos representantes estuvieron presentes durante el acto protocolar.<\/p>\n\n\n\n<p>Katherine Paulino Disla<\/p>\n\n\n\n<p>Katherine Paulino Disla (De tus contactos de Google)<\/p>\n\n\n\n<p><a target=\"_blank\" href=\"mailto:katherine.paulino@newlink-group.com\" rel=\"noreferrer noopener\">katherine.paulino@newlink-group.com<\/a><\/p>\n\n\n\n<p><\/p>\n","protected":false},"excerpt":{"rendered":"<p>El director general de Aduanas, Eduardo Sanz Lovat\u00f3n y el canciller Roberto \u00c1lvarez. Santo Domingo de Guzm\u00e1n, R. D.-&nbsp;El Ministerio de Relaciones Exteriores (MIREX) y la Direcci\u00f3n General de Aduanas (DGA) firmaron un acuerdo de colaboraci\u00f3n interinstitucional para reforzar el trabajo de las misiones diplom\u00e1ticas y consulares en la gesti\u00f3n de oportunidades de exportaci\u00f3n, y [&hellip;]<\/p>\n","protected":false},"author":28,"featured_media":585631,"comment_status":"closed","ping_status":"closed","sticky":true,"template":"","format":"standard","meta":{"footnotes":""},"categories":[18],"tags":[],"class_list":["post-585630","post","type-post","status-publish","format-standard","has-post-thumbnail","hentry","category-economia"],"_links":{"self":[{"href":"https:\/\/diariodominicano.com\/index.php?rest_route=\/wp\/v2\/posts\/585630","targetHints":{"allow":["GET"]}}],"collection":[{"href":"https:\/\/diariodominicano.com\/index.php?rest_route=\/wp\/v2\/posts"}],"about":[{"href":"https:\/\/diariodominicano.com\/index.php?rest_route=\/wp\/v2\/types\/post"}],"author":[{"embeddable":true,"href":"https:\/\/diariodominicano.com\/index.php?rest_route=\/wp\/v2\/users\/28"}],"replies":[{"embeddable":true,"href":"https:\/\/diariodominicano.com\/index.php?rest_route=%2Fwp%2Fv2%2Fcomments&post=585630"}],"version-history":[{"count":3,"href":"https:\/\/diariodominicano.com\/index.php?rest_route=\/wp\/v2\/posts\/585630\/revisions"}],"predecessor-version":[{"id":585638,"href":"https:\/\/diariodominicano.com\/index.php?rest_route=\/wp\/v2\/posts\/585630\/revisions\/585638"}],"wp:featuredmedia":[{"embeddable":true,"href":"https:\/\/diariodominicano.com\/index.php?rest_route=\/wp\/v2\/media\/585631"}],"wp:attachment":[{"href":"https:\/\/diariodominicano.com\/index.php?rest_route=%2Fwp%2Fv2%2Fmedia&parent=585630"}],"wp:term":[{"taxonomy":"category","embeddable":true,"href":"https:\/\/diariodominicano.com\/index.php?rest_route=%2Fwp%2Fv2%2Fcategories&post=585630"},{"taxonomy":"post_tag","embeddable":true,"href":"https:\/\/diariodominicano.com\/index.php?rest_route=%2Fwp%2Fv2%2Ftags&post=585630"}],"curies":[{"name":"wp","href":"https:\/\/api.w.org\/{rel}","templated":true}]}}