{"id":585606,"date":"2024-12-26T21:13:29","date_gmt":"2024-12-27T01:13:29","guid":{"rendered":"https:\/\/diariodominicano.com\/?p=585606"},"modified":"2024-12-27T15:23:35","modified_gmt":"2024-12-27T19:23:35","slug":"trustage-celebra-la-navidad-junto-a-sus-principales-aliados-en-rd","status":"publish","type":"post","link":"https:\/\/diariodominicano.com\/?p=585606","title":{"rendered":"TruStage celebra la Navidad junto \u00a0a sus principales aliados en RD"},"content":{"rendered":"\n<p>Jos\u00e9 Ram\u00f3n Jim\u00e9nez, Eduard Fa\u00f1a, Persio Iv\u00e1n P\u00e9rez Guti\u00e9rrez, Gendry De La Rosa y Rub\u00e9n Bonilla.<\/p>\n\n\n\n<p>SANTO DOMINGO, RD. \u2013 TruStage, anteriormente conocida como CUNA Mutual, celebr\u00f3 sus tradicionales c\u00f3cteles de Navidad junto a sus principales aliados y colaboradores de Rep\u00fablica Dominicana, en un ambiente de camarader\u00eda y gratitud.<\/p>\n\n\n\n<p>Las actividades se llevaron a cabo en dos ubicaciones estrat\u00e9gicas: en la regi\u00f3n Norte, en la ciudad de Santiago de los Caballeros, y en el Distrito Nacional, abarcando las regiones Sur, Este y Metropolitana.<\/p>\n\n\n\n<figure class=\"wp-block-gallery has-nested-images columns-default is-cropped wp-block-gallery-1 is-layout-flex wp-block-gallery-is-layout-flex\">\n<figure class=\"wp-block-image size-large\"><img loading=\"lazy\" decoding=\"async\" width=\"929\" height=\"1024\" data-id=\"585798\" src=\"https:\/\/diariodominicano.com\/wp-content\/uploads\/2024\/12\/Marlenny-Rodriguez-Victor-Ynoa-Yessica-Hernandez-y-Estefania-Salcedo-Equipo-de-Negocios-y-Relaciones-Cooperativas-Trustage-Republica-Dominicana-929x1024.jpg\" alt=\"\" class=\"wp-image-585798\" srcset=\"https:\/\/diariodominicano.com\/wp-content\/uploads\/2024\/12\/Marlenny-Rodriguez-Victor-Ynoa-Yessica-Hernandez-y-Estefania-Salcedo-Equipo-de-Negocios-y-Relaciones-Cooperativas-Trustage-Republica-Dominicana-929x1024.jpg 929w, https:\/\/diariodominicano.com\/wp-content\/uploads\/2024\/12\/Marlenny-Rodriguez-Victor-Ynoa-Yessica-Hernandez-y-Estefania-Salcedo-Equipo-de-Negocios-y-Relaciones-Cooperativas-Trustage-Republica-Dominicana-272x300.jpg 272w, https:\/\/diariodominicano.com\/wp-content\/uploads\/2024\/12\/Marlenny-Rodriguez-Victor-Ynoa-Yessica-Hernandez-y-Estefania-Salcedo-Equipo-de-Negocios-y-Relaciones-Cooperativas-Trustage-Republica-Dominicana-768x846.jpg 768w, https:\/\/diariodominicano.com\/wp-content\/uploads\/2024\/12\/Marlenny-Rodriguez-Victor-Ynoa-Yessica-Hernandez-y-Estefania-Salcedo-Equipo-de-Negocios-y-Relaciones-Cooperativas-Trustage-Republica-Dominicana-816x899.jpg 816w, https:\/\/diariodominicano.com\/wp-content\/uploads\/2024\/12\/Marlenny-Rodriguez-Victor-Ynoa-Yessica-Hernandez-y-Estefania-Salcedo-Equipo-de-Negocios-y-Relaciones-Cooperativas-Trustage-Republica-Dominicana.jpg 1167w\" sizes=\"auto, (max-width: 929px) 100vw, 929px\" \/><figcaption class=\"wp-element-caption\">Marlenny Rodr\u00edguez, V\u00edctor Ynoa, Yessica Hernandez y Estefan\u00eda Salcedo, Equipo de Negocios y Relaciones Cooperativas Trustage Rep\u00fablica Dominicana <\/figcaption><\/figure>\n<\/figure>\n\n\n\n<p>V\u00edctor Ynoa, Francisco Campos y Rub\u00e9n Bonilla.<\/p>\n\n\n\n<p>Durante el evento, V\u00edctor Ynoa, supervisor de Ventas, comparti\u00f3 un resumen de los avances y resultados obtenidos por la empresa bajo su actual gesti\u00f3n, destacando el impacto positivo de las estrategias implementadas en el mercado dominicano.<\/p>\n\n\n\n<p>Asimismo, Rub\u00e9n Bonilla, director Regional para el Caribe Hispano, dirigi\u00f3 unas palabras motivadoras a los asistentes, donde expres\u00f3 su visi\u00f3n para el a\u00f1o 2025, subrayando el compromiso de TruStage con el crecimiento y fortalecimiento de las cooperativas en la regi\u00f3n.<\/p>\n\n\n\n<figure class=\"wp-block-gallery has-nested-images columns-default is-cropped wp-block-gallery-2 is-layout-flex wp-block-gallery-is-layout-flex\">\n<figure class=\"wp-block-image size-large\"><img loading=\"lazy\" decoding=\"async\" width=\"942\" height=\"645\" data-id=\"585797\" src=\"https:\/\/diariodominicano.com\/wp-content\/uploads\/2024\/12\/Jose-Ramon-Jimenez-Eduard-Fana-Persio-Ivan-Perez-Gutierrez-Gendry-De-La-Rosa-y-Ruben-Bonilla.png\" alt=\"\" class=\"wp-image-585797\" srcset=\"https:\/\/diariodominicano.com\/wp-content\/uploads\/2024\/12\/Jose-Ramon-Jimenez-Eduard-Fana-Persio-Ivan-Perez-Gutierrez-Gendry-De-La-Rosa-y-Ruben-Bonilla.png 942w, https:\/\/diariodominicano.com\/wp-content\/uploads\/2024\/12\/Jose-Ramon-Jimenez-Eduard-Fana-Persio-Ivan-Perez-Gutierrez-Gendry-De-La-Rosa-y-Ruben-Bonilla-300x205.png 300w, https:\/\/diariodominicano.com\/wp-content\/uploads\/2024\/12\/Jose-Ramon-Jimenez-Eduard-Fana-Persio-Ivan-Perez-Gutierrez-Gendry-De-La-Rosa-y-Ruben-Bonilla-768x526.png 768w, https:\/\/diariodominicano.com\/wp-content\/uploads\/2024\/12\/Jose-Ramon-Jimenez-Eduard-Fana-Persio-Ivan-Perez-Gutierrez-Gendry-De-La-Rosa-y-Ruben-Bonilla-816x559.png 816w\" sizes=\"auto, (max-width: 942px) 100vw, 942px\" \/><figcaption class=\"wp-element-caption\">Jos\u00e9 Ram\u00f3n Jim\u00e9nez, Eduard Fa\u00f1a, Persio Iv\u00e1n P\u00e9rez Guti\u00e9rrez, Gendry De La Rosa y Rub\u00e9n Bonilla <\/figcaption><\/figure>\n<\/figure>\n\n\n\n<p>La celebraci\u00f3n cont\u00f3 con la presencia de destacados ejecutivos y directores de las principales cooperativas de la Rep\u00fablica Dominicana, quienes compartieron junto al equipo de TruStage un brindis por los logros alcanzados y las metas futuras.<\/p>\n\n\n\n<p>Con estos eventos, TruStage reafirma su compromiso de seguir trabajando mano a mano con las cooperativas, fortaleciendo su relaci\u00f3n con los aliados estrat\u00e9gicos y aportando soluciones que generen un impacto positivo en el sector.<\/p>\n\n\n\n<p>La empresa aliada al cooperativismo se reuni\u00f3 con las principales cooperativas de ahorro y cr\u00e9dito del pa\u00eds.<\/p>\n\n\n\n<p>\u201cDurante los encuentros, la empresa tuvo la oportunidad de actualizar y compartir con sus aliados y amigos sobre el impacto positivo que ha logrado en las cooperativas y sus socios a lo largo de este 2024\u201d, se\u00f1alaron los directivos.<\/p>\n\n\n\n<p>Sobre TruStage<\/p>\n\n\n\n<p>Somos el proveedor l\u00edder de seguros y servicios financieros para las cooperativas de ahorro y cr\u00e9dito. Por m\u00e1s de 85 a\u00f1os, nos hemos dedicado a ofrecer soluciones de productos y servicios que cumplan con los retos y necesidades de las cooperativas de ahorro y cr\u00e9dito y sus socios.<\/p>\n\n\n\n<p>TruStage es el aliado de las cooperativas de cr\u00e9dito en Rep\u00fablica Dominicana y el Caribe.<\/p>\n\n\n\n<p>La empresa ofrece una variedad de soluciones flexibles que ayudan a los profesionales financieros, los l\u00edderes de las cooperativas de cr\u00e9dito, sus empleados y los miembros a los que sirven.<\/p>\n\n\n\n<p>William Aish <a href=\"mailto:williamaish@gmail.com\" target=\"_blank\" rel=\"noreferrer noopener\">williamaish@gmail.com<\/a> <\/p>\n","protected":false},"excerpt":{"rendered":"<p>Jos\u00e9 Ram\u00f3n Jim\u00e9nez, Eduard Fa\u00f1a, Persio Iv\u00e1n P\u00e9rez Guti\u00e9rrez, Gendry De La Rosa y Rub\u00e9n Bonilla. SANTO DOMINGO, RD. \u2013 TruStage, anteriormente conocida como CUNA Mutual, celebr\u00f3 sus tradicionales c\u00f3cteles de Navidad junto a sus principales aliados y colaboradores de Rep\u00fablica Dominicana, en un ambiente de camarader\u00eda y gratitud. Las actividades se llevaron a cabo [&hellip;]<\/p>\n","protected":false},"author":28,"featured_media":585799,"comment_status":"closed","ping_status":"closed","sticky":true,"template":"","format":"standard","meta":{"footnotes":""},"categories":[36,18],"tags":[],"class_list":["post-585606","post","type-post","status-publish","format-standard","has-post-thumbnail","hentry","category-hombresmujeresycosas","category-economia"],"_links":{"self":[{"href":"https:\/\/diariodominicano.com\/index.php?rest_route=\/wp\/v2\/posts\/585606","targetHints":{"allow":["GET"]}}],"collection":[{"href":"https:\/\/diariodominicano.com\/index.php?rest_route=\/wp\/v2\/posts"}],"about":[{"href":"https:\/\/diariodominicano.com\/index.php?rest_route=\/wp\/v2\/types\/post"}],"author":[{"embeddable":true,"href":"https:\/\/diariodominicano.com\/index.php?rest_route=\/wp\/v2\/users\/28"}],"replies":[{"embeddable":true,"href":"https:\/\/diariodominicano.com\/index.php?rest_route=%2Fwp%2Fv2%2Fcomments&post=585606"}],"version-history":[{"count":4,"href":"https:\/\/diariodominicano.com\/index.php?rest_route=\/wp\/v2\/posts\/585606\/revisions"}],"predecessor-version":[{"id":585801,"href":"https:\/\/diariodominicano.com\/index.php?rest_route=\/wp\/v2\/posts\/585606\/revisions\/585801"}],"wp:featuredmedia":[{"embeddable":true,"href":"https:\/\/diariodominicano.com\/index.php?rest_route=\/wp\/v2\/media\/585799"}],"wp:attachment":[{"href":"https:\/\/diariodominicano.com\/index.php?rest_route=%2Fwp%2Fv2%2Fmedia&parent=585606"}],"wp:term":[{"taxonomy":"category","embeddable":true,"href":"https:\/\/diariodominicano.com\/index.php?rest_route=%2Fwp%2Fv2%2Fcategories&post=585606"},{"taxonomy":"post_tag","embeddable":true,"href":"https:\/\/diariodominicano.com\/index.php?rest_route=%2Fwp%2Fv2%2Ftags&post=585606"}],"curies":[{"name":"wp","href":"https:\/\/api.w.org\/{rel}","templated":true}]}}