{"id":585603,"date":"2024-12-26T21:04:51","date_gmt":"2024-12-27T01:04:51","guid":{"rendered":"https:\/\/diariodominicano.com\/?p=585603"},"modified":"2024-12-26T21:04:56","modified_gmt":"2024-12-27T01:04:56","slug":"ataque-israeli-mata-a-cinco-periodistas-segun-canal-palestino","status":"publish","type":"post","link":"https:\/\/diariodominicano.com\/?p=585603","title":{"rendered":"Ataque israel\u00ed mata a cinco periodistas, seg\u00fan canal palestino"},"content":{"rendered":"\n<p>Familiares y partidarios de los israel\u00edes tomados como rehenes en Gaza asisten a una sentada para exigir un acuerdo inmediato para el regreso de todos los secuestrados en la plaza de rehenes frente al Ministerio de Defensa israel\u00ed en Tel Aviv, el 25 de diciembre de 2024.<\/p>\n\n\n\n<p>diciembre 26, 2024<\/p>\n\n\n\n<ul class=\"wp-block-list\">\n<li><a href=\"https:\/\/www.vozdeamerica.com\/author\/voz-de-america-redaccion\/p_kym\">Voz de Am\u00e9rica &#8211; Redacci\u00f3n<\/a><\/li>\n<\/ul>\n\n\n\n<ul class=\"wp-block-list\">\n<li><a href=\"https:\/\/facebook.com\/sharer.php?u=https%3a%2f%2fwww.vozdeamerica.com%2fa%2fataque-israeli-mata-a-cinco-periodistas-segun-canal-palestino%2f7914469.html\" target=\"_blank\" rel=\"noreferrer noopener\"><\/a><\/li>\n\n\n\n<li><a href=\"https:\/\/twitter.com\/share?url=https%3a%2f%2fwww.vozdeamerica.com%2fa%2fataque-israeli-mata-a-cinco-periodistas-segun-canal-palestino%2f7914469.html&amp;text=Ataque+israel%c3%ad+mata+a+cinco+periodistas%2c+seg%c3%ban+canal+palestino\" target=\"_blank\" rel=\"noreferrer noopener\"><\/a><\/li>\n\n\n\n<li><\/li>\n\n\n\n<li><a href=\"mailto:?body=https%3a%2f%2fwww.vozdeamerica.com%2fa%2fataque-israeli-mata-a-cinco-periodistas-segun-canal-palestino%2f7914469.html&amp;subject=Ataque%20israel%C3%AD%20mata%20a%20cinco%20periodistas,%20seg%C3%BAn%20canal%20palestino\"><\/a><\/li>\n<\/ul>\n\n\n\n<p><a href=\"https:\/\/www.vozdeamerica.com\/a\/ataque-israeli-mata-a-cinco-periodistas-segun-canal-palestino\/7914469.html#comments\">&nbsp;Vea comentarios<\/a><\/p>\n\n\n\n<p>Al menos cinco periodistas murieron en un ataque israel\u00ed en Gaza, seg\u00fan autoridades de salud palestinas. Los comunicadores pertenec\u00edan a un canal afiliado al grupo militante Jihad Isl\u00e1mica. Israel afirm\u00f3 que su ataque estaba dirigido a un veh\u00edculo que transportaba terroristas.<\/p>\n\n\n\n<p>Un ataque a\u00e9reo israel\u00ed mat\u00f3 a cinco periodistas en el campamento de Nuseirat, en el centro de Gaza, seg\u00fan informaron m\u00e9dicos palestinos el jueves por la ma\u00f1ana.<\/p>\n\n\n\n<p>El canal de televisi\u00f3n Al-Quds Today, afiliado al grupo militante Jihad Isl\u00e1mica, dijo en un comunicado que el ataque alcanz\u00f3 a un cami\u00f3n de transmisi\u00f3n y mat\u00f3 a cinco de sus empleados.<\/p>\n\n\n\n<p>El canal dijo que el grupo muri\u00f3 \u00abmientras cumpl\u00eda con su deber period\u00edstico y humanitario\u00bb.<\/p>\n\n\n\n<p>El ej\u00e9rcito israel\u00ed dijo que sus fuerzas atacaron un veh\u00edculo que transportaba a terroristas de Jihad Isl\u00e1mica en la zona de Nuseirat.<\/p>\n\n\n\n<p><a href=\"https:\/\/www.vozdeamerica.com\/a\/reporte-104-periodistas-fueron-asesinados-este-anio\/7896165.html\"><\/a><\/p>\n\n\n\n<p><a href=\"https:\/\/www.vozdeamerica.com\/a\/reporte-104-periodistas-fueron-asesinados-este-anio\/7896165.html\">Tambi\u00e9n lea<\/a><\/p>\n\n\n\n<h4 class=\"wp-block-heading\"><a href=\"https:\/\/www.vozdeamerica.com\/a\/reporte-104-periodistas-fueron-asesinados-este-anio\/7896165.html\">Reporte: 104 periodistas fueron asesinados este a\u00f1o<\/a><\/h4>\n\n\n\n<p>Una ni\u00f1a muri\u00f3 congelada en el sur de Gaza, dijo el mi\u00e9rcoles el jefe del Ministerio de Salud del enclave. La reci\u00e9n nacida es al menos el tercer beb\u00e9 que muere en los \u00faltimos d\u00edas a causa del fr\u00edo.<\/p>\n\n\n\n<p>El padre de la ni\u00f1a, Mahmoud al-Faseeh, dijo a The Associated Press que la hab\u00eda envuelto en una manta para tratar de mantenerla caliente en la tienda de campa\u00f1a de la familia en el campamento de al-Muwasi, en las afueras de Khan Younis.<\/p>\n\n\n\n<p>\u00abDurante la noche hac\u00eda mucho fr\u00edo y, como adultos, ni siquiera pod\u00edamos soportarlo. No pod\u00edamos mantenernos calientes\u00bb, dijo. La beb\u00e9 Sila se despert\u00f3 llorando tres veces durante la noche. Por la ma\u00f1ana, \u00abestaba como madera\u00bb, dijo. La llevaron r\u00e1pidamente a un hospital de campa\u00f1a, pero no sobrevivi\u00f3.<\/p>\n\n\n\n<p>Sila \u00abmuri\u00f3 de fr\u00edo\u00bb, dijo su madre, Nariman, a CNN el mi\u00e9rcoles. \u00abLa estaba calentando y sosteniendo. Pero&#8230; [nosotros] no ten\u00edamos ropa extra para calentar a esta ni\u00f1a\u00bb. La temperatura m\u00ednima durante la noche fue de 9 grados Celsius, y su tienda de campa\u00f1a no proteg\u00eda del viento, dijo Mahmood al-Faseeh.<\/p>\n\n\n\n<p>El Dr. Ahmed Al-Farra, director de la sala de ni\u00f1os del Hospital Nasser en Khan Younis, confirm\u00f3 que la beb\u00e9 muri\u00f3 de hipotermia, al igual que otras dos, ambas de menos de un mes, en los \u00faltimos dos d\u00edas.<\/p>\n\n\n\n<p><a href=\"https:\/\/www.vozdeamerica.com\/a\/el-alto-al-fuego-entre-israel-y-hamas-ahora-es-mas-probable-dice-un-funcionario-de-seguridad-de-ee-uu-\/7883908.html\"><\/a><\/p>\n\n\n\n<p><a href=\"https:\/\/www.vozdeamerica.com\/a\/el-alto-al-fuego-entre-israel-y-hamas-ahora-es-mas-probable-dice-un-funcionario-de-seguridad-de-ee-uu-\/7883908.html\">Tambi\u00e9n lea<\/a><\/p>\n\n\n\n<h4 class=\"wp-block-heading\"><a href=\"https:\/\/www.vozdeamerica.com\/a\/el-alto-al-fuego-entre-israel-y-hamas-ahora-es-mas-probable-dice-un-funcionario-de-seguridad-de-ee-uu-\/7883908.html\">El alto al fuego entre Israel y Ham\u00e1s ahora es \u201cm\u00e1s probable\u201d, asegura funcionario de EEUU<\/a><\/h4>\n\n\n\n<p>Seg\u00fan The Associated Press, Israel est\u00e1 permitiendo que ingrese m\u00e1s ayuda a Gaza: un promedio de 130 camiones por d\u00eda en diciembre, frente a los 70 de octubre y noviembre. Antes de la guerra, entraban diariamente unos 500 camiones.<\/p>\n\n\n\n<p>Los militantes de Ham\u00e1s mataron a 1.200 personas en&nbsp;<em><strong><a href=\"https:\/\/www.vozdeamerica.com\/a\/hamas-ataca-israel-y-netanyahu-dice-que-su-pais-esta-en-guerra-\/7300864.html\" target=\"_blank\" rel=\"noreferrer noopener\">su ataque de octubre de 2023<\/a><\/strong><\/em>&nbsp;contra el sur de Israel y tomaron como rehenes a otras 250. Todav\u00eda hay alrededor de 100 rehenes retenidos en Gaza, aunque se cree que al menos un tercio est\u00e1 muerto.<\/p>\n\n\n\n<p>La contraofensiva de Israel en Gaza ha matado a m\u00e1s de 45.300 personas, seg\u00fan el Ministerio de Salud de Gaza. El ministerio no diferencia entre civiles y combatientes en su recuento.<\/p>\n\n\n\n<p>Estados Unidos, el Reino Unido, la Uni\u00f3n Europea y otros han designado a Ham\u00e1s como un grupo terrorista.<\/p>\n\n\n\n<p><em>[Con informaci\u00f3n de The Associated Press, Agence France-Presse y Reuters]<\/em><\/p>\n","protected":false},"excerpt":{"rendered":"<p>Familiares y partidarios de los israel\u00edes tomados como rehenes en Gaza asisten a una sentada para exigir un acuerdo inmediato para el regreso de todos los secuestrados en la plaza de rehenes frente al Ministerio de Defensa israel\u00ed en Tel Aviv, el 25 de diciembre de 2024. diciembre 26, 2024 &nbsp;Vea comentarios Al menos cinco [&hellip;]<\/p>\n","protected":false},"author":28,"featured_media":585604,"comment_status":"closed","ping_status":"closed","sticky":true,"template":"","format":"standard","meta":{"footnotes":""},"categories":[23],"tags":[],"class_list":["post-585603","post","type-post","status-publish","format-standard","has-post-thumbnail","hentry","category-internacional"],"_links":{"self":[{"href":"https:\/\/diariodominicano.com\/index.php?rest_route=\/wp\/v2\/posts\/585603","targetHints":{"allow":["GET"]}}],"collection":[{"href":"https:\/\/diariodominicano.com\/index.php?rest_route=\/wp\/v2\/posts"}],"about":[{"href":"https:\/\/diariodominicano.com\/index.php?rest_route=\/wp\/v2\/types\/post"}],"author":[{"embeddable":true,"href":"https:\/\/diariodominicano.com\/index.php?rest_route=\/wp\/v2\/users\/28"}],"replies":[{"embeddable":true,"href":"https:\/\/diariodominicano.com\/index.php?rest_route=%2Fwp%2Fv2%2Fcomments&post=585603"}],"version-history":[{"count":1,"href":"https:\/\/diariodominicano.com\/index.php?rest_route=\/wp\/v2\/posts\/585603\/revisions"}],"predecessor-version":[{"id":585605,"href":"https:\/\/diariodominicano.com\/index.php?rest_route=\/wp\/v2\/posts\/585603\/revisions\/585605"}],"wp:featuredmedia":[{"embeddable":true,"href":"https:\/\/diariodominicano.com\/index.php?rest_route=\/wp\/v2\/media\/585604"}],"wp:attachment":[{"href":"https:\/\/diariodominicano.com\/index.php?rest_route=%2Fwp%2Fv2%2Fmedia&parent=585603"}],"wp:term":[{"taxonomy":"category","embeddable":true,"href":"https:\/\/diariodominicano.com\/index.php?rest_route=%2Fwp%2Fv2%2Fcategories&post=585603"},{"taxonomy":"post_tag","embeddable":true,"href":"https:\/\/diariodominicano.com\/index.php?rest_route=%2Fwp%2Fv2%2Ftags&post=585603"}],"curies":[{"name":"wp","href":"https:\/\/api.w.org\/{rel}","templated":true}]}}