{"id":585598,"date":"2024-12-26T20:45:34","date_gmt":"2024-12-27T00:45:34","guid":{"rendered":"https:\/\/diariodominicano.com\/?p=585598"},"modified":"2024-12-26T20:45:39","modified_gmt":"2024-12-27T00:45:39","slug":"panameno-mulino-pedira-a-trump-mantener-apoyo-economico-ante-crisis-migratoria-en-darien","status":"publish","type":"post","link":"https:\/\/diariodominicano.com\/?p=585598","title":{"rendered":"Paname\u00f1o Mulino pedir\u00e1 a Trump mantener apoyo econ\u00f3mico ante crisis migratoria en Dari\u00e9n"},"content":{"rendered":"\n<p>diciembre 26, 2024<\/p>\n\n\n\n<ul class=\"wp-block-list\">\n<li><a href=\"https:\/\/www.vozdeamerica.com\/author\/milagro-vallecillos\/jjmvp\">Milagro Vallecillos<\/a><\/li>\n<\/ul>\n\n\n\n<ul class=\"wp-block-list\">\n<li><a href=\"https:\/\/facebook.com\/sharer.php?u=https%3a%2f%2fwww.vozdeamerica.com%2fa%2fmulino-pedira-a-trump-mantener-apoyo-a-crisis-darien%2f7915195.html\" target=\"_blank\" rel=\"noreferrer noopener\"><\/a><\/li>\n\n\n\n<li><a href=\"https:\/\/twitter.com\/share?url=https%3a%2f%2fwww.vozdeamerica.com%2fa%2fmulino-pedira-a-trump-mantener-apoyo-a-crisis-darien%2f7915195.html&amp;text=Paname%c3%b1o+Mulino+pedir%c3%a1+a+Trump+mantener+apoyo+econ%c3%b3mico+ante+crisis+migratoria+en+Dari%c3%a9n\" target=\"_blank\" rel=\"noreferrer noopener\"><\/a><\/li>\n\n\n\n<li><\/li>\n\n\n\n<li><a href=\"mailto:?body=https%3a%2f%2fwww.vozdeamerica.com%2fa%2fmulino-pedira-a-trump-mantener-apoyo-a-crisis-darien%2f7915195.html&amp;subject=Paname%C3%B1o%20Mulino%20pedir%C3%A1%20a%20Trump%20mantener%20apoyo%20econ%C3%B3mico%20ante%20crisis%20migratoria%20en%20Dari%C3%A9n\"><\/a><\/li>\n<\/ul>\n\n\n\n<p><a href=\"https:\/\/www.vozdeamerica.com\/a\/mulino-pedira-a-trump-mantener-apoyo-a-crisis-darien\/7915195.html#comments\">&nbsp;Vea comentarios<\/a><\/p>\n\n\n\n<p>El presidente paname\u00f1o Jos\u00e9 Ra\u00fal Mulino pedir\u00e1 al gobierno de Donald Trump mantener la ayuda econ\u00f3mica para hacer frente a la crisis migratoria en el Dari\u00e9n. Dijo que no asistir\u00e1 a su investidura y se mostr\u00f3 sorprendido por designaci\u00f3n de nuevo embajador.<\/p>\n\n\n\n<p>CIUDAD DE PANAM\u00c1 \u2014&nbsp;<\/p>\n\n\n\n<p>El presidente de Panam\u00e1, Jos\u00e9 Ra\u00fal Mulino, dijo el jueves que solicitar\u00e1 al gobierno de Donald Trump, a cuya pr\u00f3xima investidura no asistir\u00e1, que mantenga su apoyo econ\u00f3mico para hacer frente a la crisis migratoria en la selva del Dari\u00e9n.<\/p>\n\n\n\n<p>Adem\u00e1s, afirm\u00f3 sentirse&nbsp;<em><strong><a href=\"https:\/\/www.vozdeamerica.com\/a\/trump-nomina-a-funcionario-de-florida-como-nuevo-embajador-en-panama\/7914463.html?withmediaplayer=1\" target=\"_blank\" rel=\"noreferrer noopener\">sorprendido por la designaci\u00f3n de Kevin Marino Cabrera<\/a><\/strong><\/em>, de 34 a\u00f1os de edad, como pr\u00f3ximo embajador de Estados Unidos en Panam\u00e1.<\/p>\n\n\n\n<p>\u201cVi lo del muchacho embajador. Es menor que mi hijo, me sorprendi\u00f3. No tengo nada que decir, cuando llegue el momento de evaluar su benepl\u00e1cito podr\u00e9 enterarme un poco m\u00e1s de su trayectoria y eso toma algunos meses porque all\u00e1 los embajadores son ratificados por el Senado\u201d.<\/p>\n\n\n\n<p>Mulino insisti\u00f3 en que un tema prioritario para ambos pa\u00edses es la crisis en el Dari\u00e9n, frontera entre Panam\u00e1 y Colombia, por lo que pedir\u00e1 la continuaci\u00f3n del memor\u00e1ndum de entendimiento para financiar los vuelos de repatriaci\u00f3n de inmigrantes irregulares que cruzan la peligrosa selva.<\/p>\n\n\n\n<p>\u201cA m\u00ed me interesa saber si van a mantener el apoyo econ\u00f3mico al proceso del memor\u00e1ndum de entendimiento que firmamos el 1 de julio. Panam\u00e1 requiere m\u00e1s apoyo por los costos que el problema en Dari\u00e9n representa en nuestras finanzas\u201d, manifest\u00f3 el mandatario.<\/p>\n\n\n\n<p>En conversaci\u00f3n con periodistas, dijo que no asistir\u00e1 a la investidura del segundo mandato de Trump, programada para el pr\u00f3ximo 20 de enero, porque no ha recibido una invitaci\u00f3n oficial y porque, adem\u00e1s, participar\u00e1 en el Foro Econ\u00f3mico Mundial que se celebrar\u00e1 en Davos, Suiza, del 20 al 24 de enero de 2025.<\/p>\n\n\n\n<p>\u201cNo he sido invitado que yo sepa, y yo no voy a ir porque ese d\u00eda yo me tengo que ir para Davos en Suiza a la conferencia mundial que tiene que ver con posibilidades de inversi\u00f3n y atracci\u00f3n de inversi\u00f3n hacia Panam\u00e1 de importantes empresas que van a estar en esa conferencia del World Economic Forum en Davos\u201d, afirm\u00f3.<\/p>\n\n\n\n<h3 class=\"wp-block-heading\">No hay soldados chinos en el Canal de Panam\u00e1<\/h3>\n\n\n\n<figure class=\"wp-block-image\"><img decoding=\"async\" src=\"https:\/\/gdb.voanews.com\/9289554b-6e03-4f4b-bda9-a8e72e5830cc_tv_w650_r1.jpg\" alt=\"Presidente de Panam\u00e1 desmiente presencia de militares chinos en el Canal de Panam\u00e1\" title=\"Presidente de Panam\u00e1 desmiente presencia de militares chinos en el Canal de Panam\u00e1\"\/><\/figure>\n\n\n\n<p><video poster=\"https:\/\/gdb.voanews.com\/9289554b-6e03-4f4b-bda9-a8e72e5830cc_tv_w650_r1.jpg\" src=\"blob:https:\/\/www.vozdeamerica.com\/aaf16b6d-9956-4639-a557-261ae099c616\" height=\"381\" width=\"676\"><\/video><\/p>\n\n\n\n<h5 class=\"wp-block-heading\"><a href=\"https:\/\/www.vozdeamerica.com\/a\/mulino-pedira-a-trump-mantener-apoyo-a-crisis-darien\/7915009.html\" target=\"_blank\" rel=\"noreferrer noopener\">Presidente de Panam\u00e1 desmiente presencia de militares chinos en el Canal de Panam\u00e1<\/a><\/h5>\n\n\n\n<p>\u00a0<\/p>\n\n\n\n<ul class=\"wp-block-list\">\n<li><a href=\"https:\/\/facebook.com\/sharer.php?u=https%3a%2f%2fwww.vozdeamerica.com%2fa%2f7915009.html\" target=\"_blank\" rel=\"noreferrer noopener\">Comparta en Facebook<\/a><\/li>\n\n\n\n<li><a href=\"https:\/\/twitter.com\/share?url=https%3a%2f%2fwww.vozdeamerica.com%2fa%2f7915009.html&amp;text=Presidente+de+Panam%c3%a1+desmiente+presencia+de+militares+chinos+en+el+Canal+de+Panam%c3%a1\" target=\"_blank\" rel=\"noreferrer noopener\">Comparta en Twitter<\/a><\/li>\n<\/ul>\n\n\n\n<hr class=\"wp-block-separator has-alpha-channel-opacity\"\/>\n\n\n\n<p><a href=\"https:\/\/www.vozdeamerica.com\/embed\/player\/Article\/7915009.html?type=video&amp;FullScreenMode=True\" target=\"_blank\" rel=\"noreferrer noopener\"><\/a><\/p>\n\n\n\n<p>&nbsp;Descargar&nbsp;<\/p>\n\n\n\n<p>Mulino,&nbsp;<strong><em><a href=\"https:\/\/www.vozdeamerica.com\/a\/presidente-panama-niega-haya-soldados-de-china-en-el-canal-en-respuesta-a-trump\/7914670.html?withmediaplayer=1\" target=\"_blank\" rel=\"noreferrer noopener\">neg\u00f3 tambi\u00e9n que haya soldados chinos en el canal&nbsp;<\/a><\/em><\/strong>que atraviesa el pa\u00eds centroamericano, y reiter\u00f3 que no hay injerencia ni participaci\u00f3n del pa\u00eds asi\u00e1tico en la v\u00eda comercial interoce\u00e1nica.<\/p>\n\n\n\n<p>En una publicaci\u00f3n en la red Truth Social el mi\u00e9rcoles, el presidente electo de Estados Unidos, Donald Trump, acus\u00f3 a soldados chinos de operar ilegalmente el canal<\/p>\n\n\n\n<p>\u201cNo hay ni un solo soldado chino en el Canal, por Dios. Eso es un sinsentido\u201d, declar\u00f3 Mulino.<\/p>\n\n\n\n<p>Adem\u00e1s, Mulino reafirm\u00f3 que no existe margen para renegociar la soberan\u00eda del Canal de Panam\u00e1, un tema hist\u00f3ricamente sensible para los paname\u00f1os.<\/p>\n\n\n\n<p>En los \u00faltimos d\u00edas, Trump<strong>&nbsp;<a href=\"https:\/\/www.vozdeamerica.com\/a\/declaraciones-trump-sobre-canal-panama-generan-indignacion-entre-panamenos-\/7911599.html\" target=\"_blank\" rel=\"noreferrer noopener\">ha amenazado con que Estados Unidos recupere el control sobre el canal<\/a><\/strong>, que administr\u00f3 durante d\u00e9cadas, con el argumento de que sus autoridades est\u00e1n \u00abestafando\u00bb a los buques estadounidenses que lo cruzan.<\/p>\n","protected":false},"excerpt":{"rendered":"<p>diciembre 26, 2024 &nbsp;Vea comentarios El presidente paname\u00f1o Jos\u00e9 Ra\u00fal Mulino pedir\u00e1 al gobierno de Donald Trump mantener la ayuda econ\u00f3mica para hacer frente a la crisis migratoria en el Dari\u00e9n. Dijo que no asistir\u00e1 a su investidura y se mostr\u00f3 sorprendido por designaci\u00f3n de nuevo embajador. CIUDAD DE PANAM\u00c1 \u2014&nbsp; El presidente de Panam\u00e1, [&hellip;]<\/p>\n","protected":false},"author":28,"featured_media":585599,"comment_status":"closed","ping_status":"closed","sticky":true,"template":"","format":"standard","meta":{"footnotes":""},"categories":[23],"tags":[],"class_list":["post-585598","post","type-post","status-publish","format-standard","has-post-thumbnail","hentry","category-internacional"],"_links":{"self":[{"href":"https:\/\/diariodominicano.com\/index.php?rest_route=\/wp\/v2\/posts\/585598","targetHints":{"allow":["GET"]}}],"collection":[{"href":"https:\/\/diariodominicano.com\/index.php?rest_route=\/wp\/v2\/posts"}],"about":[{"href":"https:\/\/diariodominicano.com\/index.php?rest_route=\/wp\/v2\/types\/post"}],"author":[{"embeddable":true,"href":"https:\/\/diariodominicano.com\/index.php?rest_route=\/wp\/v2\/users\/28"}],"replies":[{"embeddable":true,"href":"https:\/\/diariodominicano.com\/index.php?rest_route=%2Fwp%2Fv2%2Fcomments&post=585598"}],"version-history":[{"count":1,"href":"https:\/\/diariodominicano.com\/index.php?rest_route=\/wp\/v2\/posts\/585598\/revisions"}],"predecessor-version":[{"id":585600,"href":"https:\/\/diariodominicano.com\/index.php?rest_route=\/wp\/v2\/posts\/585598\/revisions\/585600"}],"wp:featuredmedia":[{"embeddable":true,"href":"https:\/\/diariodominicano.com\/index.php?rest_route=\/wp\/v2\/media\/585599"}],"wp:attachment":[{"href":"https:\/\/diariodominicano.com\/index.php?rest_route=%2Fwp%2Fv2%2Fmedia&parent=585598"}],"wp:term":[{"taxonomy":"category","embeddable":true,"href":"https:\/\/diariodominicano.com\/index.php?rest_route=%2Fwp%2Fv2%2Fcategories&post=585598"},{"taxonomy":"post_tag","embeddable":true,"href":"https:\/\/diariodominicano.com\/index.php?rest_route=%2Fwp%2Fv2%2Ftags&post=585598"}],"curies":[{"name":"wp","href":"https:\/\/api.w.org\/{rel}","templated":true}]}}