{"id":585590,"date":"2024-12-26T20:37:22","date_gmt":"2024-12-27T00:37:22","guid":{"rendered":"https:\/\/diariodominicano.com\/?p=585590"},"modified":"2024-12-26T20:37:26","modified_gmt":"2024-12-27T00:37:26","slug":"peru-declara-emergencia-ambiental-por-derrame-de-crudo-de-estatal-petroperu-en-zona-costera","status":"publish","type":"post","link":"https:\/\/diariodominicano.com\/?p=585590","title":{"rendered":"Per\u00fa declara emergencia ambiental por derrame de crudo de estatal Petroper\u00fa en zona costera"},"content":{"rendered":"\n<p>Aves y fauna marina fueron afectadas por la contaminaci\u00f3n de las aguas en la playa Las Capullanas, Talara, en el noroeste de Per\u00fa, ocurrido el 21 de diciembre de 2024. [Foto: Cortes\u00eda Ministerio P\u00fablico]<\/p>\n\n\n\n<p>diciembre 26, 2024<\/p>\n\n\n\n<ul class=\"wp-block-list\">\n<li><a href=\"https:\/\/www.vozdeamerica.com\/author\/reuters\/riv_i\">Reuters<\/a><\/li>\n<\/ul>\n\n\n\n<ul class=\"wp-block-list\">\n<li><a href=\"https:\/\/facebook.com\/sharer.php?u=https%3a%2f%2fwww.vozdeamerica.com%2fa%2fperu-emergencia-ambiental-por-derrame-de-crudo-de-estatal-petroperu-en-zona-costera%2f7914955.html\" target=\"_blank\" rel=\"noreferrer noopener\"><\/a><\/li>\n\n\n\n<li><a href=\"https:\/\/twitter.com\/share?url=https%3a%2f%2fwww.vozdeamerica.com%2fa%2fperu-emergencia-ambiental-por-derrame-de-crudo-de-estatal-petroperu-en-zona-costera%2f7914955.html&amp;text=Per%c3%ba+declara+emergencia+ambiental+por+derrame+de+crudo+de+estatal+Petroper%c3%ba+en+zona+costera\" target=\"_blank\" rel=\"noreferrer noopener\"><\/a><\/li>\n\n\n\n<li><\/li>\n\n\n\n<li><a href=\"mailto:?body=https%3a%2f%2fwww.vozdeamerica.com%2fa%2fperu-emergencia-ambiental-por-derrame-de-crudo-de-estatal-petroperu-en-zona-costera%2f7914955.html&amp;subject=Per%C3%BA%20declara%20emergencia%20ambiental%20por%20derrame%20de%20crudo%20de%20estatal%20Petroper%C3%BA%20en%20zona%20costera\"><\/a><\/li>\n<\/ul>\n\n\n\n<p><a href=\"https:\/\/www.vozdeamerica.com\/a\/peru-emergencia-ambiental-por-derrame-de-crudo-de-estatal-petroperu-en-zona-costera\/7914955.html#comments\">&nbsp;Vea comentarios<\/a><\/p>\n\n\n\n<p>Casi una semana despu\u00e9s de que un derrame de petr\u00f3leo afect\u00f3 parte de la costa noroeste de Per\u00fa, el gobierno declar\u00f3 en emergencia ambiental la zona. Flora y fauna del lugar, adem\u00e1s de las actividades de pesca artesanal, fueron afectadas.<\/p>\n\n\n\n<p>El gobierno de Per\u00fa declar\u00f3 en emergencia ambiental en una zona donde se produjo&nbsp;<strong><em><a href=\"https:\/\/www.vozdeamerica.com\/a\/derrame-de-petroleo-afecta-parte-de-costa-noroeste-de-peru\/7912058.html\" target=\"_blank\" rel=\"noreferrer noopener\">un derrame de crudo de la petrolera estatal Petroper\u00fa<\/a><\/em><\/strong>, que ha afectado la fauna y al menos siete playas en el norte del pa\u00eds, dijo el jueves el ministerio del Ambiente.<\/p>\n\n\n\n<p>El derrame ocurri\u00f3 el \u00faltimo fin de la semana durante unas maniobras en el embarque de crudo de la refiner\u00eda Talara, en la regi\u00f3n de Piura, afectando aproximadamente unos 10.000 metros cuadrados de agua superficial de mar, dijo recientemente el ente fiscalizador ambiental (OEFA) en un reporte preliminar.<\/p>\n\n\n\n<p>El Ministerio del Ambiente afirm\u00f3 en un comunicado que la emergencia por 90 d\u00edas tiene como objetivo \u00abgarantizar el manejo sostenible del \u00e1rea y la ejecuci\u00f3n de trabajos de recuperaci\u00f3n y remediaci\u00f3n que permitan mitigar la contaminaci\u00f3n ambiental\u00bb.<\/p>\n\n\n\n<p>Autoridades de la zona han denunciado que la vertiente lleg\u00f3 a playas y da\u00f1\u00b4\u00b4o la flora y fauna como cangrejos. Pescadores artesanales afirman asimismo que tambi\u00e9n han sido afectados.<\/p>\n\n\n\n<p><a href=\"https:\/\/www.vozdeamerica.com\/a\/derrame-de-petroleo-afecta-parte-de-costa-noroeste-de-peru\/7912058.html\"><\/a><\/p>\n\n\n\n<p><a href=\"https:\/\/www.vozdeamerica.com\/a\/derrame-de-petroleo-afecta-parte-de-costa-noroeste-de-peru\/7912058.html\">Tambi\u00e9n lea<\/a><\/p>\n\n\n\n<h4 class=\"wp-block-heading\"><a href=\"https:\/\/www.vozdeamerica.com\/a\/derrame-de-petroleo-afecta-parte-de-costa-noroeste-de-peru\/7912058.html\">Derrame de petr\u00f3leo afecta parte de costa noroeste de Per\u00fa<\/a><\/h4>\n\n\n\n<p>\u00abYa tenemos seis d\u00edas sin salir, mis hermanos pescadores. Es un caos lo que ha sucedido en Lobitos. Hasta ahorita no tenemos ninguna respuesta sobre esta compa\u00f1\u00eda petrolera\u00bb, dijo el pescador artesanal Mart\u00edn Pasos, a la radio local RPP.<\/p>\n\n\n\n<p>Petroper\u00fa dijo el mi\u00e9rcoles que despleg\u00f3 desde el momento del derrame brigadas de limpieza y coordina con el gremio de pescadores y autoridades acciones para que poder continuar con normalidad las actividades econ\u00f3micas y tur\u00edsticas en la zona.<\/p>\n\n\n\n<p>La empresa, en un comunicado, dijo adem\u00e1s que mantiene a su personal de limpieza en la zona de playa afectada y que con embarcaciones y drones \u00abrealizan monitoreos preventivos para garantizar la detecci\u00f3n temprana de cualquier eventualidad\u00bb.<\/p>\n","protected":false},"excerpt":{"rendered":"<p>Aves y fauna marina fueron afectadas por la contaminaci\u00f3n de las aguas en la playa Las Capullanas, Talara, en el noroeste de Per\u00fa, ocurrido el 21 de diciembre de 2024. [Foto: Cortes\u00eda Ministerio P\u00fablico] diciembre 26, 2024 &nbsp;Vea comentarios Casi una semana despu\u00e9s de que un derrame de petr\u00f3leo afect\u00f3 parte de la costa noroeste [&hellip;]<\/p>\n","protected":false},"author":28,"featured_media":585591,"comment_status":"closed","ping_status":"closed","sticky":true,"template":"","format":"standard","meta":{"footnotes":""},"categories":[23],"tags":[],"class_list":["post-585590","post","type-post","status-publish","format-standard","has-post-thumbnail","hentry","category-internacional"],"_links":{"self":[{"href":"https:\/\/diariodominicano.com\/index.php?rest_route=\/wp\/v2\/posts\/585590","targetHints":{"allow":["GET"]}}],"collection":[{"href":"https:\/\/diariodominicano.com\/index.php?rest_route=\/wp\/v2\/posts"}],"about":[{"href":"https:\/\/diariodominicano.com\/index.php?rest_route=\/wp\/v2\/types\/post"}],"author":[{"embeddable":true,"href":"https:\/\/diariodominicano.com\/index.php?rest_route=\/wp\/v2\/users\/28"}],"replies":[{"embeddable":true,"href":"https:\/\/diariodominicano.com\/index.php?rest_route=%2Fwp%2Fv2%2Fcomments&post=585590"}],"version-history":[{"count":1,"href":"https:\/\/diariodominicano.com\/index.php?rest_route=\/wp\/v2\/posts\/585590\/revisions"}],"predecessor-version":[{"id":585592,"href":"https:\/\/diariodominicano.com\/index.php?rest_route=\/wp\/v2\/posts\/585590\/revisions\/585592"}],"wp:featuredmedia":[{"embeddable":true,"href":"https:\/\/diariodominicano.com\/index.php?rest_route=\/wp\/v2\/media\/585591"}],"wp:attachment":[{"href":"https:\/\/diariodominicano.com\/index.php?rest_route=%2Fwp%2Fv2%2Fmedia&parent=585590"}],"wp:term":[{"taxonomy":"category","embeddable":true,"href":"https:\/\/diariodominicano.com\/index.php?rest_route=%2Fwp%2Fv2%2Fcategories&post=585590"},{"taxonomy":"post_tag","embeddable":true,"href":"https:\/\/diariodominicano.com\/index.php?rest_route=%2Fwp%2Fv2%2Ftags&post=585590"}],"curies":[{"name":"wp","href":"https:\/\/api.w.org\/{rel}","templated":true}]}}