{"id":585527,"date":"2024-12-26T16:58:44","date_gmt":"2024-12-26T20:58:44","guid":{"rendered":"https:\/\/diariodominicano.com\/?p=585527"},"modified":"2024-12-26T16:58:51","modified_gmt":"2024-12-26T20:58:51","slug":"gobierno-dominicano-y-agencia-francesa-de-desarrollo-acuerdan-programa-para-impulsar-transicion-energetica","status":"publish","type":"post","link":"https:\/\/diariodominicano.com\/?p=585527","title":{"rendered":"Gobierno dominicano y Agencia Francesa de Desarrollo acuerdan programa para impulsar transici\u00f3n energ\u00e9tica"},"content":{"rendered":"\n<p>diariodominicano.com<\/p>\n\n\n\n<p>Santo Domingo, R. D.,\u200226 de diciembre, 2024.- El Gobierno dominicano, a trav\u00e9s del\u00a0<strong>Ministerio de Energ\u00eda y Minas (MEM) y la Agencia Francesa de Desarrollo (AFD)\u00a0<\/strong>firmaron un\u00a0<strong>memorando de entendimiento<\/strong>\u00a0para poner en marcha un programa de\u00a0<strong>cooperaci\u00f3n t\u00e9cnica<\/strong>\u00a0que busca consolidar una\u00a0<strong>transici\u00f3n energ\u00e9tica\u00a0<\/strong>justa, sostenible y alineada con los\u00a0<strong>compromisos clim\u00e1ticos<\/strong>\u00a0del pa\u00eds.<\/p>\n\n\n\n<p>El acto fue encabezado por&nbsp;<strong>Joel Santos<\/strong>, ministro de Energ\u00eda y Minas, y&nbsp;<strong>Virginie D\u00edaz,<\/strong>&nbsp;directora de la AFD en Rep\u00fablica Dominicana. Este acuerdo, que no es vinculante ni establece obligaciones jur\u00eddicas entre las partes, marca un paso importante hacia el desarrollo de un&nbsp;<strong>sistema energ\u00e9tico m\u00e1s limpio y resiliente.<\/strong><\/p>\n\n\n\n<p>El ministro Santos dijo que la cooperaci\u00f3n t\u00e9cnica que ofrece la AFD a trav\u00e9s de este convenio es&nbsp;<strong>invaluable<\/strong>, ya que beneficiar\u00e1 a la Rep\u00fablica Dominicana en su proceso de transici\u00f3n energ\u00e9tica y el fortalecimiento de los lazos en el desarrollo de energ\u00eda limpia.<\/p>\n\n\n\n<p><em>\u201cLa capacidad t\u00e9cnica que nos puede ofrecer la AFD es inconmensurable y este acuerdo nos permitir\u00e1 avanzar en la direcci\u00f3n de aprovechar las energ\u00edas limpias\u201d<\/em>, expres\u00f3 el funcionario durante la firma del documento.<\/p>\n\n\n\n<p>El titular del MEM mencion\u00f3 que el an\u00e1lisis de&nbsp;<strong>las presas<\/strong>&nbsp;es de gran valor, porque permite trabajar en su&nbsp;<strong>repotenciaci\u00f3n<\/strong>&nbsp;y su mejor utilizaci\u00f3n, al ser uno de los recursos m\u00e1s importantes del pa\u00eds para la generaci\u00f3n de energ\u00eda limpia.<\/p>\n\n\n\n<p><em>\u201cPara nosotros es importante el an\u00e1lisis de las presas porque es el tipo de energ\u00eda que en la Rep\u00fablica Dominicana es utilizada en horas pico y nosotros podemos repotenciar nuestras presas e incrementar la capacidad de megavatios (MW) que nos pueden aportar\u201d<\/em>, concluy\u00f3 Santos.<\/p>\n\n\n\n<p><em>\u201cEn el Ministerio asumimos con responsabilidad el liderazgo en la ejecuci\u00f3n de este programa. Juntos, con la colaboraci\u00f3n de la AFD, construiremos un futuro energ\u00e9tico m\u00e1s limpio y resiliente\u201d,<\/em>&nbsp;agreg\u00f3 Santos.<\/p>\n\n\n\n<p>Entre tanto, Virginie D\u00edaz, directora de la Agencia Francesa de Desarrollo (AFD), manifest\u00f3 su compromiso con esta colaboraci\u00f3n con&nbsp;<strong>actores clave en el sector energ\u00e9tico de la Rep\u00fablica Dominicana<\/strong>, tales como el MEM, la Comisi\u00f3n Nacional de Energ\u00eda (CNE) y la Empresa de Generaci\u00f3n Hidroel\u00e9ctrica Dominicana&nbsp;<strong>(Egehid)<\/strong>, quienes trabajar\u00e1n en conjunto para implementar los proyectos de&nbsp;<strong>modernizaci\u00f3n de infraestructura energ\u00e9tica.<\/strong><\/p>\n\n\n\n<p>El acuerdo est\u00e1 vinculado al&nbsp;<strong>Programa de Acci\u00f3n Clim\u00e1tica para un Desarrollo Econ\u00f3mico Sostenido,<\/strong>&nbsp;firmado en mayo de 2024, y tiene como objetivo enfrentar los retos del cambio clim\u00e1tico a trav\u00e9s de la implementaci\u00f3n de pol\u00edticas energ\u00e9ticas sostenibles. Adem\u00e1s, se alinea con la&nbsp;<strong>Estrategia Nacional de Desarrollo 2030<\/strong>, que prioriza la garant\u00eda de una energ\u00eda confiable, eficiente y ambientalmente sostenible.<\/p>\n\n\n\n<p><strong>Sobre el financiamiento<\/strong><\/p>\n\n\n\n<p>El programa ser\u00e1 financiado por la AFD con&nbsp;<strong>fondos no reembolsables<\/strong>&nbsp;y tendr\u00e1 una duraci\u00f3n de&nbsp;<strong>tres a\u00f1os<\/strong>, desde 2025 hasta 2027.<\/p>\n\n\n\n<p>Durante ese per\u00edodo, se movilizar\u00e1n expertos t\u00e9cnicos para la implementaci\u00f3n de las iniciativas, y se realizar\u00e1 un&nbsp;<strong>seguimiento constante<\/strong>&nbsp;del progreso a trav\u00e9s de un comit\u00e9 de&nbsp;<strong>pilotaje<\/strong>&nbsp;liderado por el MEM. Este comit\u00e9 se reunir\u00e1 semestralmente para evaluar los avances y asegurar la correcta ejecuci\u00f3n del programa.<\/p>\n\n\n\n<p>En la actividad estuvieron presentes el viceministro de Energ\u00eda,\u00a0<strong>Rafael G\u00f3mez; Betty Soto<\/strong>, viceministra de Innovaci\u00f3n y Transici\u00f3n Energ\u00e9tica;\u00a0<strong>Gustavo Mej\u00eda Ricart<\/strong>, director de relaciones Internacionales;\u00a0<strong>Helen P\u00e9rez<\/strong>, encargada de Cooperaci\u00f3n Internacional;\u00a0<strong>Nadia Ferreira<\/strong>, directora jur\u00eddica, y\u00a0<strong>Sara Davo Boza<\/strong>, encargada de Proyectos de la AFD.<\/p>\n\n\n\n<p>Fuente: Direcci\u00f3n de Estrategia y Comunicaci\u00f3n<\/p>\n\n\n\n<p>Ministerio Administrativo de la Presidencia de la Rep\u00fablica Dominicana<\/p>\n","protected":false},"excerpt":{"rendered":"<p>diariodominicano.com Santo Domingo, R. D.,\u200226 de diciembre, 2024.- El Gobierno dominicano, a trav\u00e9s del\u00a0Ministerio de Energ\u00eda y Minas (MEM) y la Agencia Francesa de Desarrollo (AFD)\u00a0firmaron un\u00a0memorando de entendimiento\u00a0para poner en marcha un programa de\u00a0cooperaci\u00f3n t\u00e9cnica\u00a0que busca consolidar una\u00a0transici\u00f3n energ\u00e9tica\u00a0justa, sostenible y alineada con los\u00a0compromisos clim\u00e1ticos\u00a0del pa\u00eds. El acto fue encabezado por&nbsp;Joel Santos, ministro de [&hellip;]<\/p>\n","protected":false},"author":5,"featured_media":585574,"comment_status":"closed","ping_status":"closed","sticky":true,"template":"","format":"standard","meta":{"footnotes":""},"categories":[20,27],"tags":[],"class_list":["post-585527","post","type-post","status-publish","format-standard","has-post-thumbnail","hentry","category-dominicana-hoy","category-portada"],"_links":{"self":[{"href":"https:\/\/diariodominicano.com\/index.php?rest_route=\/wp\/v2\/posts\/585527","targetHints":{"allow":["GET"]}}],"collection":[{"href":"https:\/\/diariodominicano.com\/index.php?rest_route=\/wp\/v2\/posts"}],"about":[{"href":"https:\/\/diariodominicano.com\/index.php?rest_route=\/wp\/v2\/types\/post"}],"author":[{"embeddable":true,"href":"https:\/\/diariodominicano.com\/index.php?rest_route=\/wp\/v2\/users\/5"}],"replies":[{"embeddable":true,"href":"https:\/\/diariodominicano.com\/index.php?rest_route=%2Fwp%2Fv2%2Fcomments&post=585527"}],"version-history":[{"count":1,"href":"https:\/\/diariodominicano.com\/index.php?rest_route=\/wp\/v2\/posts\/585527\/revisions"}],"predecessor-version":[{"id":585575,"href":"https:\/\/diariodominicano.com\/index.php?rest_route=\/wp\/v2\/posts\/585527\/revisions\/585575"}],"wp:featuredmedia":[{"embeddable":true,"href":"https:\/\/diariodominicano.com\/index.php?rest_route=\/wp\/v2\/media\/585574"}],"wp:attachment":[{"href":"https:\/\/diariodominicano.com\/index.php?rest_route=%2Fwp%2Fv2%2Fmedia&parent=585527"}],"wp:term":[{"taxonomy":"category","embeddable":true,"href":"https:\/\/diariodominicano.com\/index.php?rest_route=%2Fwp%2Fv2%2Fcategories&post=585527"},{"taxonomy":"post_tag","embeddable":true,"href":"https:\/\/diariodominicano.com\/index.php?rest_route=%2Fwp%2Fv2%2Ftags&post=585527"}],"curies":[{"name":"wp","href":"https:\/\/api.w.org\/{rel}","templated":true}]}}