{"id":585524,"date":"2024-12-26T13:52:11","date_gmt":"2024-12-26T17:52:11","guid":{"rendered":"https:\/\/diariodominicano.com\/?p=585524"},"modified":"2024-12-26T13:52:19","modified_gmt":"2024-12-26T17:52:19","slug":"mujeres-en-54-por-ciento-de-cargos-del-gobierno-de-guatemala","status":"publish","type":"post","link":"https:\/\/diariodominicano.com\/?p=585524","title":{"rendered":"Mujeres en 54 por ciento de cargos del Gobierno de Guatemala"},"content":{"rendered":"\n<p>diariodominicano.com<\/p>\n\n\n\n<p>Ciudad de Guatemala, 26 dic (Prensa Latina) Las mujeres ocupan hoy el 54 por ciento de los cargos del Gobierno de Guatemala, algo que califican aqu\u00ed de avance significativo en la igualdad e inclusi\u00f3n en la administraci\u00f3n p\u00fablica.<\/p>\n\n\n\n<p>Esto hace que tengamos un Ejecutivo con mayor democracia, expres\u00f3 la encargada de la Unidad de G\u00e9nero de la Secretar\u00eda General de la Presidencia, Linda Alay, citada por el oficial Diario de CentroAm\u00e9rica.<\/p>\n\n\n\n<p>Para consolidar el sistema es necesaria la participaci\u00f3n real de las mujeres en los espacios de toma de decisi\u00f3n, declar\u00f3 la funcionaria, quien record\u00f3 que la actual gesti\u00f3n empez\u00f3 con seis mujeres y ocho hombres.<\/p>\n\n\n\n<p>Ahora, por primera vez en la historia, tenemos m\u00e1s f\u00e9minas como Ministras, entre otros cargos, acot\u00f3, mientras agreg\u00f3 que de los 22 gobernadores departamentales, 10 son damas, incluyendo cinco lideresas ind\u00edgenas.<\/p>\n\n\n\n<p>Ampli\u00f3 que en 2024 fortalecieron las Unidades de G\u00e9nero en los organismos del Estado y las secretar\u00edas, oficinas para velar por el fiel cumplimiento de las pol\u00edticas p\u00fablicas y las leyes en materia de derechos de g\u00e9nero.<\/p>\n\n\n\n<p>Mencion\u00f3 como otro logro el fortalecimiento de la Defensor\u00eda de la Mujer Ind\u00edgena, \u201cporque lamentablemente todav\u00eda existe mucha desigualdad\u201d, lo que hace necesaria la institucionalidad de ese ente, subray\u00f3 Alay.<\/p>\n\n\n\n<p>La Secretar\u00eda Presidencial de la Mujer organiz\u00f3 m\u00e1s de 70 talleres, en los que hubo presencia de la sociedad civil, instancias estatales y organismos internacionales, detall\u00f3.<\/p>\n\n\n\n<p>Consider\u00f3 asimismo paso favorable que el presupuesto de 2025 duplica lo que ten\u00edan asignado los Centros de Apoyo Integral para F\u00e9minas Sobrevivientes de Violencia.<\/p>\n\n\n\n<p>\u201cTodav\u00eda existen en el pa\u00eds muchas brechas y barreras que afectan especialmente a aquellas que hist\u00f3ricamente quedaron m\u00e1s atr\u00e1s\u201d, expuso a mediados de abril \u00faltimo la representante de las Naciones Unidas dedicada al tema, Gloria Carrera.<\/p>\n\n\n\n<p>Reconoci\u00f3 en el \u00e1mbito pol\u00edtico la voluntad de la actual administraci\u00f3n nacional para impulsar el liderazgo de las mujeres, al designar el m\u00e1s alto n\u00famero de ministras, vicetitulares y jefas de secretar\u00edas del Estado.<\/p>\n\n\n\n<p>jha\/znc<\/p>\n","protected":false},"excerpt":{"rendered":"<p>diariodominicano.com Ciudad de Guatemala, 26 dic (Prensa Latina) Las mujeres ocupan hoy el 54 por ciento de los cargos del Gobierno de Guatemala, algo que califican aqu\u00ed de avance significativo en la igualdad e inclusi\u00f3n en la administraci\u00f3n p\u00fablica. Esto hace que tengamos un Ejecutivo con mayor democracia, expres\u00f3 la encargada de la Unidad de [&hellip;]<\/p>\n","protected":false},"author":5,"featured_media":585525,"comment_status":"closed","ping_status":"closed","sticky":true,"template":"","format":"standard","meta":{"footnotes":""},"categories":[23,27],"tags":[],"class_list":["post-585524","post","type-post","status-publish","format-standard","has-post-thumbnail","hentry","category-internacional","category-portada"],"_links":{"self":[{"href":"https:\/\/diariodominicano.com\/index.php?rest_route=\/wp\/v2\/posts\/585524","targetHints":{"allow":["GET"]}}],"collection":[{"href":"https:\/\/diariodominicano.com\/index.php?rest_route=\/wp\/v2\/posts"}],"about":[{"href":"https:\/\/diariodominicano.com\/index.php?rest_route=\/wp\/v2\/types\/post"}],"author":[{"embeddable":true,"href":"https:\/\/diariodominicano.com\/index.php?rest_route=\/wp\/v2\/users\/5"}],"replies":[{"embeddable":true,"href":"https:\/\/diariodominicano.com\/index.php?rest_route=%2Fwp%2Fv2%2Fcomments&post=585524"}],"version-history":[{"count":1,"href":"https:\/\/diariodominicano.com\/index.php?rest_route=\/wp\/v2\/posts\/585524\/revisions"}],"predecessor-version":[{"id":585526,"href":"https:\/\/diariodominicano.com\/index.php?rest_route=\/wp\/v2\/posts\/585524\/revisions\/585526"}],"wp:featuredmedia":[{"embeddable":true,"href":"https:\/\/diariodominicano.com\/index.php?rest_route=\/wp\/v2\/media\/585525"}],"wp:attachment":[{"href":"https:\/\/diariodominicano.com\/index.php?rest_route=%2Fwp%2Fv2%2Fmedia&parent=585524"}],"wp:term":[{"taxonomy":"category","embeddable":true,"href":"https:\/\/diariodominicano.com\/index.php?rest_route=%2Fwp%2Fv2%2Fcategories&post=585524"},{"taxonomy":"post_tag","embeddable":true,"href":"https:\/\/diariodominicano.com\/index.php?rest_route=%2Fwp%2Fv2%2Ftags&post=585524"}],"curies":[{"name":"wp","href":"https:\/\/api.w.org\/{rel}","templated":true}]}}