{"id":585490,"date":"2024-12-26T12:27:07","date_gmt":"2024-12-26T16:27:07","guid":{"rendered":"https:\/\/diariodominicano.com\/?p=585490"},"modified":"2024-12-26T12:27:16","modified_gmt":"2024-12-26T16:27:16","slug":"biden-reafirma-su-apoyo-al-envio-de-armas-a-ucrania-tras-ataque-ruso-de-navidad","status":"publish","type":"post","link":"https:\/\/diariodominicano.com\/?p=585490","title":{"rendered":"Biden reafirma su apoyo al env\u00edo de armas a Ucrania tras ataque ruso de Navidad"},"content":{"rendered":"\n<p>ARCHIVO: El presidente de Estados Unidos, Joe Biden, pronuncia un discurso sobre la econom\u00eda en la Brookings Institution en Washington, DC, Estados Unidos, el 10 de diciembre de 2024. REUTERS<\/p>\n\n\n\n<p>diciembre 26, 2024<\/p>\n\n\n\n<ul class=\"wp-block-list\">\n<li><a href=\"https:\/\/www.vozdeamerica.com\/author\/reuters\/riv_i\">Reuters<\/a><\/li>\n<\/ul>\n\n\n\n<ul class=\"wp-block-list\">\n<li><a href=\"https:\/\/facebook.com\/sharer.php?u=https%3a%2f%2fwww.vozdeamerica.com%2fa%2fbiden-reafirma-su-apoyo-al-envio-de-armas-a-ucrania-tras-ataque-ruso-de-navidad%2f7914493.html\" target=\"_blank\" rel=\"noreferrer noopener\"><\/a><\/li>\n\n\n\n<li><a href=\"https:\/\/twitter.com\/share?url=https%3a%2f%2fwww.vozdeamerica.com%2fa%2fbiden-reafirma-su-apoyo-al-envio-de-armas-a-ucrania-tras-ataque-ruso-de-navidad%2f7914493.html&amp;text=Biden+reafirma+su+apoyo+al+env%c3%ado+de+armas+a+Ucrania+tras+ataque+ruso+de+Navidad\" target=\"_blank\" rel=\"noreferrer noopener\"><\/a><\/li>\n\n\n\n<li><\/li>\n\n\n\n<li><a href=\"mailto:?body=https%3a%2f%2fwww.vozdeamerica.com%2fa%2fbiden-reafirma-su-apoyo-al-envio-de-armas-a-ucrania-tras-ataque-ruso-de-navidad%2f7914493.html&amp;subject=Biden%20reafirma%20su%20apoyo%20al%20env%C3%ADo%20de%20armas%20a%20Ucrania%20tras%20ataque%20ruso%20de%20Navidad\"><\/a><\/li>\n<\/ul>\n\n\n\n<p><a href=\"https:\/\/www.vozdeamerica.com\/a\/biden-reafirma-su-apoyo-al-envio-de-armas-a-ucrania-tras-ataque-ruso-de-navidad\/7914493.html#comments\">&nbsp;Vea comentarios<\/a><\/p>\n\n\n\n<p>El presidente estadounidense Joe Biden dijo que el prop\u00f3sito del ataque ruso contra Ucrania era cortar el acceso\u00bbdel pueblo ucraniano a la calefacci\u00f3n y la electricidad durante el invierno y poner en peligro la seguridad de su red\u00bb<\/p>\n\n\n\n<p>WASHINGTON \u2014&nbsp;<\/p>\n\n\n\n<p>El presidente de Estados Unidos, Joe Biden, dijo el mi\u00e9rcoles que hab\u00eda pedido al Departamento de Defensa que continuara con el aumento de entregas de armas a Ucrania, tras condenar el ataque ruso del d\u00eda de Navidad contra el sistema energ\u00e9tico ucraniano y algunas de sus ciudades.<\/p>\n\n\n\n<p>Rusia atac\u00f3 Ucrania el mi\u00e9rcoles con misiles bal\u00edsticos y de crucero, as\u00ed como con aviones no tripulados, seg\u00fan inform\u00f3 Ucrania. Los ataques hirieron al menos a seis personas en la ciudad nororiental de J\u00e1rkov y mataron a una en la regi\u00f3n de Dnipropetrovsk, seg\u00fan informaron sus gobernadores.<\/p>\n\n\n\n<p><a href=\"https:\/\/www.vozdeamerica.com\/a\/siete-desinformaciones-sobre-la-guerra-en-ucrania-que-circularon-tras-la-victoria-de-trump\/7904675.html\"><\/a><\/p>\n\n\n\n<p><a href=\"https:\/\/www.vozdeamerica.com\/a\/siete-desinformaciones-sobre-la-guerra-en-ucrania-que-circularon-tras-la-victoria-de-trump\/7904675.html\">Tambi\u00e9n lea<\/a><\/p>\n\n\n\n<h4 class=\"wp-block-heading\"><a href=\"https:\/\/www.vozdeamerica.com\/a\/siete-desinformaciones-sobre-la-guerra-en-ucrania-que-circularon-tras-la-victoria-de-trump\/7904675.html\">Siete desinformaciones sobre la guerra en Ucrania que circularon tras la victoria de Donald Trump<\/a><\/h4>\n\n\n\n<p>Tras casi tres a\u00f1os de guerra, Washington ha comprometido 175.000 millones de d\u00f3lares en ayuda a Ucrania, pero no est\u00e1 claro si la ayuda continuar\u00e1 a ese ritmo bajo el mandato del presidente electo republicano Donald Trump, que sustituye a Biden el 20 de enero. Trump ha dicho que quiere poner fin r\u00e1pidamente a la guerra.<\/p>\n\n\n\n<p>\u00abEl prop\u00f3sito de este atroz ataque era cortar el acceso del pueblo ucraniano a la calefacci\u00f3n y la electricidad durante el invierno y poner en peligro la seguridad de su red\u00bb, dijo Biden en un comunicado.<\/p>\n\n\n\n<p>Keith Kellogg, elegido por Trump como enviado especial para Ucrania y Rusia, tambi\u00e9n critic\u00f3 el ataque del mi\u00e9rcoles.<\/p>\n\n\n\n<p>\u00abLa Navidad deber\u00eda ser un tiempo de paz, sin embargo Ucrania fue brutalmente atacada el d\u00eda de Navidad\u00bb, se\u00f1al\u00f3 Kellogg. \u00abEstados Unidos est\u00e1 m\u00e1s decidido que nunca a llevar la paz a la regi\u00f3n\u00bb, agreg\u00f3.<\/p>\n\n\n\n<p>Durante la campa\u00f1a para las elecciones presidenciales, Trump cuestion\u00f3 el nivel de implicaci\u00f3n de Estados Unidos en el conflicto, sugiriendo que los aliados europeos deber\u00edan soportar una mayor carga financiera. Algunos de sus compa\u00f1eros republicanos -que controlar\u00e1n tanto la C\u00e1mara de Representantes como el Senado a partir del mes que viene- tambi\u00e9n se han mostrado reticentes a enviar m\u00e1s ayuda a Kiev.<\/p>\n\n\n\n<p>Esta postura -a pesar del fuerte apoyo previo en el Congreso estadounidense a un apoyo sostenido o ampliado a Ucrania- ha suscitado preocupaci\u00f3n entre los partidarios de Ucrania sobre el futuro de la ayuda estadounidense bajo el mandato de Trump.<\/p>\n","protected":false},"excerpt":{"rendered":"<p>ARCHIVO: El presidente de Estados Unidos, Joe Biden, pronuncia un discurso sobre la econom\u00eda en la Brookings Institution en Washington, DC, Estados Unidos, el 10 de diciembre de 2024. REUTERS diciembre 26, 2024 &nbsp;Vea comentarios El presidente estadounidense Joe Biden dijo que el prop\u00f3sito del ataque ruso contra Ucrania era cortar el acceso\u00bbdel pueblo ucraniano [&hellip;]<\/p>\n","protected":false},"author":28,"featured_media":585491,"comment_status":"closed","ping_status":"closed","sticky":true,"template":"","format":"standard","meta":{"footnotes":""},"categories":[23,27],"tags":[],"class_list":["post-585490","post","type-post","status-publish","format-standard","has-post-thumbnail","hentry","category-internacional","category-portada"],"_links":{"self":[{"href":"https:\/\/diariodominicano.com\/index.php?rest_route=\/wp\/v2\/posts\/585490","targetHints":{"allow":["GET"]}}],"collection":[{"href":"https:\/\/diariodominicano.com\/index.php?rest_route=\/wp\/v2\/posts"}],"about":[{"href":"https:\/\/diariodominicano.com\/index.php?rest_route=\/wp\/v2\/types\/post"}],"author":[{"embeddable":true,"href":"https:\/\/diariodominicano.com\/index.php?rest_route=\/wp\/v2\/users\/28"}],"replies":[{"embeddable":true,"href":"https:\/\/diariodominicano.com\/index.php?rest_route=%2Fwp%2Fv2%2Fcomments&post=585490"}],"version-history":[{"count":1,"href":"https:\/\/diariodominicano.com\/index.php?rest_route=\/wp\/v2\/posts\/585490\/revisions"}],"predecessor-version":[{"id":585492,"href":"https:\/\/diariodominicano.com\/index.php?rest_route=\/wp\/v2\/posts\/585490\/revisions\/585492"}],"wp:featuredmedia":[{"embeddable":true,"href":"https:\/\/diariodominicano.com\/index.php?rest_route=\/wp\/v2\/media\/585491"}],"wp:attachment":[{"href":"https:\/\/diariodominicano.com\/index.php?rest_route=%2Fwp%2Fv2%2Fmedia&parent=585490"}],"wp:term":[{"taxonomy":"category","embeddable":true,"href":"https:\/\/diariodominicano.com\/index.php?rest_route=%2Fwp%2Fv2%2Fcategories&post=585490"},{"taxonomy":"post_tag","embeddable":true,"href":"https:\/\/diariodominicano.com\/index.php?rest_route=%2Fwp%2Fv2%2Ftags&post=585490"}],"curies":[{"name":"wp","href":"https:\/\/api.w.org\/{rel}","templated":true}]}}