{"id":585481,"date":"2024-12-26T12:13:38","date_gmt":"2024-12-26T16:13:38","guid":{"rendered":"https:\/\/diariodominicano.com\/?p=585481"},"modified":"2024-12-26T12:13:42","modified_gmt":"2024-12-26T16:13:42","slug":"presidente-de-panama-niega-que-haya-soldados-de-china-en-el-canal-en-respuesta-a-trump","status":"publish","type":"post","link":"https:\/\/diariodominicano.com\/?p=585481","title":{"rendered":"Presidente de Panam\u00e1 niega que haya soldados de China en el Canal, en respuesta a Trump"},"content":{"rendered":"\n<p>ARCHIVO &#8211; El presidente paname\u00f1o, Jos\u00e9 Ra\u00fal Mulino, saluda a la prensa antes de su reuni\u00f3n con el presidente de Costa Rica, Rodrigo Chaves Robles, en el palacio presidencial de la ciudad de Panam\u00e1, el 23 de agosto de 2024. AP<\/p>\n\n\n\n<p>diciembre 26, 2024<\/p>\n\n\n\n<ul class=\"wp-block-list\">\n<li><a href=\"https:\/\/www.vozdeamerica.com\/author\/reuters\/riv_i\">Reuters<\/a><\/li>\n<\/ul>\n\n\n\n<ul class=\"wp-block-list\">\n<li><a href=\"https:\/\/facebook.com\/sharer.php?u=https%3a%2f%2fwww.vozdeamerica.com%2fa%2fpresidente-panama-niega-haya-soldados-de-china-en-el-canal-en-respuesta-a-trump%2f7914670.html\" target=\"_blank\" rel=\"noreferrer noopener\"><\/a><\/li>\n\n\n\n<li><a href=\"https:\/\/twitter.com\/share?url=https%3a%2f%2fwww.vozdeamerica.com%2fa%2fpresidente-panama-niega-haya-soldados-de-china-en-el-canal-en-respuesta-a-trump%2f7914670.html&amp;text=Presidente+de+Panam%c3%a1+niega+que+haya+soldados+de+China+en+el+Canal%2c+en+respuesta+a+Trump\" target=\"_blank\" rel=\"noreferrer noopener\"><\/a><\/li>\n\n\n\n<li><\/li>\n\n\n\n<li><a href=\"mailto:?body=https%3a%2f%2fwww.vozdeamerica.com%2fa%2fpresidente-panama-niega-haya-soldados-de-china-en-el-canal-en-respuesta-a-trump%2f7914670.html&amp;subject=Presidente%20de%20Panam%C3%A1%20niega%20que%20haya%20soldados%20de%20China%20en%20el%20Canal,%20en%20respuesta%20a%20Trump\"><\/a><\/li>\n<\/ul>\n\n\n\n<p><a href=\"https:\/\/www.vozdeamerica.com\/a\/presidente-panama-niega-haya-soldados-de-china-en-el-canal-en-respuesta-a-trump\/7914670.html#comments\">&nbsp;Vea comentarios<\/a><\/p>\n\n\n\n<p>El mandatario paname\u00f1o Jos\u00e9 Ra\u00fal Mulino neg\u00f3 las acusaciones del presidente electo de EEUU, Donald Trump, sobre una supuesta presencia militar china en el Canal de Panam\u00e1.<\/p>\n\n\n\n<p>CIUDAD DE PANAM\u00c1 \u2014&nbsp;<\/p>\n\n\n\n<p>El presidente de Panam\u00e1, Jos\u00e9 Ra\u00fal Mulino, neg\u00f3 el jueves que haya soldados chinos en el canal que atraviesa el pa\u00eds centroamericano, al reiterar que no hay injerencia ni participaci\u00f3n del pa\u00eds asi\u00e1tico en la v\u00eda comercial interoce\u00e1nica.<\/p>\n\n\n\n<p>En una publicaci\u00f3n en la red Truth Social el mi\u00e9rcoles, el presidente electo de Estados Unidos, Donald Trump, acus\u00f3 a soldados chinos de operar ilegalmente el canal, el mismo d\u00eda en que anunci\u00f3&nbsp;<em><strong><a href=\"https:\/\/www.vozdeamerica.com\/a\/trump-nomina-a-funcionario-de-florida-como-nuevo-embajador-en-panama\/7914463.html\" target=\"_blank\" rel=\"noreferrer noopener\">la nominaci\u00f3n de Kevin Marino Cabrera<\/a><\/strong><\/em>, como el pr\u00f3ximo embajador del pa\u00eds norteamericano en Panam\u00e1.<\/p>\n\n\n\n<p><a href=\"https:\/\/www.vozdeamerica.com\/a\/historia-canal-panama-eeuu-trump-recuperarlo-acuerdos\/7911283.html\"><\/a><\/p>\n\n\n\n<p><a href=\"https:\/\/www.vozdeamerica.com\/a\/historia-canal-panama-eeuu-trump-recuperarlo-acuerdos\/7911283.html\">Tambi\u00e9n lea<\/a><\/p>\n\n\n\n<h4 class=\"wp-block-heading\"><a href=\"https:\/\/www.vozdeamerica.com\/a\/historia-canal-panama-eeuu-trump-recuperarlo-acuerdos\/7911283.html\">La historia del Canal de Panam\u00e1 y EEUU: \u00bfpor qu\u00e9 Trump habla de \u201crecuperarlo\u00bb?<\/a><\/h4>\n\n\n\n<p>\u00abNo hay soldados chinos en el Canal, por amor de Dios, el mundo es libre de visitar el canal\u00bb, dijo Mulino en rueda de prensa al ser consultado sobre los comentarios de Trump.<\/p>\n\n\n\n<p>En los \u00faltimos d\u00edas, el republicano<em><strong>&nbsp;<a href=\"https:\/\/www.vozdeamerica.com\/a\/declaraciones-trump-sobre-canal-panama-generan-indignacion-entre-panamenos-\/7911599.html\" target=\"_blank\" rel=\"noreferrer noopener\">ha amenazado con que Estados Unidos recupere el control sobre el canal<\/a><\/strong><\/em>, que administr\u00f3 durante d\u00e9cadas, con el argumento de que sus autoridades est\u00e1n \u00abestafando\u00bb a los buques estadounidenses que lo cruzan.<\/p>\n","protected":false},"excerpt":{"rendered":"<p>ARCHIVO &#8211; El presidente paname\u00f1o, Jos\u00e9 Ra\u00fal Mulino, saluda a la prensa antes de su reuni\u00f3n con el presidente de Costa Rica, Rodrigo Chaves Robles, en el palacio presidencial de la ciudad de Panam\u00e1, el 23 de agosto de 2024. AP diciembre 26, 2024 &nbsp;Vea comentarios El mandatario paname\u00f1o Jos\u00e9 Ra\u00fal Mulino neg\u00f3 las acusaciones [&hellip;]<\/p>\n","protected":false},"author":28,"featured_media":585482,"comment_status":"closed","ping_status":"closed","sticky":true,"template":"","format":"standard","meta":{"footnotes":""},"categories":[23],"tags":[],"class_list":["post-585481","post","type-post","status-publish","format-standard","has-post-thumbnail","hentry","category-internacional"],"_links":{"self":[{"href":"https:\/\/diariodominicano.com\/index.php?rest_route=\/wp\/v2\/posts\/585481","targetHints":{"allow":["GET"]}}],"collection":[{"href":"https:\/\/diariodominicano.com\/index.php?rest_route=\/wp\/v2\/posts"}],"about":[{"href":"https:\/\/diariodominicano.com\/index.php?rest_route=\/wp\/v2\/types\/post"}],"author":[{"embeddable":true,"href":"https:\/\/diariodominicano.com\/index.php?rest_route=\/wp\/v2\/users\/28"}],"replies":[{"embeddable":true,"href":"https:\/\/diariodominicano.com\/index.php?rest_route=%2Fwp%2Fv2%2Fcomments&post=585481"}],"version-history":[{"count":1,"href":"https:\/\/diariodominicano.com\/index.php?rest_route=\/wp\/v2\/posts\/585481\/revisions"}],"predecessor-version":[{"id":585483,"href":"https:\/\/diariodominicano.com\/index.php?rest_route=\/wp\/v2\/posts\/585481\/revisions\/585483"}],"wp:featuredmedia":[{"embeddable":true,"href":"https:\/\/diariodominicano.com\/index.php?rest_route=\/wp\/v2\/media\/585482"}],"wp:attachment":[{"href":"https:\/\/diariodominicano.com\/index.php?rest_route=%2Fwp%2Fv2%2Fmedia&parent=585481"}],"wp:term":[{"taxonomy":"category","embeddable":true,"href":"https:\/\/diariodominicano.com\/index.php?rest_route=%2Fwp%2Fv2%2Fcategories&post=585481"},{"taxonomy":"post_tag","embeddable":true,"href":"https:\/\/diariodominicano.com\/index.php?rest_route=%2Fwp%2Fv2%2Ftags&post=585481"}],"curies":[{"name":"wp","href":"https:\/\/api.w.org\/{rel}","templated":true}]}}