{"id":585424,"date":"2024-12-26T01:47:04","date_gmt":"2024-12-26T05:47:04","guid":{"rendered":"https:\/\/diariodominicano.com\/?p=585424"},"modified":"2024-12-26T01:47:09","modified_gmt":"2024-12-26T05:47:09","slug":"cuba-expresa-condolencias-tras-accidente-aereo-en-kazajstan","status":"publish","type":"post","link":"https:\/\/diariodominicano.com\/?p=585424","title":{"rendered":"Cuba expresa condolencias tras accidente a\u00e9reo en Kazajst\u00e1n"},"content":{"rendered":"\n<p>La Habana, 25 dic (Prensa Latina) El presidente de Cuba, Miguel D\u00edaz-Canel, expres\u00f3 hoy condolencias a los gobiernos y pueblos de Azerbaiy\u00e1n, Rusia, Kazajst\u00e1n y Kirguist\u00e1n, tras el tr\u00e1gico accidente a\u00e9reo ocurrido en Aktau.<\/p>\n\n\n\n<ul class=\"wp-block-list\">\n<li><a href=\"https:\/\/www.prensa-latina.cu\/2024\/12\/25\/\"><time>diciembre 25, 2024 | 12:45<\/time><\/a><\/li>\n<\/ul>\n\n\n\n<ul class=\"wp-block-list\">\n<li><a href=\"https:\/\/www.prensa-latina.cu\/2024\/12\/25\/cuba-expresa-condolencias-tras-accidente-aereo-en-kazajstan\/#\"><\/a><\/li>\n\n\n\n<li><a href=\"https:\/\/www.prensa-latina.cu\/2024\/12\/25\/cuba-expresa-condolencias-tras-accidente-aereo-en-kazajstan\/#\"><\/a><\/li>\n\n\n\n<li><a href=\"https:\/\/www.prensa-latina.cu\/2024\/12\/25\/cuba-expresa-condolencias-tras-accidente-aereo-en-kazajstan\/#\"><\/a><\/li>\n\n\n\n<li><a href=\"https:\/\/www.prensa-latina.cu\/2024\/12\/25\/cuba-expresa-condolencias-tras-accidente-aereo-en-kazajstan\/#\"><\/a><\/li>\n<\/ul>\n\n\n\n<p>A trav\u00e9s de su perfil en la red social X, el mandatario cubano traslad\u00f3 su pesar, especialmente a los familiares de los fallecidos, y dese\u00f3 una pronta recuperaci\u00f3n a los heridos.<\/p>\n\n\n\n<p>La aeronave siniestrada hoy cubr\u00eda la ruta de Bak\u00fa a Grozni, la capital chechena, y cay\u00f3 en el aeropuerto de Aktau, Kazajst\u00e1n, tras tropezar con una bandada de aves.<\/p>\n\n\n\n<p>Seg\u00fan informaci\u00f3n preliminar, hay 25 sobrevivientes, de los cuales 22 fueron trasladados al hospital regional, se\u00f1al\u00f3 el Ministerio de Emergencias Kasajo.<\/p>\n\n\n\n<p>La compa\u00f1\u00eda Azerbaiy\u00e1n Airlines confirm\u00f3 que su avi\u00f3n, un Embraer 190 que realizaba el vuelo J2-8243 de Bak\u00fa a Grozni con 62 pasajeros y cinco miembros de la tripulaci\u00f3n a bordo, se estrell\u00f3 durante un aterrizaje de emergencia.<\/p>\n\n\n\n<p>Seg\u00fan el Ministerio de Transporte de ese pa\u00eds, en la aeronave viajaban 37 nacionales de Azerbaiy\u00e1n, 16 rusos, seis kazajos y tres kirguises.<\/p>\n\n\n\n<p>M\u00e1s temprano, un portavoz del aeropuerto de la capital chechena dijo que el vuelo J2-8243 fue desviado a la ciudad de Majachkal\u00e1 debido a la niebla, y de all\u00ed a Aktau, al otro lado del mar Caspio.<\/p>\n\n\n\n<p>ro\/evm<\/p>\n\n\n\n<ul class=\"wp-block-list\">\n<li>#<a href=\"https:\/\/www.prensa-latina.cu\/etiqueta\/accidente\/\">accidente<\/a>\u00a0#<a href=\"https:\/\/www.prensa-latina.cu\/etiqueta\/condolencias\/\">condolencias<\/a>\u00a0#<a href=\"https:\/\/www.prensa-latina.cu\/etiqueta\/cuba\/\">cuba<\/a>\u00a0#<a href=\"https:\/\/www.prensa-latina.cu\/etiqueta\/presdiente\/\">presdiente<\/a><\/li>\n<\/ul>\n","protected":false},"excerpt":{"rendered":"<p>La Habana, 25 dic (Prensa Latina) El presidente de Cuba, Miguel D\u00edaz-Canel, expres\u00f3 hoy condolencias a los gobiernos y pueblos de Azerbaiy\u00e1n, Rusia, Kazajst\u00e1n y Kirguist\u00e1n, tras el tr\u00e1gico accidente a\u00e9reo ocurrido en Aktau. A trav\u00e9s de su perfil en la red social X, el mandatario cubano traslad\u00f3 su pesar, especialmente a los familiares de [&hellip;]<\/p>\n","protected":false},"author":28,"featured_media":585425,"comment_status":"closed","ping_status":"closed","sticky":true,"template":"","format":"standard","meta":{"footnotes":""},"categories":[23],"tags":[],"class_list":["post-585424","post","type-post","status-publish","format-standard","has-post-thumbnail","hentry","category-internacional"],"_links":{"self":[{"href":"https:\/\/diariodominicano.com\/index.php?rest_route=\/wp\/v2\/posts\/585424","targetHints":{"allow":["GET"]}}],"collection":[{"href":"https:\/\/diariodominicano.com\/index.php?rest_route=\/wp\/v2\/posts"}],"about":[{"href":"https:\/\/diariodominicano.com\/index.php?rest_route=\/wp\/v2\/types\/post"}],"author":[{"embeddable":true,"href":"https:\/\/diariodominicano.com\/index.php?rest_route=\/wp\/v2\/users\/28"}],"replies":[{"embeddable":true,"href":"https:\/\/diariodominicano.com\/index.php?rest_route=%2Fwp%2Fv2%2Fcomments&post=585424"}],"version-history":[{"count":1,"href":"https:\/\/diariodominicano.com\/index.php?rest_route=\/wp\/v2\/posts\/585424\/revisions"}],"predecessor-version":[{"id":585426,"href":"https:\/\/diariodominicano.com\/index.php?rest_route=\/wp\/v2\/posts\/585424\/revisions\/585426"}],"wp:featuredmedia":[{"embeddable":true,"href":"https:\/\/diariodominicano.com\/index.php?rest_route=\/wp\/v2\/media\/585425"}],"wp:attachment":[{"href":"https:\/\/diariodominicano.com\/index.php?rest_route=%2Fwp%2Fv2%2Fmedia&parent=585424"}],"wp:term":[{"taxonomy":"category","embeddable":true,"href":"https:\/\/diariodominicano.com\/index.php?rest_route=%2Fwp%2Fv2%2Fcategories&post=585424"},{"taxonomy":"post_tag","embeddable":true,"href":"https:\/\/diariodominicano.com\/index.php?rest_route=%2Fwp%2Fv2%2Ftags&post=585424"}],"curies":[{"name":"wp","href":"https:\/\/api.w.org\/{rel}","templated":true}]}}