{"id":585421,"date":"2024-12-26T01:44:28","date_gmt":"2024-12-26T05:44:28","guid":{"rendered":"https:\/\/diariodominicano.com\/?p=585421"},"modified":"2024-12-26T01:44:33","modified_gmt":"2024-12-26T05:44:33","slug":"mas-de-45-mil-muertos-en-gaza-por-agresion-israeli","status":"publish","type":"post","link":"https:\/\/diariodominicano.com\/?p=585421","title":{"rendered":"M\u00e1s de 45 mil muertos en Gaza por agresi\u00f3n israeli"},"content":{"rendered":"\n<p>Ramala, 25 dic (Prensa Latina) Los muertos en la palestina Franja de Gaza aumentaron hoy a 45 mil 338, luego de que las fuerzas israel\u00edes ultimaron en esta jornada a otros 39 civiles, divulgaron fuentes m\u00e9dicas.<\/p>\n\n\n\n<ul class=\"wp-block-list\">\n<li><a href=\"https:\/\/www.prensa-latina.cu\/2024\/12\/25\/\"><time>diciembre 25, 2024 | 13:48<\/time><\/a><\/li>\n<\/ul>\n\n\n\n<ul class=\"wp-block-list\">\n<li><a href=\"https:\/\/www.prensa-latina.cu\/2024\/12\/25\/mas-de-45-mil-muertos-en-gaza-por-agresion-israeli\/#\"><\/a><\/li>\n\n\n\n<li><a href=\"https:\/\/www.prensa-latina.cu\/2024\/12\/25\/mas-de-45-mil-muertos-en-gaza-por-agresion-israeli\/#\"><\/a><\/li>\n\n\n\n<li><a href=\"https:\/\/www.prensa-latina.cu\/2024\/12\/25\/mas-de-45-mil-muertos-en-gaza-por-agresion-israeli\/#\"><\/a><\/li>\n\n\n\n<li><a href=\"https:\/\/www.prensa-latina.cu\/2024\/12\/25\/mas-de-45-mil-muertos-en-gaza-por-agresion-israeli\/#\"><\/a><\/li>\n<\/ul>\n\n\n\n<p>El ministerio de Salud comunic\u00f3 que este mi\u00e9rcoles tambi\u00e9n se reportaron en la demarcaci\u00f3n 39 heridos, con lo que suman 107 mil 803 los lesionados desde que el ente sionista comenz\u00f3 los ataques armados contra Palestina el 7 de octubre de 2023.<\/p>\n\n\n\n<p>De acuerdo con la Agencia de Noticias Wafa, la mayor\u00eda de las v\u00edctimas son mujeres y ni\u00f1os.<\/p>\n\n\n\n<p>La embestida de Israel no cesa a pesar de los llamamientos del Consejo de Seguridad de las Naciones Unidas para un alto el fuego inmediato y de las directrices de la Corte Internacional de Justicia que insta a adoptar medidas para prevenir el genocidio y aliviar la grave situaci\u00f3n humanitaria en Gaza.<\/p>\n\n\n\n<p>Este mi\u00e9rcoles en un mensaje por las festividades navide\u00f1as el papa Francisco renov\u00f3 su llamamiento al cese de las hostilidades en Gaza.<\/p>\n\n\n\n<p>A trav\u00e9s del sitio web del Vaticano, el Sumo Pont\u00edfice calific\u00f3 de muy grave la situaci\u00f3n humanitaria en el territorio palestino y demand\u00f3 a la comunidad internacional que ayude a la poblaci\u00f3n local \u201cagotada por el hambre y la guerra\u201d.<\/p>\n\n\n\n<p>arc\/obf<\/p>\n\n\n\n<ul class=\"wp-block-list\">\n<li>#<a href=\"https:\/\/www.prensa-latina.cu\/etiqueta\/agresion\/\">agresi\u00f3n<\/a>\u00a0#<a href=\"https:\/\/www.prensa-latina.cu\/etiqueta\/palestina\/\">PALESTINA<\/a><\/li>\n<\/ul>\n","protected":false},"excerpt":{"rendered":"<p>Ramala, 25 dic (Prensa Latina) Los muertos en la palestina Franja de Gaza aumentaron hoy a 45 mil 338, luego de que las fuerzas israel\u00edes ultimaron en esta jornada a otros 39 civiles, divulgaron fuentes m\u00e9dicas. El ministerio de Salud comunic\u00f3 que este mi\u00e9rcoles tambi\u00e9n se reportaron en la demarcaci\u00f3n 39 heridos, con lo que [&hellip;]<\/p>\n","protected":false},"author":28,"featured_media":585422,"comment_status":"closed","ping_status":"closed","sticky":true,"template":"","format":"standard","meta":{"footnotes":""},"categories":[23],"tags":[],"class_list":["post-585421","post","type-post","status-publish","format-standard","has-post-thumbnail","hentry","category-internacional"],"_links":{"self":[{"href":"https:\/\/diariodominicano.com\/index.php?rest_route=\/wp\/v2\/posts\/585421","targetHints":{"allow":["GET"]}}],"collection":[{"href":"https:\/\/diariodominicano.com\/index.php?rest_route=\/wp\/v2\/posts"}],"about":[{"href":"https:\/\/diariodominicano.com\/index.php?rest_route=\/wp\/v2\/types\/post"}],"author":[{"embeddable":true,"href":"https:\/\/diariodominicano.com\/index.php?rest_route=\/wp\/v2\/users\/28"}],"replies":[{"embeddable":true,"href":"https:\/\/diariodominicano.com\/index.php?rest_route=%2Fwp%2Fv2%2Fcomments&post=585421"}],"version-history":[{"count":1,"href":"https:\/\/diariodominicano.com\/index.php?rest_route=\/wp\/v2\/posts\/585421\/revisions"}],"predecessor-version":[{"id":585423,"href":"https:\/\/diariodominicano.com\/index.php?rest_route=\/wp\/v2\/posts\/585421\/revisions\/585423"}],"wp:featuredmedia":[{"embeddable":true,"href":"https:\/\/diariodominicano.com\/index.php?rest_route=\/wp\/v2\/media\/585422"}],"wp:attachment":[{"href":"https:\/\/diariodominicano.com\/index.php?rest_route=%2Fwp%2Fv2%2Fmedia&parent=585421"}],"wp:term":[{"taxonomy":"category","embeddable":true,"href":"https:\/\/diariodominicano.com\/index.php?rest_route=%2Fwp%2Fv2%2Fcategories&post=585421"},{"taxonomy":"post_tag","embeddable":true,"href":"https:\/\/diariodominicano.com\/index.php?rest_route=%2Fwp%2Fv2%2Ftags&post=585421"}],"curies":[{"name":"wp","href":"https:\/\/api.w.org\/{rel}","templated":true}]}}