{"id":585418,"date":"2024-12-26T01:42:09","date_gmt":"2024-12-26T05:42:09","guid":{"rendered":"https:\/\/diariodominicano.com\/?p=585418"},"modified":"2024-12-26T01:42:13","modified_gmt":"2024-12-26T05:42:13","slug":"pobladores-sirios-enfrentan-a-tropas-invasoras-israelies","status":"publish","type":"post","link":"https:\/\/diariodominicano.com\/?p=585418","title":{"rendered":"Pobladores sirios enfrentan a tropas invasoras israel\u00edes"},"content":{"rendered":"\n<p>Damasco, 25 dic (Prensa Latina) Al menos siete civiles resultaron heridos hoy durante su enfrentamiento a las fuerzas del ocupante israel\u00ed que invadieron varias localidades en el suroeste de Siria, informaron medios de prensa aqu\u00ed.<\/p>\n\n\n\n<ul class=\"wp-block-list\">\n<li><a href=\"https:\/\/www.prensa-latina.cu\/2024\/12\/25\/\"><time>diciembre 25, 2024 | 10:30<\/time><\/a><\/li>\n<\/ul>\n\n\n\n<ul class=\"wp-block-list\">\n<li><a href=\"https:\/\/www.prensa-latina.cu\/2024\/12\/25\/pobladores-sirios-enfrentan-a-tropas-invasoras-israelies\/#\"><\/a><\/li>\n\n\n\n<li><a href=\"https:\/\/www.prensa-latina.cu\/2024\/12\/25\/pobladores-sirios-enfrentan-a-tropas-invasoras-israelies\/#\"><\/a><\/li>\n\n\n\n<li><a href=\"https:\/\/www.prensa-latina.cu\/2024\/12\/25\/pobladores-sirios-enfrentan-a-tropas-invasoras-israelies\/#\"><\/a><\/li>\n\n\n\n<li><a href=\"https:\/\/www.prensa-latina.cu\/2024\/12\/25\/pobladores-sirios-enfrentan-a-tropas-invasoras-israelies\/#\"><\/a><\/li>\n<\/ul>\n\n\n\n<p>M\u00e9dicos en el Hospital Nacional del Gol\u00e1n declararon que el Departamento de Emergencia M\u00e9dica recibi\u00f3 siete heridos por disparos de los militares sionistas que abrieron el fuego contra los lugare\u00f1os de la aldea de Suwaysa y de otras localidades.<\/p>\n\n\n\n<p>Aclararon que los pobladores protestaban contra las tropas israel\u00edes y las obligaron a retirarse hacia el interior de la zona de amortiguaci\u00f3n.<\/p>\n\n\n\n<p>Tras el derrocamiento del gobierno de Bashar Al-Assad, las fuerzas de ocupaci\u00f3n israel\u00edes intensificaron sus actos de agresi\u00f3n que violan la soberan\u00eda e integridad territorial de Siria, al llevar a cabo incursiones terrestres y ocupar \u00e1reas.<\/p>\n\n\n\n<p>Cientos de incursiones a\u00e9reas destruyeron la infraestructura militar y las restantes instalaciones del ej\u00e9rcito sirio.<\/p>\n\n\n\n<p>Asimismo, el Gobierno de Tel Aviv anunci\u00f3 el colapso del acuerdo de separaci\u00f3n de fuerzas de 1974 con Siria y ocup\u00f3 la zona desmilitarizada de amortiguaci\u00f3n de los Altos del Gol\u00e1n, as\u00ed como el Monte Herm\u00f3n, y luego, su ej\u00e9rcito penetr\u00f3 en las zonas rurales de Deraa y Quneitra.<\/p>\n\n\n\n<p>ro\/fm<\/p>\n\n\n\n<ul class=\"wp-block-list\">\n<li>#<a href=\"https:\/\/www.prensa-latina.cu\/etiqueta\/deraa\/\">deraa<\/a>\u00a0#<a href=\"https:\/\/www.prensa-latina.cu\/etiqueta\/israel\/\">Israel<\/a>\u00a0#<a href=\"https:\/\/www.prensa-latina.cu\/etiqueta\/quneitra\/\">quneitra<\/a>\u00a0#<a href=\"https:\/\/www.prensa-latina.cu\/etiqueta\/siria\/\">siria<\/a><\/li>\n<\/ul>\n","protected":false},"excerpt":{"rendered":"<p>Damasco, 25 dic (Prensa Latina) Al menos siete civiles resultaron heridos hoy durante su enfrentamiento a las fuerzas del ocupante israel\u00ed que invadieron varias localidades en el suroeste de Siria, informaron medios de prensa aqu\u00ed. M\u00e9dicos en el Hospital Nacional del Gol\u00e1n declararon que el Departamento de Emergencia M\u00e9dica recibi\u00f3 siete heridos por disparos de [&hellip;]<\/p>\n","protected":false},"author":28,"featured_media":585419,"comment_status":"closed","ping_status":"closed","sticky":true,"template":"","format":"standard","meta":{"footnotes":""},"categories":[23],"tags":[],"class_list":["post-585418","post","type-post","status-publish","format-standard","has-post-thumbnail","hentry","category-internacional"],"_links":{"self":[{"href":"https:\/\/diariodominicano.com\/index.php?rest_route=\/wp\/v2\/posts\/585418","targetHints":{"allow":["GET"]}}],"collection":[{"href":"https:\/\/diariodominicano.com\/index.php?rest_route=\/wp\/v2\/posts"}],"about":[{"href":"https:\/\/diariodominicano.com\/index.php?rest_route=\/wp\/v2\/types\/post"}],"author":[{"embeddable":true,"href":"https:\/\/diariodominicano.com\/index.php?rest_route=\/wp\/v2\/users\/28"}],"replies":[{"embeddable":true,"href":"https:\/\/diariodominicano.com\/index.php?rest_route=%2Fwp%2Fv2%2Fcomments&post=585418"}],"version-history":[{"count":1,"href":"https:\/\/diariodominicano.com\/index.php?rest_route=\/wp\/v2\/posts\/585418\/revisions"}],"predecessor-version":[{"id":585420,"href":"https:\/\/diariodominicano.com\/index.php?rest_route=\/wp\/v2\/posts\/585418\/revisions\/585420"}],"wp:featuredmedia":[{"embeddable":true,"href":"https:\/\/diariodominicano.com\/index.php?rest_route=\/wp\/v2\/media\/585419"}],"wp:attachment":[{"href":"https:\/\/diariodominicano.com\/index.php?rest_route=%2Fwp%2Fv2%2Fmedia&parent=585418"}],"wp:term":[{"taxonomy":"category","embeddable":true,"href":"https:\/\/diariodominicano.com\/index.php?rest_route=%2Fwp%2Fv2%2Fcategories&post=585418"},{"taxonomy":"post_tag","embeddable":true,"href":"https:\/\/diariodominicano.com\/index.php?rest_route=%2Fwp%2Fv2%2Ftags&post=585418"}],"curies":[{"name":"wp","href":"https:\/\/api.w.org\/{rel}","templated":true}]}}