{"id":585356,"date":"2024-12-25T19:15:29","date_gmt":"2024-12-25T23:15:29","guid":{"rendered":"https:\/\/diariodominicano.com\/?p=585356"},"modified":"2026-01-02T18:23:32","modified_gmt":"2026-01-02T22:23:32","slug":"911-informa-que-fue-controlada-emergencia-por-fuga-de-gas-tras-accidente-en-el-tunel-27-de-febrero","status":"publish","type":"post","link":"https:\/\/diariodominicano.com\/?p=585356","title":{"rendered":"911 informa que fue controlada emergencia por fuga de gas tras accidente en el t\u00fanel 27 de Febrero"},"content":{"rendered":"\n<p><em>Bomberos del DN y DIGESETT controlaron la escena; colisi\u00f3n entre veh\u00edculos caus\u00f3 fuga de gas, el tr\u00e1nsito est\u00e1 restablecido y el t\u00fanel opera con normalidad.<\/em><\/p>\n\n\n\n<p><strong>Santo Domingo, Distrito Nacional. \u2013<\/strong>&nbsp;El Sistema Nacional de Atenci\u00f3n a Emergencias y Seguridad 911 inform\u00f3 la tarde de hoy sobre la respuesta oportuna a un accidente de tr\u00e1nsito que gener\u00f3 una fuga de gas en el t\u00fanel de la avenida 27 de Febrero, Distrito Nacional. El incidente, que involucr\u00f3 la colisi\u00f3n de cuatro veh\u00edculos, activ\u00f3 un despliegue inmediato de recursos para garantizar la seguridad en la zona.<\/p>\n\n\n\n<figure class=\"wp-block-image\"><img decoding=\"async\" src=\"https:\/\/diariodominicano.com\/wp-content\/uploads\/2024\/12\/911-informa-que-fue-controlada-emergencia-por-fuga-de-gas-tras-accidente-en-tuinel-27-de-Febrero-1024x768.jpeg\" alt=\"\"\/><\/figure>\n\n\n\n<p>En el lugar se presentaron cuatro unidades de la Direcci\u00f3n General de Seguridad de Tr\u00e1nsito y Transporte Terrestre (DIGESETT), las cuales se encargaron de cerrar el t\u00fanel y coordinar el flujo vehicular en los alrededores para salvaguardar a los ciudadanos mientras se atend\u00eda la emergencia. Adem\u00e1s, el Cuerpo de Bomberos del Distrito Nacional despleg\u00f3 tres unidades que trabajaron de forma r\u00e1pida y eficiente para contener y corregir la fuga de gas provocada por uno de los veh\u00edculos involucrados.<\/p>\n\n\n\n<p>Las unidades de salud tambi\u00e9n estuvieron presentes, con cuatro ambulancias de la Direcci\u00f3n de Servicios de Atenci\u00f3n a Emergencias Extrahospitalarias (DAEH) en el lugar para asistir a los afectados, dos unidades de la Defensa Civil y una unidad unidad de la Comisi\u00f3n Militar y Policial (COMIPOL). Un total de tres personas fueron atendidas en centros m\u00e9dicos, donde recibieron la atenci\u00f3n necesaria.<\/p>\n\n\n\n<p>El Sistema 911 destac\u00f3 la efectiva coordinaci\u00f3n de las unidades involucradas, logrando controlar la situaci\u00f3n y restablecer el tr\u00e1nsito en el t\u00fanel en un tiempo oportuno. El t\u00fanel 27 de Febrero est\u00e1 abierto al tr\u00e1nsito y opera con normalidad.<\/p>\n\n\n\n<figure class=\"wp-block-image\"><img decoding=\"async\" src=\"https:\/\/diariodominicano.com\/wp-content\/uploads\/2024\/12\/911-informa-que-fue-controlada-emergencia-por-fuga-de-gas-tras-accidente-en-el-tuinel-27-de-Febrero-768x1024.jpeg\" alt=\"\"\/><\/figure>\n\n\n\n<p>Asimismo, el Sistema 911 reiter\u00f3 su llamado a la poblaci\u00f3n para ceder el paso a los veh\u00edculos de emergencia, con el objetivo de facilitar las operaciones de respuesta y brindar asistencia adecuada en situaciones cr\u00edticas.<\/p>\n\n\n\n<p><strong>Direcci\u00f3n de Comunicaciones<\/strong>&nbsp;| Contacto:&nbsp;<a href=\"mailto:prensa@911.gob.do\" target=\"_blank\" rel=\"noreferrer noopener\">prensa@911.gob.do<\/a><\/p>\n","protected":false},"excerpt":{"rendered":"<p>Bomberos del DN y DIGESETT controlaron la escena; colisi\u00f3n entre veh\u00edculos caus\u00f3 fuga de gas, el tr\u00e1nsito est\u00e1 restablecido y el t\u00fanel opera con normalidad. Santo Domingo, Distrito Nacional. \u2013&nbsp;El Sistema Nacional de Atenci\u00f3n a Emergencias y Seguridad 911 inform\u00f3 la tarde de hoy sobre la respuesta oportuna a un accidente de tr\u00e1nsito que gener\u00f3 [&hellip;]<\/p>\n","protected":false},"author":7,"featured_media":585376,"comment_status":"closed","ping_status":"closed","sticky":false,"template":"","format":"standard","meta":{"footnotes":""},"categories":[20],"tags":[1223],"class_list":["post-585356","post","type-post","status-publish","format-standard","has-post-thumbnail","hentry","category-dominicana-hoy","tag-1223"],"_links":{"self":[{"href":"https:\/\/diariodominicano.com\/index.php?rest_route=\/wp\/v2\/posts\/585356","targetHints":{"allow":["GET"]}}],"collection":[{"href":"https:\/\/diariodominicano.com\/index.php?rest_route=\/wp\/v2\/posts"}],"about":[{"href":"https:\/\/diariodominicano.com\/index.php?rest_route=\/wp\/v2\/types\/post"}],"author":[{"embeddable":true,"href":"https:\/\/diariodominicano.com\/index.php?rest_route=\/wp\/v2\/users\/7"}],"replies":[{"embeddable":true,"href":"https:\/\/diariodominicano.com\/index.php?rest_route=%2Fwp%2Fv2%2Fcomments&post=585356"}],"version-history":[{"count":1,"href":"https:\/\/diariodominicano.com\/index.php?rest_route=\/wp\/v2\/posts\/585356\/revisions"}],"predecessor-version":[{"id":585383,"href":"https:\/\/diariodominicano.com\/index.php?rest_route=\/wp\/v2\/posts\/585356\/revisions\/585383"}],"wp:featuredmedia":[{"embeddable":true,"href":"https:\/\/diariodominicano.com\/index.php?rest_route=\/wp\/v2\/media\/585376"}],"wp:attachment":[{"href":"https:\/\/diariodominicano.com\/index.php?rest_route=%2Fwp%2Fv2%2Fmedia&parent=585356"}],"wp:term":[{"taxonomy":"category","embeddable":true,"href":"https:\/\/diariodominicano.com\/index.php?rest_route=%2Fwp%2Fv2%2Fcategories&post=585356"},{"taxonomy":"post_tag","embeddable":true,"href":"https:\/\/diariodominicano.com\/index.php?rest_route=%2Fwp%2Fv2%2Ftags&post=585356"}],"curies":[{"name":"wp","href":"https:\/\/api.w.org\/{rel}","templated":true}]}}