{"id":585297,"date":"2024-12-25T03:18:55","date_gmt":"2024-12-25T07:18:55","guid":{"rendered":"https:\/\/diariodominicano.com\/?p=585297"},"modified":"2024-12-25T03:18:59","modified_gmt":"2024-12-25T07:18:59","slug":"legislativo-de-china-abrira-sesion-anual-el-5-de-marzo-de-2025","status":"publish","type":"post","link":"https:\/\/diariodominicano.com\/?p=585297","title":{"rendered":"Legislativo de China abrir\u00e1 sesi\u00f3n anual el 5 de marzo de 2025"},"content":{"rendered":"\n<p><em>spanish.news.cn<\/em>|<em>&nbsp;2024-12-25 10:20:01<\/em>|<\/p>\n\n\n\n<p>BEIJING, 25 dic (Xinhua) &#8212; La XIV Asamblea Popular Nacional (APN) de China comenzar\u00e1 su tercera sesi\u00f3n anual en Beijing el 5 de marzo de 2025, de acuerdo con una decisi\u00f3n tomada hoy mi\u00e9rcoles por el Comit\u00e9 Permanente de la APN.<\/p>\n\n\n\n<p>La decisi\u00f3n fue adoptada al final de una sesi\u00f3n del Comit\u00e9 Permanente de la APN celebrada del s\u00e1bado al mi\u00e9rcoles.<\/p>\n\n\n\n<p>La agenda sugerida para la sesi\u00f3n anual incluye la revisi\u00f3n del informe sobre la labor del Gobierno y el examen del informe sobre la implementaci\u00f3n del plan anual de desarrollo econ\u00f3mico y social nacional para 2024 y del proyecto del mismo plan para 2025.<\/p>\n\n\n\n<p>Se espera que la sesi\u00f3n anual tambi\u00e9n examine el informe sobre la ejecuci\u00f3n de los presupuestos central y locales para 2024 y el proyecto de los mismos presupuestos para 2025.<\/p>\n\n\n\n<p>Seg\u00fan la decisi\u00f3n, los legisladores deliberar\u00e1n sobre un proyecto de enmienda a la Ley de Diputados de la APN y de las asambleas populares locales a diversos niveles y revisar\u00e1n los informes de trabajo del Comit\u00e9 Permanente de la APN, el Tribunal Popular Supremo y la Fiscal\u00eda Popular Suprema.&nbsp;<\/p>\n","protected":false},"excerpt":{"rendered":"<p>spanish.news.cn|&nbsp;2024-12-25 10:20:01| BEIJING, 25 dic (Xinhua) &#8212; La XIV Asamblea Popular Nacional (APN) de China comenzar\u00e1 su tercera sesi\u00f3n anual en Beijing el 5 de marzo de 2025, de acuerdo con una decisi\u00f3n tomada hoy mi\u00e9rcoles por el Comit\u00e9 Permanente de la APN. La decisi\u00f3n fue adoptada al final de una sesi\u00f3n del Comit\u00e9 Permanente [&hellip;]<\/p>\n","protected":false},"author":28,"featured_media":0,"comment_status":"closed","ping_status":"closed","sticky":true,"template":"","format":"standard","meta":{"footnotes":""},"categories":[23],"tags":[],"class_list":["post-585297","post","type-post","status-publish","format-standard","hentry","category-internacional"],"_links":{"self":[{"href":"https:\/\/diariodominicano.com\/index.php?rest_route=\/wp\/v2\/posts\/585297","targetHints":{"allow":["GET"]}}],"collection":[{"href":"https:\/\/diariodominicano.com\/index.php?rest_route=\/wp\/v2\/posts"}],"about":[{"href":"https:\/\/diariodominicano.com\/index.php?rest_route=\/wp\/v2\/types\/post"}],"author":[{"embeddable":true,"href":"https:\/\/diariodominicano.com\/index.php?rest_route=\/wp\/v2\/users\/28"}],"replies":[{"embeddable":true,"href":"https:\/\/diariodominicano.com\/index.php?rest_route=%2Fwp%2Fv2%2Fcomments&post=585297"}],"version-history":[{"count":1,"href":"https:\/\/diariodominicano.com\/index.php?rest_route=\/wp\/v2\/posts\/585297\/revisions"}],"predecessor-version":[{"id":585298,"href":"https:\/\/diariodominicano.com\/index.php?rest_route=\/wp\/v2\/posts\/585297\/revisions\/585298"}],"wp:attachment":[{"href":"https:\/\/diariodominicano.com\/index.php?rest_route=%2Fwp%2Fv2%2Fmedia&parent=585297"}],"wp:term":[{"taxonomy":"category","embeddable":true,"href":"https:\/\/diariodominicano.com\/index.php?rest_route=%2Fwp%2Fv2%2Fcategories&post=585297"},{"taxonomy":"post_tag","embeddable":true,"href":"https:\/\/diariodominicano.com\/index.php?rest_route=%2Fwp%2Fv2%2Ftags&post=585297"}],"curies":[{"name":"wp","href":"https:\/\/api.w.org\/{rel}","templated":true}]}}