{"id":585291,"date":"2024-12-25T03:13:46","date_gmt":"2024-12-25T07:13:46","guid":{"rendered":"https:\/\/diariodominicano.com\/?p=585291"},"modified":"2024-12-25T03:14:19","modified_gmt":"2024-12-25T07:14:19","slug":"mijain-omara-y-futbol-argentino-ganan-encuesta-anual-de-prensa-latina-fotos","status":"publish","type":"post","link":"https:\/\/diariodominicano.com\/?p=585291","title":{"rendered":"Mija\u00edn, Omara y f\u00fatbol argentino ganan Encuesta Anual de Prensa Latina (+Fotos)"},"content":{"rendered":"\n<p>La Habana, 24 dic (Prensa Latina) El luchador Mija\u00edn L\u00f3pez, la velocista paral\u00edmpica Omara Durand El\u00edas, ambos cubanos, y el equipo de f\u00fatbol de Argentina resultaron ganadores en la edici\u00f3n 60 de la Encuesta Deportiva Anual de Prensa Latina.<\/p>\n\n\n\n<ul class=\"wp-block-list\">\n<li><a href=\"https:\/\/www.prensa-latina.cu\/2024\/12\/24\/\"><time>diciembre 24, 2024 | 08:03<\/time><\/a><\/li>\n<\/ul>\n\n\n\n<ul class=\"wp-block-list\">\n<li><a href=\"https:\/\/www.prensa-latina.cu\/2024\/12\/24\/mijain-omara-y-futbol-argentino-ganan-encuesta-anual-de-prensalatina\/#\"><\/a><\/li>\n\n\n\n<li><a href=\"https:\/\/www.prensa-latina.cu\/2024\/12\/24\/mijain-omara-y-futbol-argentino-ganan-encuesta-anual-de-prensalatina\/#\"><\/a><\/li>\n\n\n\n<li><a href=\"https:\/\/www.prensa-latina.cu\/2024\/12\/24\/mijain-omara-y-futbol-argentino-ganan-encuesta-anual-de-prensalatina\/#\"><\/a><\/li>\n\n\n\n<li><a href=\"https:\/\/www.prensa-latina.cu\/2024\/12\/24\/mijain-omara-y-futbol-argentino-ganan-encuesta-anual-de-prensalatina\/#\"><\/a><\/li>\n<\/ul>\n\n\n\n<p><a href=\"https:\/\/www.prensa-latina.cu\/2024\/12\/24\/mijain-lopez-el-gigante-de-oro\/\">Mija\u00edn L\u00f3pez: el gigante de oro<\/a><\/p>\n\n\n\n<p><a href=\"https:\/\/www.prensa-latina.cu\/2024\/12\/24\/omara-durand-la-reina-de-la-inclusion-y-la-velocidad\/\">Omara Durand: La Reina de la inclusi\u00f3n y la velocidad (+Foto)<\/a><\/p>\n\n\n\n<p><a href=\"https:\/\/www.prensa-latina.cu\/2024\/11\/25\/los-mejores-del-deporte-en-2024-luchador-mijain-lopez\/\">Los mejores del deporte en 2024: luchador Mija\u00edn L\u00f3pez (+Foto)<\/a><\/p>\n\n\n\n<p><a href=\"https:\/\/www.prensa-latina.cu\/2024\/11\/30\/los-mejores-del-deporte-en-2024-velocista-paralimpica-omara-durand\/\">Los mejores del deporte en 2024: velocista paral\u00edmpica Omara Durand (+Fotos)<\/a><\/p>\n\n\n\n<p><a href=\"https:\/\/www.prensa-latina.cu\/2024\/12\/24\/futbol-albiceleste-gana-encuesta-deportiva-anual-de-prensa-latina\/\">F\u00fatbol albiceleste gana Encuesta Deportiva Anual de Prensa Latina<\/a><\/p>\n\n\n\n<p><a href=\"https:\/\/www.prensa-latina.cu\/2024\/12\/24\/ganadores-historicos-de-la-encuesta-deportiva-anual-de-prensa-latina-2\/\">Ganadores hist\u00f3ricos de la Encuesta Deportiva Anual de Prensa Latina<\/a><\/p>\n\n\n\n<p>El Gigante de Herradura \u2014localidad de la occidental provincia cubana de Pinaar del Rio\u2014 conquist\u00f3 su segundo lauro como mejor atleta masculino de Latinoam\u00e9rica y el Caribe (con anterioridad lo conquist\u00f3 en 2021), pr\u00e1cticamente arrasando con los votos emitidos por 105 medios que participaron en la Encuesta.<\/p>\n\n\n\n<p>Mija\u00edn se convirti\u00f3 este a\u00f1o en el primer atleta de cualquier deporte en la historia ol\u00edmpica que conquista el t\u00edtulo estival en un mismo evento en cinco juegos de forma consecutiva y por ello mereci\u00f3 benepl\u00e1cito de 87 medios, muy por encima de los cinco votos logrados por el tenista salvadore\u00f1o Marcelo Ar\u00e9valo.<\/p>\n\n\n\n<figure class=\"wp-block-image\"><img decoding=\"async\" src=\"https:\/\/www.prensa-latina.cu\/wp-content\/uploads\/2024\/12\/Encuesta-PL-24A.jpg\" alt=\"\" class=\"wp-image-1445217\"\/><\/figure>\n\n\n\n<p>Mientras Durand El\u00edas se impuso en el apartado femenino con 40 nominaciones, casi el doble que la velocista dominicana Marileidy Paulino y la gimnasta brasile\u00f1a Rebeca Andrade, ambas con 19 votos.<\/p>\n\n\n\n<p>La atleta paral\u00edmpica cubana cerr\u00f3 una carrera deportiva de ensue\u00f1o, tras conquistar tres cetros ol\u00edmpicos en Par\u00eds 2024 (100, 200 y 400 metros) y elevar a 11 el n\u00famero de t\u00edtulos estivales en su palmar\u00e9s, a los cuales suma 13 oros en citas parapanamericanas y 14 en campeonatos mundiales.<\/p>\n\n\n\n<figure class=\"wp-block-image\"><img decoding=\"async\" src=\"https:\/\/www.prensa-latina.cu\/wp-content\/uploads\/2024\/12\/Encuesta-PL-24B.jpg\" alt=\"\" class=\"wp-image-1445218\"\/><\/figure>\n\n\n\n<p>Por su parte, la Albiceleste cerr\u00f3 con 49 papeletas en esta edici\u00f3n 60 de la Encuesta y se hizo inalcanzable para su escolta, el elenco de B\u00e9isbol5 de Cuba (mereci\u00f3 el benepl\u00e1cito de 35 medios), coronado como campe\u00f3n en el Mundial de Hong Kong 2024, en un ac\u00e1pite donde otros 10 colectivos obtuvieron al menos un voto.<\/p>\n\n\n\n<p>El once argentino se hab\u00eda impuesto con anterioridad en las ediciones de 1986, 1991, 2001, 2008, 2014, 2021 y 2022.<\/p>\n\n\n\n<p>El principal m\u00e9rito del once argentino fue el t\u00edtulo en la Copa Am\u00e9rica celebrada a mediados de a\u00f1o en estados Unidos, donde cerr\u00f3 invicta tras superar en la final a Colombia en tiempo extra.<\/p>\n\n\n\n<p>Ese constituy\u00f3 el segundo t\u00edtulo consecutivo en el principal torneo continental de f\u00fatbol para la tropa encabezada por el astro Lionel Messi \u2014para muchos el mejor jugador de la historia\u2014, una n\u00f3mina cuyo grueso de jugadores archivan el t\u00edtulo en la Copa Mundial de Catar 2022 y en la Finalissima de 2023.<\/p>\n\n\n\n<p>Concluida esta edici\u00f3n 60, el palmar\u00e9s hist\u00f3rico entre los hombres sigue dominado por el velocista jamaicano Usain Bolt con seis lauros, seguido por el pr\u00edncipe de las alturas cubano Javier Sotomayor (5), mientras entre las mujeres lideran la colombiana Caterine Ibarg\u00fcen y la venezolana Yulimar Rojas (ambas con cinco), por delante de la cubana Ana Fidelia Quirot (4).<\/p>\n\n\n\n<p>Bolt, vigente recordista mundial de 100 (9.58 segundos) y 200 metros planos (19.19 seg.), triunf\u00f3 en 2008, 2009, 2012, 2013, 2015 y 2016), por su parte Ibarg\u00fcen recibi\u00f3 el benepl\u00e1cito en 2011, 2014, 2015, 2016 y 2018, mientras Rojas lo consigui\u00f3 las ediciones de 2017, 2019, 2021, 2022 y 2023.<\/p>\n\n\n\n<p>Entre los equipos, el m\u00e1s reconocido ha sido la selecci\u00f3n de f\u00fatbol de Brasil, premiada en nueve ocasiones, seguida por el once de Argentina, ocho veces, en tanto los sextetos de voleibol de Brasil (m) y Cuba (f), se han llevado las palmas en cuatro oportunidades. Vale recordar que estas votaciones de la agencia latinoamericana vieron la luz en 1964, con el velocista cubano Enrique Figuerola como primer ganador, y que desde 1980 se decidi\u00f3 incluir la categor\u00eda de Mejor Equipo del A\u00f1o, en tanto desde 1988 comenzaron a elegirse por separado hombres y mujeres.<\/p>\n\n\n\n<p>mem\/jcm<\/p>\n","protected":false},"excerpt":{"rendered":"<p>La Habana, 24 dic (Prensa Latina) El luchador Mija\u00edn L\u00f3pez, la velocista paral\u00edmpica Omara Durand El\u00edas, ambos cubanos, y el equipo de f\u00fatbol de Argentina resultaron ganadores en la edici\u00f3n 60 de la Encuesta Deportiva Anual de Prensa Latina. Mija\u00edn L\u00f3pez: el gigante de oro Omara Durand: La Reina de la inclusi\u00f3n y la velocidad [&hellip;]<\/p>\n","protected":false},"author":28,"featured_media":585292,"comment_status":"closed","ping_status":"closed","sticky":true,"template":"","format":"standard","meta":{"footnotes":""},"categories":[17,25,27],"tags":[],"class_list":["post-585291","post","type-post","status-publish","format-standard","has-post-thumbnail","hentry","category-deportes","category-gente","category-portada"],"_links":{"self":[{"href":"https:\/\/diariodominicano.com\/index.php?rest_route=\/wp\/v2\/posts\/585291","targetHints":{"allow":["GET"]}}],"collection":[{"href":"https:\/\/diariodominicano.com\/index.php?rest_route=\/wp\/v2\/posts"}],"about":[{"href":"https:\/\/diariodominicano.com\/index.php?rest_route=\/wp\/v2\/types\/post"}],"author":[{"embeddable":true,"href":"https:\/\/diariodominicano.com\/index.php?rest_route=\/wp\/v2\/users\/28"}],"replies":[{"embeddable":true,"href":"https:\/\/diariodominicano.com\/index.php?rest_route=%2Fwp%2Fv2%2Fcomments&post=585291"}],"version-history":[{"count":2,"href":"https:\/\/diariodominicano.com\/index.php?rest_route=\/wp\/v2\/posts\/585291\/revisions"}],"predecessor-version":[{"id":585294,"href":"https:\/\/diariodominicano.com\/index.php?rest_route=\/wp\/v2\/posts\/585291\/revisions\/585294"}],"wp:featuredmedia":[{"embeddable":true,"href":"https:\/\/diariodominicano.com\/index.php?rest_route=\/wp\/v2\/media\/585292"}],"wp:attachment":[{"href":"https:\/\/diariodominicano.com\/index.php?rest_route=%2Fwp%2Fv2%2Fmedia&parent=585291"}],"wp:term":[{"taxonomy":"category","embeddable":true,"href":"https:\/\/diariodominicano.com\/index.php?rest_route=%2Fwp%2Fv2%2Fcategories&post=585291"},{"taxonomy":"post_tag","embeddable":true,"href":"https:\/\/diariodominicano.com\/index.php?rest_route=%2Fwp%2Fv2%2Ftags&post=585291"}],"curies":[{"name":"wp","href":"https:\/\/api.w.org\/{rel}","templated":true}]}}