{"id":585288,"date":"2024-12-25T03:09:57","date_gmt":"2024-12-25T07:09:57","guid":{"rendered":"https:\/\/diariodominicano.com\/?p=585288"},"modified":"2024-12-25T03:10:03","modified_gmt":"2024-12-25T07:10:03","slug":"alba-tcp-rechazo-declaraciones-de-donald-trump-sobre-canal-de-panama","status":"publish","type":"post","link":"https:\/\/diariodominicano.com\/?p=585288","title":{"rendered":"ALBA-TCP rechaz\u00f3 declaraciones de Donald Trump sobre Canal de Panam\u00e1"},"content":{"rendered":"\n<p>Caracas, 24 dic (Prensa Latina) Los Estados miembros del ALBA-TCP expresaron hoy su rechazo a las declaraciones del presidente electo de Estados Unidos, Donald Trump, en las que amenaza tomar control del Canal de Panam\u00e1.<\/p>\n\n\n\n<ul class=\"wp-block-list\">\n<li><a href=\"https:\/\/www.prensa-latina.cu\/2024\/12\/24\/\"><time>diciembre 24, 2024 | 18:55<\/time><\/a><\/li>\n<\/ul>\n\n\n\n<ul class=\"wp-block-list\">\n<li><a href=\"https:\/\/www.prensa-latina.cu\/2024\/12\/24\/alba-tcp-rechazo-declaraciones-de-donald-trump-sobre-canal-de-panama\/#\"><\/a><\/li>\n\n\n\n<li><a href=\"https:\/\/www.prensa-latina.cu\/2024\/12\/24\/alba-tcp-rechazo-declaraciones-de-donald-trump-sobre-canal-de-panama\/#\"><\/a><\/li>\n\n\n\n<li><a href=\"https:\/\/www.prensa-latina.cu\/2024\/12\/24\/alba-tcp-rechazo-declaraciones-de-donald-trump-sobre-canal-de-panama\/#\"><\/a><\/li>\n\n\n\n<li><a href=\"https:\/\/www.prensa-latina.cu\/2024\/12\/24\/alba-tcp-rechazo-declaraciones-de-donald-trump-sobre-canal-de-panama\/#\"><\/a><\/li>\n<\/ul>\n\n\n\n<p>La v\u00eda interoce\u00e1nica es un importante paso comercial protegido por el Derecho Internacional, el Tratado Torrijos-Carter y el Tratado Relativo a la Neutralidad Permanente y su funcionamiento, indic\u00f3 en un comunicado el bloque de integraci\u00f3n latinoamericano y caribe\u00f1o.<\/p>\n\n\n\n<p>Subray\u00f3 que este tiene car\u00e1cter de ley inamovible y establece que \u201cla v\u00eda mar\u00edtima es parte inalienable del territorio paname\u00f1o, por lo que esta pretensi\u00f3n representa una agresi\u00f3n a la soberan\u00eda de ese pa\u00eds\u201d.<\/p>\n\n\n\n<p>La Alianza Bolivariana para los Pueblos de Nuestra Am\u00e9rica-Tratado de Comercio de los Pueblos (ALBA-TCP) rechaz\u00f3 esa nueva amenaza y \u201capoya a la Rep\u00fablica de Panam\u00e1 en la defensa de su soberan\u00eda, integridad territorial y libre determinaci\u00f3n\u201d.<\/p>\n\n\n\n<p>Los pa\u00edses de la Alianza Bolivariana -a 200 a\u00f1os de la convocatoria de Sim\u00f3n Bol\u00edvar al Congreso Anficti\u00f3nico de Panam\u00e1- reafirmaron \u201cla vigencia de la uni\u00f3n como \u00fanica v\u00eda para enfrentar la voracidad de los imperios\u201d.<\/p>\n\n\n\n<p>Asimismo ratificaron toda su solidaridad con el gobierno paname\u00f1o contra este nuevo agravio.<\/p>\n\n\n\n<p>arc\/jcd<\/p>\n\n\n\n<ul class=\"wp-block-list\">\n<li>#<a href=\"https:\/\/www.prensa-latina.cu\/etiqueta\/albatcp\/\">albatcp<\/a>\u00a0#<a href=\"https:\/\/www.prensa-latina.cu\/etiqueta\/canal\/\">canal<\/a>\u00a0#<a href=\"https:\/\/www.prensa-latina.cu\/etiqueta\/eeuu\/\">eeuu<\/a>\u00a0#<a href=\"https:\/\/www.prensa-latina.cu\/etiqueta\/venezuela\/\">Venezuela<\/a><\/li>\n<\/ul>\n","protected":false},"excerpt":{"rendered":"<p>Caracas, 24 dic (Prensa Latina) Los Estados miembros del ALBA-TCP expresaron hoy su rechazo a las declaraciones del presidente electo de Estados Unidos, Donald Trump, en las que amenaza tomar control del Canal de Panam\u00e1. La v\u00eda interoce\u00e1nica es un importante paso comercial protegido por el Derecho Internacional, el Tratado Torrijos-Carter y el Tratado Relativo [&hellip;]<\/p>\n","protected":false},"author":28,"featured_media":585289,"comment_status":"closed","ping_status":"closed","sticky":true,"template":"","format":"standard","meta":{"footnotes":""},"categories":[36,23],"tags":[],"class_list":["post-585288","post","type-post","status-publish","format-standard","has-post-thumbnail","hentry","category-hombresmujeresycosas","category-internacional"],"_links":{"self":[{"href":"https:\/\/diariodominicano.com\/index.php?rest_route=\/wp\/v2\/posts\/585288","targetHints":{"allow":["GET"]}}],"collection":[{"href":"https:\/\/diariodominicano.com\/index.php?rest_route=\/wp\/v2\/posts"}],"about":[{"href":"https:\/\/diariodominicano.com\/index.php?rest_route=\/wp\/v2\/types\/post"}],"author":[{"embeddable":true,"href":"https:\/\/diariodominicano.com\/index.php?rest_route=\/wp\/v2\/users\/28"}],"replies":[{"embeddable":true,"href":"https:\/\/diariodominicano.com\/index.php?rest_route=%2Fwp%2Fv2%2Fcomments&post=585288"}],"version-history":[{"count":1,"href":"https:\/\/diariodominicano.com\/index.php?rest_route=\/wp\/v2\/posts\/585288\/revisions"}],"predecessor-version":[{"id":585290,"href":"https:\/\/diariodominicano.com\/index.php?rest_route=\/wp\/v2\/posts\/585288\/revisions\/585290"}],"wp:featuredmedia":[{"embeddable":true,"href":"https:\/\/diariodominicano.com\/index.php?rest_route=\/wp\/v2\/media\/585289"}],"wp:attachment":[{"href":"https:\/\/diariodominicano.com\/index.php?rest_route=%2Fwp%2Fv2%2Fmedia&parent=585288"}],"wp:term":[{"taxonomy":"category","embeddable":true,"href":"https:\/\/diariodominicano.com\/index.php?rest_route=%2Fwp%2Fv2%2Fcategories&post=585288"},{"taxonomy":"post_tag","embeddable":true,"href":"https:\/\/diariodominicano.com\/index.php?rest_route=%2Fwp%2Fv2%2Ftags&post=585288"}],"curies":[{"name":"wp","href":"https:\/\/api.w.org\/{rel}","templated":true}]}}