{"id":585282,"date":"2024-12-25T03:02:38","date_gmt":"2024-12-25T07:02:38","guid":{"rendered":"https:\/\/diariodominicano.com\/?p=585282"},"modified":"2024-12-25T03:02:47","modified_gmt":"2024-12-25T07:02:47","slug":"colombia-y-haiti-refuerzan-su-relacion-con-nueva-alianza-estrategica","status":"publish","type":"post","link":"https:\/\/diariodominicano.com\/?p=585282","title":{"rendered":"Colombia y Hait\u00ed refuerzan su relaci\u00f3n con nueva alianza estrat\u00e9gica"},"content":{"rendered":"\n<p>El presidente de Colombia, Gustavo Petro (derecha) y el jefe del Consejo Presidencial de Hait\u00ed, Leslie Voltaire (izquierda) en su encuentro ampliado en La Guajira el pasado s\u00e1bado 21 de diciembre. [Foto: Presidencia de Colombia]<\/p>\n\n\n\n<p>diciembre 24, 2024<\/p>\n\n\n\n<ul class=\"wp-block-list\">\n<li><a href=\"https:\/\/www.vozdeamerica.com\/author\/liz-castrellon\/ruvvt\">Liz Castrell\u00f3n<\/a><\/li>\n<\/ul>\n\n\n\n<ul class=\"wp-block-list\">\n<li><a href=\"https:\/\/facebook.com\/sharer.php?u=https%3a%2f%2fwww.vozdeamerica.com%2fa%2fcolombia-haiti-refuerzan-relacion-nueva-alianza-estrategica%2f7911634.html\" target=\"_blank\" rel=\"noreferrer noopener\"><\/a><\/li>\n\n\n\n<li><a href=\"https:\/\/twitter.com\/share?url=https%3a%2f%2fwww.vozdeamerica.com%2fa%2fcolombia-haiti-refuerzan-relacion-nueva-alianza-estrategica%2f7911634.html&amp;text=Colombia+y+Hait%c3%ad+refuerzan+su+relaci%c3%b3n+con+nueva+alianza+estrat%c3%a9gica\" target=\"_blank\" rel=\"noreferrer noopener\"><\/a><\/li>\n\n\n\n<li><\/li>\n\n\n\n<li><a href=\"mailto:?body=https%3a%2f%2fwww.vozdeamerica.com%2fa%2fcolombia-haiti-refuerzan-relacion-nueva-alianza-estrategica%2f7911634.html&amp;subject=Colombia%20y%20Hait%C3%AD%20refuerzan%20su%20relaci%C3%B3n%20con%20nueva%20alianza%20estrat%C3%A9gica\"><\/a><\/li>\n<\/ul>\n\n\n\n<p><a href=\"https:\/\/www.vozdeamerica.com\/a\/colombia-haiti-refuerzan-relacion-nueva-alianza-estrategica\/7911634.html#comments\">&nbsp;Vea comentarios<\/a><\/p>\n\n\n\n<p>Colombia y Hait\u00ed firman una alianza estrat\u00e9gica para fortalecer la paz, el comercio, la seguridad y la cooperaci\u00f3n cultural. Descubre los detalles de este hist\u00f3rico acuerdo bilateral.<\/p>\n\n\n\n<p>BOGOT\u00c1 \u2014&nbsp;<\/p>\n\n\n\n<p>El presidente de Colombia, Gustavo Petro y el jefe del Consejo Presidencial de Hait\u00ed, Leslie Voltaire, firmaron una hist\u00f3rica declaraci\u00f3n conjunta en Riohacha, La Guajira, que establece una nueva alianza entre ambos pa\u00edses.<\/p>\n\n\n\n<p>Esta colaboraci\u00f3n se centra en varios pilares clave, como la consolidaci\u00f3n de la paz, el fortalecimiento institucional, la cooperaci\u00f3n econ\u00f3mica y comercial, la seguridad y el intercambio cultural.<\/p>\n\n\n\n<p>Tras el encuentro celebrado en La Guajira, el s\u00e1bado 21 de diciembre, el jefe de Estado de Colombia confirm\u00f3 su compromiso de \u201capoyar a la soluci\u00f3n de la crisis multidimensional que afecta a Hait\u00ed\u201d principalmente la pobreza, el hambre y la inestabilidad pol\u00edtica.<\/p>\n\n\n\n<h3 class=\"wp-block-heading\">Nueva ruta de colaboraci\u00f3n para fortalecer la relaci\u00f3n bilateral<\/h3>\n\n\n\n<p>La alianza entre Colombia y Hait\u00ed busca mejorar las relaciones comerciales y fomentar el turismo entre los dos pa\u00edses. Durante la reuni\u00f3n, se acord\u00f3 promover el intercambio de productos esenciales como ma\u00edz, harina y materiales de construcci\u00f3n, con especial \u00e9nfasis en aprovechar las capacidades de La Guajira.<\/p>\n\n\n\n<p>Adem\u00e1s, los mandatarios se comprometieron a diversificar los proveedores de Hait\u00ed para reducir su dependencia externa.<\/p>\n\n\n\n<p>Petro destac\u00f3 el compromiso de Colombia con la modernizaci\u00f3n del sector agr\u00edcola haitiano, una prioridad en la agenda de cooperaci\u00f3n. Tambi\u00e9n se destac\u00f3 el apoyo colombiano en educaci\u00f3n, con el acuerdo firmado entre el Servicio Nacional de Aprendizaje SENA y el Ministerio de Educaci\u00f3n de Hait\u00ed para impulsar la formaci\u00f3n t\u00e9cnica y profesional de j\u00f3venes haitianos.<\/p>\n\n\n\n<figure class=\"wp-block-image\"><img decoding=\"async\" src=\"https:\/\/gdb.voanews.com\/367540e8-bcf6-4d6f-aa4a-783ef8fb4bfd_w250_r1.jpg\" alt=\"La iglesia cat\u00f3lica en Hait\u00ed hacen un llamado a la paz \" title=\"La iglesia cat\u00f3lica en Hait\u00ed hacen un llamado a la paz \"\/><\/figure>\n\n\n\n<p>&nbsp;Insertar&nbsp;share<\/p>\n\n\n\n<h5 class=\"wp-block-heading\"><a href=\"https:\/\/www.vozdeamerica.com\/a\/7900222.html\" target=\"_blank\" rel=\"noreferrer noopener\">La iglesia cat\u00f3lica en Hait\u00ed hacen un llamado a la paz<\/a><\/h5>\n\n\n\n<p><small>Por&nbsp;<a href=\"https:\/\/www.vozdeamerica.com\/\" target=\"_blank\" rel=\"noreferrer noopener\">Voz de Am\u00e9rica<\/a><\/small><\/p>\n\n\n\n<p>&nbsp;Insertar&nbsp;share<\/p>\n\n\n\n<p>El c\u00f3digo se ha copiado en su portapapeles.<\/p>\n\n\n\n<p>The URL has been copied to your clipboard<\/p>\n\n\n\n<ul class=\"wp-block-list\">\n<li><a href=\"https:\/\/facebook.com\/sharer.php?u=https%3a%2f%2fwww.vozdeamerica.com%2fa%2f7900222.html\" target=\"_blank\" rel=\"noreferrer noopener\">Comparta en Facebook<\/a><\/li>\n\n\n\n<li><a href=\"https:\/\/twitter.com\/share?url=https%3a%2f%2fwww.vozdeamerica.com%2fa%2f7900222.html&amp;text=La+iglesia+cat%c3%b3lica+en+Hait%c3%ad+hacen+un+llamado+a+la+paz+\" target=\"_blank\" rel=\"noreferrer noopener\">Comparta en Twitter<\/a><\/li>\n<\/ul>\n\n\n\n<hr class=\"wp-block-separator has-alpha-channel-opacity\"\/>\n\n\n\n<p>No media source currently available<\/p>\n\n\n\n<p>0:001:300:00<\/p>\n\n\n\n<p>&nbsp;Descargar&nbsp;&nbsp;Pop-out player<\/p>\n\n\n\n<h3 class=\"wp-block-heading\">Cooperaci\u00f3n en seguridad, migraci\u00f3n y cultura<\/h3>\n\n\n\n<p>La alianza estrat\u00e9gica entre Colombia y Hait\u00ed tambi\u00e9n incluye el fortalecimiento de la seguridad p\u00fablica. Colombia se comprometi\u00f3 a ofrecer capacitaci\u00f3n a la Polic\u00eda Nacional haitiana en \u00e1reas como inteligencia y polic\u00eda comunitaria.<\/p>\n\n\n\n<p>Adem\u00e1s, se acordaron acciones conjuntas para abordar los desaf\u00edos migratorios y la lucha contra el crimen transnacional, con un enfoque especial en el tr\u00e1fico de migrantes.<\/p>\n\n\n\n<p>En el \u00e1mbito cultural, ambos pa\u00edses subrayaron la importancia de fomentar intercambios entre ciudades como Cartagena y Jacmel, promoviendo una mayor integraci\u00f3n cultural y fortaleciendo los lazos hist\u00f3ricos que unen a Colombia y Hait\u00ed.<\/p>\n\n\n\n<h3 class=\"wp-block-heading\">Una alianza de cooperaci\u00f3n hist\u00f3rica<\/h3>\n\n\n\n<p>La firma de este acuerdo marca el inicio de una nueva etapa en las relaciones entre Colombia y Hait\u00ed, con una alianza estrat\u00e9gica que busca mejorar el bienestar de ambos pueblos y promover un desarrollo conjunto en diversos sectores.<\/p>\n\n\n\n<p>La colaboraci\u00f3n en educaci\u00f3n, seguridad, comercio y cultura promete ser fundamental para abordar los desaf\u00edos comunes y construir un futuro de prosperidad compartida.<\/p>\n","protected":false},"excerpt":{"rendered":"<p>El presidente de Colombia, Gustavo Petro (derecha) y el jefe del Consejo Presidencial de Hait\u00ed, Leslie Voltaire (izquierda) en su encuentro ampliado en La Guajira el pasado s\u00e1bado 21 de diciembre. [Foto: Presidencia de Colombia] diciembre 24, 2024 &nbsp;Vea comentarios Colombia y Hait\u00ed firman una alianza estrat\u00e9gica para fortalecer la paz, el comercio, la seguridad [&hellip;]<\/p>\n","protected":false},"author":28,"featured_media":585283,"comment_status":"closed","ping_status":"closed","sticky":true,"template":"","format":"standard","meta":{"footnotes":""},"categories":[23,27],"tags":[],"class_list":["post-585282","post","type-post","status-publish","format-standard","has-post-thumbnail","hentry","category-internacional","category-portada"],"_links":{"self":[{"href":"https:\/\/diariodominicano.com\/index.php?rest_route=\/wp\/v2\/posts\/585282","targetHints":{"allow":["GET"]}}],"collection":[{"href":"https:\/\/diariodominicano.com\/index.php?rest_route=\/wp\/v2\/posts"}],"about":[{"href":"https:\/\/diariodominicano.com\/index.php?rest_route=\/wp\/v2\/types\/post"}],"author":[{"embeddable":true,"href":"https:\/\/diariodominicano.com\/index.php?rest_route=\/wp\/v2\/users\/28"}],"replies":[{"embeddable":true,"href":"https:\/\/diariodominicano.com\/index.php?rest_route=%2Fwp%2Fv2%2Fcomments&post=585282"}],"version-history":[{"count":1,"href":"https:\/\/diariodominicano.com\/index.php?rest_route=\/wp\/v2\/posts\/585282\/revisions"}],"predecessor-version":[{"id":585284,"href":"https:\/\/diariodominicano.com\/index.php?rest_route=\/wp\/v2\/posts\/585282\/revisions\/585284"}],"wp:featuredmedia":[{"embeddable":true,"href":"https:\/\/diariodominicano.com\/index.php?rest_route=\/wp\/v2\/media\/585283"}],"wp:attachment":[{"href":"https:\/\/diariodominicano.com\/index.php?rest_route=%2Fwp%2Fv2%2Fmedia&parent=585282"}],"wp:term":[{"taxonomy":"category","embeddable":true,"href":"https:\/\/diariodominicano.com\/index.php?rest_route=%2Fwp%2Fv2%2Fcategories&post=585282"},{"taxonomy":"post_tag","embeddable":true,"href":"https:\/\/diariodominicano.com\/index.php?rest_route=%2Fwp%2Fv2%2Ftags&post=585282"}],"curies":[{"name":"wp","href":"https:\/\/api.w.org\/{rel}","templated":true}]}}