{"id":585279,"date":"2024-12-25T02:58:46","date_gmt":"2024-12-25T06:58:46","guid":{"rendered":"https:\/\/diariodominicano.com\/?p=585279"},"modified":"2024-12-25T02:58:56","modified_gmt":"2024-12-25T06:58:56","slug":"bill-clinton-sale-del-hospital-tras-ser-tratado-por-gripe","status":"publish","type":"post","link":"https:\/\/diariodominicano.com\/?p=585279","title":{"rendered":"Bill Clinton sale del hospital tras ser tratado por gripe"},"content":{"rendered":"\n<p>ARCHIVO &#8211; El expresidente estadounidense Bill Clinton habla en el tercer d\u00eda de la Convenci\u00f3n Nacional Dem\u00f3crata en el United Center en Chicago, Illinois, el 21 de agosto de 2024.<\/p>\n\n\n\n<p>diciembre 24, 2024<\/p>\n\n\n\n<ul class=\"wp-block-list\">\n<li><a href=\"https:\/\/www.vozdeamerica.com\/author\/associated-press\/v_kyr\">Associated Press<\/a><\/li>\n<\/ul>\n\n\n\n<ul class=\"wp-block-list\">\n<li><a href=\"https:\/\/facebook.com\/sharer.php?u=https%3a%2f%2fwww.vozdeamerica.com%2fa%2fbill-clinton-sale-del-hospital-tras-ser-tratado-por-gripe%2f7912751.html\" target=\"_blank\" rel=\"noreferrer noopener\"><\/a><\/li>\n\n\n\n<li><a href=\"https:\/\/twitter.com\/share?url=https%3a%2f%2fwww.vozdeamerica.com%2fa%2fbill-clinton-sale-del-hospital-tras-ser-tratado-por-gripe%2f7912751.html&amp;text=Bill+Clinton+sale+del+hospital+tras+ser+tratado+por+gripe\" target=\"_blank\" rel=\"noreferrer noopener\"><\/a><\/li>\n\n\n\n<li><\/li>\n\n\n\n<li><a href=\"mailto:?body=https%3a%2f%2fwww.vozdeamerica.com%2fa%2fbill-clinton-sale-del-hospital-tras-ser-tratado-por-gripe%2f7912751.html&amp;subject=Bill%20Clinton%20sale%20del%20hospital%20tras%20ser%20tratado%20por%20gripe\"><\/a><\/li>\n<\/ul>\n\n\n\n<p><a href=\"https:\/\/www.vozdeamerica.com\/a\/bill-clinton-sale-del-hospital-tras-ser-tratado-por-gripe\/7912751.html#comments\">&nbsp;Vea comentarios<\/a><\/p>\n\n\n\n<p>El expresidente dem\u00f3crata Bill Clinton, sali\u00f3 del hospital el martes luego de haber sido ingresado por razones de salud.<\/p>\n\n\n\n<p>WASHINGTON \u2014&nbsp;<\/p>\n\n\n\n<p>El expresidente Bill Clinton fue dado de alta de un hospital de Washington el martes y estar\u00e1 en casa para Navidad despu\u00e9s de&nbsp;<em><strong><a href=\"https:\/\/www.vozdeamerica.com\/a\/hospitalizan-fiebre-bill-clinton-esta-buen-animo-dice-portavoz\/7911813.html\" target=\"_blank\" rel=\"noreferrer noopener\">haber sido ingresado el d\u00eda anterior con fiebre.<\/a><\/strong><\/em>&nbsp;Clinton est\u00e1 siendo tratado por la gripe, dijo Angel Ure\u00f1a, subdirector de personal de Clinton, en un comunicado.<\/p>\n\n\n\n<p>\u201d\u00c9l y su familia est\u00e1n profundamente agradecidos por la atenci\u00f3n excepcional proporcionada por el equipo del Hospital Universitario MedStar Georgetown y est\u00e1n conmovidos por los amables mensajes y buenos deseos que recibi\u00f3\u201d, dijo Ure\u00f1a.<\/p>\n\n\n\n<p>\u201cEnv\u00eda sus m\u00e1s c\u00e1lidos deseos para una temporada festiva feliz y saludable a todos\u201d, agreg\u00f3 Ure\u00f1a.<\/p>\n\n\n\n<p><a href=\"https:\/\/www.vozdeamerica.com\/a\/presidente-carta-bienvenida-casa-blanca-eeuu\/7908660.html\"><\/a><\/p>\n\n\n\n<p><a href=\"https:\/\/www.vozdeamerica.com\/a\/presidente-carta-bienvenida-casa-blanca-eeuu\/7908660.html\">Tambi\u00e9n lea<\/a><\/p>\n\n\n\n<h4 class=\"wp-block-heading\"><a href=\"https:\/\/www.vozdeamerica.com\/a\/presidente-carta-bienvenida-casa-blanca-eeuu\/7908660.html\">\u00bfQu\u00e9 le dice un presidente al otro en su \u201ccarta de bienvenida\u201d a la Casa Blanca?<\/a><\/h4>\n\n\n\n<p>El dem\u00f3crata de 78 a\u00f1os fue hospitalizado el lunes por la tarde para pruebas y observaci\u00f3n.<\/p>\n\n\n\n<p>Clinton cumpli\u00f3 dos mandatos como presidente desde enero de 1993 hasta enero de 2001. Habl\u00f3 en la Convenci\u00f3n Nacional Dem\u00f3crata en Chicago este verano e hizo campa\u00f1a en oto\u00f1o por la vicepresidenta dem\u00f3crata Kamala Harris, quien perdi\u00f3 las elecciones frente al republicano Donald Trump en noviembre.<\/p>\n\n\n\n<p>Clinton recientemente public\u00f3 su libro m\u00e1s reciente, \u201cCitizen\u201d, una memoria sobre su vida despu\u00e9s de la Casa Blanca y el papel de la filantrop\u00eda en ella.<\/p>\n","protected":false},"excerpt":{"rendered":"<p>ARCHIVO &#8211; El expresidente estadounidense Bill Clinton habla en el tercer d\u00eda de la Convenci\u00f3n Nacional Dem\u00f3crata en el United Center en Chicago, Illinois, el 21 de agosto de 2024. diciembre 24, 2024 &nbsp;Vea comentarios El expresidente dem\u00f3crata Bill Clinton, sali\u00f3 del hospital el martes luego de haber sido ingresado por razones de salud. WASHINGTON [&hellip;]<\/p>\n","protected":false},"author":28,"featured_media":585280,"comment_status":"closed","ping_status":"closed","sticky":true,"template":"","format":"standard","meta":{"footnotes":""},"categories":[36,23,27],"tags":[],"class_list":["post-585279","post","type-post","status-publish","format-standard","has-post-thumbnail","hentry","category-hombresmujeresycosas","category-internacional","category-portada"],"_links":{"self":[{"href":"https:\/\/diariodominicano.com\/index.php?rest_route=\/wp\/v2\/posts\/585279","targetHints":{"allow":["GET"]}}],"collection":[{"href":"https:\/\/diariodominicano.com\/index.php?rest_route=\/wp\/v2\/posts"}],"about":[{"href":"https:\/\/diariodominicano.com\/index.php?rest_route=\/wp\/v2\/types\/post"}],"author":[{"embeddable":true,"href":"https:\/\/diariodominicano.com\/index.php?rest_route=\/wp\/v2\/users\/28"}],"replies":[{"embeddable":true,"href":"https:\/\/diariodominicano.com\/index.php?rest_route=%2Fwp%2Fv2%2Fcomments&post=585279"}],"version-history":[{"count":1,"href":"https:\/\/diariodominicano.com\/index.php?rest_route=\/wp\/v2\/posts\/585279\/revisions"}],"predecessor-version":[{"id":585281,"href":"https:\/\/diariodominicano.com\/index.php?rest_route=\/wp\/v2\/posts\/585279\/revisions\/585281"}],"wp:featuredmedia":[{"embeddable":true,"href":"https:\/\/diariodominicano.com\/index.php?rest_route=\/wp\/v2\/media\/585280"}],"wp:attachment":[{"href":"https:\/\/diariodominicano.com\/index.php?rest_route=%2Fwp%2Fv2%2Fmedia&parent=585279"}],"wp:term":[{"taxonomy":"category","embeddable":true,"href":"https:\/\/diariodominicano.com\/index.php?rest_route=%2Fwp%2Fv2%2Fcategories&post=585279"},{"taxonomy":"post_tag","embeddable":true,"href":"https:\/\/diariodominicano.com\/index.php?rest_route=%2Fwp%2Fv2%2Ftags&post=585279"}],"curies":[{"name":"wp","href":"https:\/\/api.w.org\/{rel}","templated":true}]}}