{"id":585267,"date":"2024-12-25T02:40:42","date_gmt":"2024-12-25T06:40:42","guid":{"rendered":"https:\/\/diariodominicano.com\/?p=585267"},"modified":"2024-12-25T18:57:16","modified_gmt":"2024-12-25T22:57:16","slug":"por-que-la-navidad-provoca-felicidad","status":"publish","type":"post","link":"https:\/\/diariodominicano.com\/?p=585267","title":{"rendered":"\u00bfPor qu\u00e9 la Navidad provoca felicidad?"},"content":{"rendered":"\n<p>Durante esta temporada, las personas se sienten impulsadas a compartir momentos con sus seres queridos, a reflexionar sobre su a\u00f1o y a practicar el perd\u00f3n<\/p>\n\n\n\n<p>Por la Mtra. Claudia Berenice Vera Amaro, acad\u00e9mica de la Universidad Aut\u00f3noma de Guadaljara (UAG)<\/p>\n\n\n\n<p>La Navidad es una \u00e9poca llena de emociones que nos invaden con alegr\u00eda y esperanza. En esta temporada, los sentimientos de ilusi\u00f3n, regalos, luces, compras y el reencuentro con familiares, especialmente aquellos que viven en el extranjero, se hacen presentes.<\/p>\n\n\n\n<p>Durante el resto del a\u00f1o, las personas pueden sentir que carecen de estas emociones, por lo que buscan alargar esos momentos m\u00e1gicos con decoraciones, m\u00fasica y art\u00edculos que evocan la temporada, pensando que as\u00ed se extienden esas sensaciones de bienestar.<\/p>\n\n\n\n<p>Aqu\u00ed te compartimos algunas razones por las que la Navidad provoca felicidad:<\/p>\n\n\n\n<figure class=\"wp-block-image\"><img decoding=\"async\" src=\"https:\/\/diariodominicano.com\/wp-content\/uploads\/2024\/12\/%C2%BFPor-que-la-Navidad-provoca-felicidad-Durante-esta-temporada-1-1024x684.jpg\" alt=\"\"\/><\/figure>\n\n\n\n<p>Una temporada de reflexi\u00f3n<\/p>\n\n\n\n<p>Es una temporada de reflexi\u00f3n, de lo que hicimos y no hicimos en el a\u00f1o y se asocia al perd\u00f3n; por ello las personas pueden comenzar a mejorar comportamientos pensando que viene esa \u00e9poca del a\u00f1o dentro de poco tiempo.<\/p>\n\n\n\n<p>La ilusi\u00f3n de los ni\u00f1os<\/p>\n\n\n\n<p>Los ni\u00f1os tienen la ilusi\u00f3n de recibir sus regalos que trae el Ni\u00f1o Dios y contentos ponen su arbolito de Navidad, lo llenan de esferas y luces, con tiempo van eligiendo los regalos que pondr\u00e1n en su cartita.<\/p>\n\n\n\n<p>Recuerdos de seres queridos<\/p>\n\n\n\n<p>Las personas se transportan a momentos que tuvieron con familiares que ya no est\u00e1n y con los cuales tuvieron una historia y varias Navidades atr\u00e1s.<\/p>\n\n\n\n<p>Pueden tener momentos tristes, sin embargo, la alegr\u00eda de la preparaci\u00f3n de la cena, estrenar su atuendo nuevo que compraron con su aguinaldo y se percibe como un regalo a su esfuerzo laboral del a\u00f1o. Y comienza la fiesta con villancicos, luces de bengala, entrega de regalos y cena deliciosa que tardaron todo el d\u00eda en preparar.<\/p>\n\n\n\n<p>Vacaciones y viajes navide\u00f1os<\/p>\n\n\n\n<p>Es una temporada de vacaciones y, la playa, el bosque o el viaje a visitar familiares, motiva a esforzarse si se ven o percibe que la Navidad est\u00e1 cerca.<\/p>\n\n\n\n<p>Navidad como motivaci\u00f3n<\/p>\n\n\n\n<p>Por todo esto, la Navidad es utilizada para motivarnos a realizar nuestra vida con mayores incentivos y darnos una sensaci\u00f3n de bienestar, ya que la mayor\u00eda de las personas la refieren como su \u00e9poca favorita del a\u00f1o.<\/p>\n\n\n\n<p>Celebraci\u00f3n religiosa<\/p>\n\n\n\n<p>Algunas celebraciones son m\u00e1s religiosas, en las familias cat\u00f3licas; la festividad es alegr\u00eda absoluta porque es la celebraci\u00f3n m\u00e1s importante del a\u00f1o, ya que es el nacimiento de Nuestro Se\u00f1or Jesucristo, y es un tiempo de recuento, sobre nuestro actuar, ayudar al pr\u00f3jimo y perdonar a qui\u00e9nes nos ofendieron o molestaron y molestamos con nuestro actuar.<\/p>\n\n\n\n<p>El verdadero significado de la Navidad<\/p>\n\n\n\n<p>Es un gran momento del a\u00f1o; sin embargo, el significado debe tener su momento y guardar su temporada, que adem\u00e1s es invernal, y nos antoja el chocolate caliente, el ponche, el caf\u00e9 de la marca favorita, pero sobrepasamos todo eso, para celebrar \u201ccomo Dios manda\u201d; aunque \u00c9l no mand\u00f3 la fiesta como la conocemos sino con la oraci\u00f3n, pero bueno, es un dicho popular que embona con la ocasi\u00f3n.<\/p>\n\n\n\n<p>La Mtra. Claudia Vera Amaro es Directora del Programa de Psicolog\u00eda de la Universidad Aut\u00f3noma de Guadalajara. Es licenciada en Psicolog\u00eda, cuenta con una Especialidad en Psicolog\u00eda Cl\u00ednica y de Enlace, Maestr\u00eda en Terapia Familiar Integral y Terapeuta de adolescentes y adultos.<\/p>\n\n\n\n<p>Comunicados UAG prensa@edu.uag.mx <\/p>\n","protected":false},"excerpt":{"rendered":"<p>Durante esta temporada, las personas se sienten impulsadas a compartir momentos con sus seres queridos, a reflexionar sobre su a\u00f1o y a practicar el perd\u00f3n Por la Mtra. Claudia Berenice Vera Amaro, acad\u00e9mica de la Universidad Aut\u00f3noma de Guadaljara (UAG) La Navidad es una \u00e9poca llena de emociones que nos invaden con alegr\u00eda y esperanza. [&hellip;]<\/p>\n","protected":false},"author":28,"featured_media":585378,"comment_status":"closed","ping_status":"closed","sticky":true,"template":"","format":"standard","meta":{"footnotes":""},"categories":[21,36,26,25],"tags":[],"class_list":["post-585267","post","type-post","status-publish","format-standard","has-post-thumbnail","hentry","category-cultura","category-hombresmujeresycosas","category-efemerides","category-gente"],"_links":{"self":[{"href":"https:\/\/diariodominicano.com\/index.php?rest_route=\/wp\/v2\/posts\/585267","targetHints":{"allow":["GET"]}}],"collection":[{"href":"https:\/\/diariodominicano.com\/index.php?rest_route=\/wp\/v2\/posts"}],"about":[{"href":"https:\/\/diariodominicano.com\/index.php?rest_route=\/wp\/v2\/types\/post"}],"author":[{"embeddable":true,"href":"https:\/\/diariodominicano.com\/index.php?rest_route=\/wp\/v2\/users\/28"}],"replies":[{"embeddable":true,"href":"https:\/\/diariodominicano.com\/index.php?rest_route=%2Fwp%2Fv2%2Fcomments&post=585267"}],"version-history":[{"count":3,"href":"https:\/\/diariodominicano.com\/index.php?rest_route=\/wp\/v2\/posts\/585267\/revisions"}],"predecessor-version":[{"id":585379,"href":"https:\/\/diariodominicano.com\/index.php?rest_route=\/wp\/v2\/posts\/585267\/revisions\/585379"}],"wp:featuredmedia":[{"embeddable":true,"href":"https:\/\/diariodominicano.com\/index.php?rest_route=\/wp\/v2\/media\/585378"}],"wp:attachment":[{"href":"https:\/\/diariodominicano.com\/index.php?rest_route=%2Fwp%2Fv2%2Fmedia&parent=585267"}],"wp:term":[{"taxonomy":"category","embeddable":true,"href":"https:\/\/diariodominicano.com\/index.php?rest_route=%2Fwp%2Fv2%2Fcategories&post=585267"},{"taxonomy":"post_tag","embeddable":true,"href":"https:\/\/diariodominicano.com\/index.php?rest_route=%2Fwp%2Fv2%2Ftags&post=585267"}],"curies":[{"name":"wp","href":"https:\/\/api.w.org\/{rel}","templated":true}]}}