{"id":585252,"date":"2024-12-24T12:22:40","date_gmt":"2024-12-24T16:22:40","guid":{"rendered":"https:\/\/diariodominicano.com\/?p=585252"},"modified":"2024-12-24T12:22:47","modified_gmt":"2024-12-24T16:22:47","slug":"venezuela-2024-economia-cierra-con-mejores-cifras-futuro-politico-sigue-siendo-incierto","status":"publish","type":"post","link":"https:\/\/diariodominicano.com\/?p=585252","title":{"rendered":"Venezuela 2024: econom\u00eda cierra con mejores cifras, futuro pol\u00edtico sigue siendo incierto"},"content":{"rendered":"\n<p>ARCHIVO &#8211; Un vendedor callejero ofrece aceite de oliva en d\u00f3lares en un mercado de Quinta Crespo, en Caracas, el 11 de diciembre de 2022.<\/p>\n\n\n\n<p>diciembre 24, 2024<\/p>\n\n\n\n<ul class=\"wp-block-list\">\n<li><a href=\"https:\/\/www.vozdeamerica.com\/author\/voz-de-america-redaccion\/p_kym\">Voz de Am\u00e9rica &#8211; Redacci\u00f3n<\/a><\/li>\n<\/ul>\n\n\n\n<ul class=\"wp-block-list\">\n<li><a href=\"https:\/\/facebook.com\/sharer.php?u=https%3a%2f%2fwww.vozdeamerica.com%2fa%2fvenezuela-resumen-anual-2024-economia-politica-%2f7907214.html\" target=\"_blank\" rel=\"noreferrer noopener\"><\/a><\/li>\n\n\n\n<li><a href=\"https:\/\/twitter.com\/share?url=https%3a%2f%2fwww.vozdeamerica.com%2fa%2fvenezuela-resumen-anual-2024-economia-politica-%2f7907214.html&amp;text=Venezuela+2024%3a+econom%c3%ada+cierra+con+mejores+cifras%2c+futuro+pol%c3%adtico+sigue+siendo+incierto+\" target=\"_blank\" rel=\"noreferrer noopener\"><\/a><\/li>\n\n\n\n<li><\/li>\n\n\n\n<li><a href=\"mailto:?body=https%3a%2f%2fwww.vozdeamerica.com%2fa%2fvenezuela-resumen-anual-2024-economia-politica-%2f7907214.html&amp;subject=Venezuela%202024:%20econom%C3%ADa%20cierra%20con%20mejores%20cifras,%20futuro%20pol%C3%ADtico%20sigue%20siendo%20incierto\"><\/a><\/li>\n<\/ul>\n\n\n\n<p><a href=\"https:\/\/www.vozdeamerica.com\/a\/venezuela-resumen-anual-2024-economia-politica-\/7907214.html#comments\">&nbsp;Vea comentarios<\/a><\/p>\n\n\n\n<p>La situaci\u00f3n pol\u00edtica interna y las futuras pol\u00edticas de Donald Trump en cuanto a sanciones y licencias ser\u00e1n clave para el comportamiento la econom\u00eda venezolana en 2025, de acuerdo con expertos, que notan algunos avances positivos en el a\u00f1o que culmina.<\/p>\n\n\n\n<p>La econom\u00eda de Venezuela experiment\u00f3 en 2024 mejores resultados en su producci\u00f3n petrolera y el control de la inflaci\u00f3n, aunque fue \u00abcomplicado\u00bb, de acuerdo con analistas que prev\u00e9n que el rendimiento de 2025 depender\u00e1 mucho de los acontecimientos pol\u00edticos y de si las sanciones econ\u00f3micas externas y las licencias energ\u00e9ticas se mantienen o suspenden.<\/p>\n\n\n\n<p>Cuando los expertos, consultores y organismos globales revisan los n\u00fameros macroecon\u00f3micos, concluyen que fue \u201cun a\u00f1o positivo\u201d para Venezuela, aun cuando termina con una aceleraci\u00f3n inflacionaria y mayor \u201cmovilidad\u201d cambiaria de la acostumbrada, asegura Luis Oliveros, economista y especialista en negocios petroleros.<\/p>\n\n\n\n<p>Seg\u00fan c\u00e1lculos del Fondo Monetario Internacional, el Producto Interno Bruto venezolano aument\u00f3 cerca de 3 %, rozando los 106.000 millones de d\u00f3lares, un nivel que no hab\u00eda alcanzado en 9 a\u00f1os. Otros analistas consideran que esa alza anual ser\u00e1 de entre 4 % y 5 %.<\/p>\n\n\n\n<p>Se trata del tercer a\u00f1o de cierre econ\u00f3mico en positivo luego de un largo per\u00edodo de contracci\u00f3n, que expertos independientes estiman sobre los 80 puntos porcentuales, un registro negativo in\u00e9dito.<\/p>\n\n\n\n<p><a href=\"https:\/\/www.vozdeamerica.com\/a\/muertes-de-presos-politicos-en-venezuela-violan-reglas-mandela-y-abren-paso-a-justicia-internacional\/7903076.html\"><\/a><\/p>\n\n\n\n<p><a href=\"https:\/\/www.vozdeamerica.com\/a\/muertes-de-presos-politicos-en-venezuela-violan-reglas-mandela-y-abren-paso-a-justicia-internacional\/7903076.html\">Tambi\u00e9n lea<\/a><\/p>\n\n\n\n<h4 class=\"wp-block-heading\"><a href=\"https:\/\/www.vozdeamerica.com\/a\/muertes-de-presos-politicos-en-venezuela-violan-reglas-mandela-y-abren-paso-a-justicia-internacional\/7903076.html\">Muertes de presos pol\u00edticos en Venezuela violan \u201cReglas Mandela\u201d y abren paso a justicia internacional<\/a><\/h4>\n\n\n\n<p>El gobierno venezolano es incluso m\u00e1s optimista en sus estimaciones de 2024. De acuerdo con sus cifras, la econom\u00eda nacional creci\u00f3 m\u00e1s de 8 %, destaca Aldo Contreras, asesor financiero y profesor de las universidades Cat\u00f3lica del T\u00e1chira y de Los Andes.<\/p>\n\n\n\n<p>\u00abNos levantamos entre las cenizas y no han podido ni podr\u00e1n, la econom\u00eda venezolana seguir\u00e1 avanzando\u00bb, dijo el presidente Nicol\u00e1s Maduro hace semanas, destacando una mejor\u00eda \u00abnotable\u00bb.<\/p>\n\n\n\n<p>Buena parte de ese impulso se fundamenta en la producci\u00f3n petrolera, que roz\u00f3 el mill\u00f3n de barriles por d\u00eda en promedio.<\/p>\n\n\n\n<p>Un informe de la Organizaci\u00f3n de Pa\u00edses Exportadores de Petr\u00f3leo precis\u00f3 que Venezuela produjo una media de 960.000 barriles por jornada en noviembre. A finales del a\u00f1o 2023, ese promedio rozaba los 800.000 barriles por d\u00eda.<\/p>\n\n\n\n<p><a href=\"https:\/\/www.vozdeamerica.com\/a\/venezuela-impulsa-granjas-corales-para-conservacion-\/7904065.html\"><\/a><\/p>\n\n\n\n<p><a href=\"https:\/\/www.vozdeamerica.com\/a\/venezuela-impulsa-granjas-corales-para-conservacion-\/7904065.html\">Tambi\u00e9n lea<\/a><\/p>\n\n\n\n<h4 class=\"wp-block-heading\"><a href=\"https:\/\/www.vozdeamerica.com\/a\/venezuela-impulsa-granjas-corales-para-conservacion-\/7904065.html\">Venezuela impulsa granjas de corales para su conservaci\u00f3n<\/a><\/h4>\n\n\n\n<p>Este a\u00f1o, hubo sectores que crecieron, como el comercial, destaca Contreras, si bien otros, como la construcci\u00f3n, se mantuvieron completamente estancados. \u201cFue un a\u00f1o complicado, la recuperaci\u00f3n es muy lenta\u201d, comenta el economista a la&nbsp;<strong><em>Voz de Am\u00e9rica<\/em><\/strong>.<\/p>\n\n\n\n<p>Oliveros, por su parte, destaca que las cifras econ\u00f3micas de Venezuela son \u201cuna excelente noticia\u201d en comparaci\u00f3n con las de la \u00faltima d\u00e9cada, pero al pa\u00eds suramericano \u201cle falta mucho\u201d tras a\u00f1os de hiperinflaci\u00f3n y una ca\u00edda in\u00e9dita de la producci\u00f3n nacional, que expertos independientes calculan en m\u00e1s de 80 puntos durante 8 a\u00f1os consecutivos.<\/p>\n\n\n\n<h3 class=\"wp-block-heading\">Rebotes, sanciones y salarios<\/h3>\n\n\n\n<p>Giorgio Cunto, economista y cient\u00edfico de datos, coincide en que la mayor\u00eda de los indicadores econ\u00f3micos de Venezuela reflejaron \u201cun mejor desempe\u00f1o\u201d si se comparan con los del a\u00f1o anterior, pero subraya que no hab\u00eda \u201cuna barra muy alta de vencer\u201d.<\/p>\n\n\n\n<p>El experto dijo que Venezuela tuvo \u201crebotes inerciales\u201d en sus asuntos como la producci\u00f3n petrolera, si bien a\u00fan su econom\u00eda tiene \u201cbases muy fr\u00e1giles\u201d tras a\u00f1os de n\u00fameros negativos.<\/p>\n\n\n\n<p>La explotaci\u00f3n de petr\u00f3leo y gas tuvo su puntal en las operaciones de empresas mixtas bajo licencias, lideradas por la empresa estadounidense Chevron, dice, mientras la inflaci\u00f3n cerrar\u00e1 el a\u00f1o con dos d\u00edgitos, un fen\u00f3meno in\u00e9dito en Venezuela desde 2015.<\/p>\n\n\n\n<p><a href=\"https:\/\/www.vozdeamerica.com\/a\/trump-ofrece-conferencia-de-prensa-habla-de-vacunas-ucrania-y-tiktok\/7903499.html\"><\/a><\/p>\n\n\n\n<p><a href=\"https:\/\/www.vozdeamerica.com\/a\/trump-ofrece-conferencia-de-prensa-habla-de-vacunas-ucrania-y-tiktok\/7903499.html\">Tambi\u00e9n lea<\/a><\/p>\n\n\n\n<h4 class=\"wp-block-heading\"><a href=\"https:\/\/www.vozdeamerica.com\/a\/trump-ofrece-conferencia-de-prensa-habla-de-vacunas-ucrania-y-tiktok\/7903499.html\">Trump ofrece conferencia de prensa: habla de Venezuela, el muro, vacunas y TikTok<\/a><\/h4>\n\n\n\n<p>\u201cPara cualquier otro pa\u00eds en el mundo, una inflaci\u00f3n de m\u00e1s de 20 % anual es un esc\u00e1ndalo, pero, en el caso de Venezuela, teniendo las cicatrices de un episodio hiperinflacionario, es una desaceleraci\u00f3n sustancial\u201d, apunta el experto.<\/p>\n\n\n\n<p>El salario m\u00ednimo no tuvo variaciones este a\u00f1o y es considerado el m\u00e1s bajo de la regi\u00f3n, de s\u00f3lo 130 bol\u00edvares o poco m\u00e1s de 2 d\u00f3lares al tipo de cambio oficial, si bien el gobierno aument\u00f3 en enero y mayo las bonificaciones mensuales con que lo completa.<\/p>\n\n\n\n<p>Sin embargo, el salario m\u00ednimo promedio en las empresas privadas fue de 255 d\u00f3lares al mes, si bien esto beneficia a cerca del 30 % de la poblaci\u00f3n econ\u00f3micamente activa, de acuerdo con Contreras, profesor de las universidades de los estados andinos.<\/p>\n\n\n\n<p>Un punto negativo del a\u00f1o es que la cartera crediticia tampoco ha crecido, se\u00f1ala. \u201cSu tama\u00f1o es de 1.200 millones de d\u00f3lares, cuando lleg\u00f3 a ser de 12.000 millones de d\u00f3lares en a\u00f1os pasados\u201d, precisa.<\/p>\n\n\n\n<p>En ese contexto, el poder de compra del venezolano ha seguido disminuyendo, insiste. \u201cHoy, se necesitan 400 d\u00f3lares para comprar lo que se compraba con 100 d\u00f3lares hace 4 a\u00f1os. Los salarios no crecen al mismo ritmo que los precios dolarizados\u201d, advierte.<\/p>\n\n\n\n<h3 class=\"wp-block-heading\">Una mejor\u00eda relativa<\/h3>\n\n\n\n<p>La econom\u00eda venezolana presenta \u201cciertos rasgos de mejor\u00eda\u201d de acuerdo con las cifras del Banco Central, cercano al gobierno de Nicol\u00e1s Maduro, cuyos reportes son considerados \u201cde calidad cuestionable desde su probidad y capacidad explicativa, en medio de un alto nivel de opacidad\u201d, seg\u00fan el profesor universitario y economista Carlos \u00d1\u00e1\u00f1ez.<\/p>\n\n\n\n<p><a href=\"https:\/\/www.vozdeamerica.com\/a\/persecucion-politica-acaba-vida-videografo-maria-corina-machado-venezuela\/7905426.html\"><\/a><\/p>\n\n\n\n<p><a href=\"https:\/\/www.vozdeamerica.com\/a\/persecucion-politica-acaba-vida-videografo-maria-corina-machado-venezuela\/7905426.html\">Tambi\u00e9n lea<\/a><\/p>\n\n\n\n<h4 class=\"wp-block-heading\"><a href=\"https:\/\/www.vozdeamerica.com\/a\/persecucion-politica-acaba-vida-videografo-maria-corina-machado-venezuela\/7905426.html\">\u201cLa persecuci\u00f3n pol\u00edtica acaba con tu vida\u201d: vide\u00f3grafo de l\u00edder opositora venezolana Mar\u00eda Corina Machado<\/a><\/h4>\n\n\n\n<p>Las cifras oficiales, resalta, \u201cno indican una recuperaci\u00f3n\u201d ni se traducen en prosperidad para la ciudadan\u00eda, que espera servicios p\u00fablicos funcionales, acceso a la salud y mejor\u00eda en la producci\u00f3n nacional, entre otras variables, apunta el especialista.<\/p>\n\n\n\n<p>El experto anticipa un a\u00f1o pr\u00f3ximo pol\u00edticamente \u201cmuy inestable\u201d que impactar\u00e1 en lo econ\u00f3mico. Hasta cuando no exista un Estado institucionalmente firme, no desaparecer\u00e1n \u201clas mismas fallas de base\u201d, como el sobrefinanciamiento estatal a Petr\u00f3leos de Venezuela y una brecha de m\u00e1s del 20 % entre los tipos de cambio oficial y el del mercado paralelo de divisas, afirma \u00d1\u00e1\u00f1ez.<\/p>\n\n\n\n<h3 class=\"wp-block-heading\">El petr\u00f3leo, clave en 2025<\/h3>\n\n\n\n<p>Los especialistas coinciden en que existe incertidumbre en las previsiones de la econom\u00eda venezolana para el pr\u00f3ximo a\u00f1o debido a las tensiones pol\u00edticas. El presidente Nicol\u00e1s Maduro gan\u00f3 oficialmente su reelecci\u00f3n para un tercer mandato, pero la oposici\u00f3n dice tener pruebas de que triunf\u00f3 holgadamente y promete asumir el poder en enero.<\/p>\n\n\n\n<p>El escenario interno tambi\u00e9n estar\u00e1 afectado por el externo, dicen, especialmente por el retorno de Donald Trump a la Casa Blanca a partir del 20 de enero, entre posibilidades de nuevas sanciones econ\u00f3micas y de restricciones en los negocios energ\u00e9ticos entre empresas norteamericanas y el Estado venezolano, como sugiri\u00f3 el presidente electo.<\/p>\n\n\n\n<p>\u201cMucho del balance del pr\u00f3ximo a\u00f1o depende del frente petrolero, donde Venezuela se acerca a su te\u00f3rico l\u00edmite superior en capacidad productiva y requerir\u00e1 inversiones sustanciales, que no est\u00e1n viniendo\u201d, sostiene Cunto.<\/p>\n\n\n\n<p>El aumento actual de la producci\u00f3n petrolera ocurri\u00f3 en esencia por la reactivaci\u00f3n de pozos \u201crelativamente r\u00e1pidos de reactivar\u201d por parte de Chevron, explica. \u201cPero eso tiene un l\u00edmite\u201d, adem\u00e1s en un mercado global donde Venezuela no tiene incidencia, se\u00f1ala.<\/p>\n\n\n\n<figure class=\"wp-block-image\"><img decoding=\"async\" src=\"https:\/\/gdb.voanews.com\/59f3ca53-b484-48f9-8014-518089c01d6a_w250_r1.png\" alt=\"Los patrones represivos y otras violaciones de los DDHH se agudizaron en Venezuela durante el 2024\n\" title=\"Los patrones represivos y otras violaciones de los DDHH se agudizaron en Venezuela durante el 2024\n\"\/><\/figure>\n\n\n\n<p>&nbsp;Insertar&nbsp;share<\/p>\n\n\n\n<h5 class=\"wp-block-heading\"><a href=\"https:\/\/www.vozdeamerica.com\/a\/7903106.html\" target=\"_blank\" rel=\"noreferrer noopener\">Los patrones represivos y otras violaciones de los DDHH se agudizaron en Venezuela durante el 2024<\/a><\/h5>\n\n\n\n<p><small>Por&nbsp;<a href=\"https:\/\/www.vozdeamerica.com\/\" target=\"_blank\" rel=\"noreferrer noopener\">Voz de Am\u00e9rica<\/a><\/small><\/p>\n\n\n\n<p>&nbsp;Insertar&nbsp;share<\/p>\n\n\n\n<p>El c\u00f3digo se ha copiado en su portapapeles.<\/p>\n\n\n\n<p>The URL has been copied to your clipboard<\/p>\n\n\n\n<ul class=\"wp-block-list\">\n<li><a href=\"https:\/\/facebook.com\/sharer.php?u=https%3a%2f%2fwww.vozdeamerica.com%2fa%2f7903106.html\" target=\"_blank\" rel=\"noreferrer noopener\">Comparta en Facebook<\/a><\/li>\n\n\n\n<li><a href=\"https:\/\/twitter.com\/share?url=https%3a%2f%2fwww.vozdeamerica.com%2fa%2f7903106.html&amp;text=Los+patrones+represivos+y+otras+violaciones+de+los+DDHH+se+agudizaron+en+Venezuela+durante+el+2024%0a\" target=\"_blank\" rel=\"noreferrer noopener\">Comparta en Twitter<\/a><\/li>\n<\/ul>\n\n\n\n<hr class=\"wp-block-separator has-alpha-channel-opacity\"\/>\n\n\n\n<p>No media source currently available<\/p>\n\n\n\n<p>0:0012:170:00<\/p>\n\n\n\n<p>&nbsp;Descargar&nbsp;&nbsp;Pop-out player<\/p>\n\n\n\n<p>\u201cSi se mantienen, renuevan, suspenden o expanden las licencias bajo las que operan, puede tener repercusiones sustanciales en el mercado petrolero venezolano y su impacto en la econom\u00eda. Chevron y empresas mixtas son el componente m\u00e1s din\u00e1mico\u201d, remarca.<\/p>\n\n\n\n<p>\u201cEl mayor problema ya no es detener su ca\u00edda, eso ya ocurri\u00f3, sino que no est\u00e1 dando suficientes se\u00f1ales de que puede crecer para recuperarse de forma sostenida\u201d, apunta.<\/p>\n\n\n\n<p>Contreras, por su parte, prev\u00e9 tendencias \u201cmuy parecidas\u201d a las de 2024, quiz\u00e1s con \u201cbajas ventas y bajo consumo\u201d comercial en el primer trimestre por la situaci\u00f3n pol\u00edtica.<\/p>\n","protected":false},"excerpt":{"rendered":"<p>ARCHIVO &#8211; Un vendedor callejero ofrece aceite de oliva en d\u00f3lares en un mercado de Quinta Crespo, en Caracas, el 11 de diciembre de 2022. diciembre 24, 2024 &nbsp;Vea comentarios La situaci\u00f3n pol\u00edtica interna y las futuras pol\u00edticas de Donald Trump en cuanto a sanciones y licencias ser\u00e1n clave para el comportamiento la econom\u00eda venezolana [&hellip;]<\/p>\n","protected":false},"author":28,"featured_media":585253,"comment_status":"closed","ping_status":"closed","sticky":true,"template":"","format":"standard","meta":{"footnotes":""},"categories":[18,23],"tags":[],"class_list":["post-585252","post","type-post","status-publish","format-standard","has-post-thumbnail","hentry","category-economia","category-internacional"],"_links":{"self":[{"href":"https:\/\/diariodominicano.com\/index.php?rest_route=\/wp\/v2\/posts\/585252","targetHints":{"allow":["GET"]}}],"collection":[{"href":"https:\/\/diariodominicano.com\/index.php?rest_route=\/wp\/v2\/posts"}],"about":[{"href":"https:\/\/diariodominicano.com\/index.php?rest_route=\/wp\/v2\/types\/post"}],"author":[{"embeddable":true,"href":"https:\/\/diariodominicano.com\/index.php?rest_route=\/wp\/v2\/users\/28"}],"replies":[{"embeddable":true,"href":"https:\/\/diariodominicano.com\/index.php?rest_route=%2Fwp%2Fv2%2Fcomments&post=585252"}],"version-history":[{"count":1,"href":"https:\/\/diariodominicano.com\/index.php?rest_route=\/wp\/v2\/posts\/585252\/revisions"}],"predecessor-version":[{"id":585254,"href":"https:\/\/diariodominicano.com\/index.php?rest_route=\/wp\/v2\/posts\/585252\/revisions\/585254"}],"wp:featuredmedia":[{"embeddable":true,"href":"https:\/\/diariodominicano.com\/index.php?rest_route=\/wp\/v2\/media\/585253"}],"wp:attachment":[{"href":"https:\/\/diariodominicano.com\/index.php?rest_route=%2Fwp%2Fv2%2Fmedia&parent=585252"}],"wp:term":[{"taxonomy":"category","embeddable":true,"href":"https:\/\/diariodominicano.com\/index.php?rest_route=%2Fwp%2Fv2%2Fcategories&post=585252"},{"taxonomy":"post_tag","embeddable":true,"href":"https:\/\/diariodominicano.com\/index.php?rest_route=%2Fwp%2Fv2%2Ftags&post=585252"}],"curies":[{"name":"wp","href":"https:\/\/api.w.org\/{rel}","templated":true}]}}