{"id":585222,"date":"2024-12-24T02:07:16","date_gmt":"2024-12-24T06:07:16","guid":{"rendered":"https:\/\/diariodominicano.com\/?p=585222"},"modified":"2024-12-24T02:07:21","modified_gmt":"2024-12-24T06:07:21","slug":"xi-presenta-orden-para-ascender-a-oficial-militar-al-grado-de-general","status":"publish","type":"post","link":"https:\/\/diariodominicano.com\/?p=585222","title":{"rendered":"Xi presenta orden para ascender a oficial militar al grado de general"},"content":{"rendered":"\n<p><em>spanish.news.cn<\/em>|<em>&nbsp;2024-12-23 19:38:15<\/em>|<\/p>\n\n\n\n<p>&nbsp;(Xinhua\/Li Gang)<\/p>\n\n\n\n<p>BEIJING, 23 dic (Xinhua) &#8212; Xi Jinping, presidente de la Comisi\u00f3n Militar Central (CMC), present\u00f3 hoy lunes un certificado de orden para ascender a un oficial militar al rango de general.<\/p>\n\n\n\n<p>El oficial ascendido es Chen Hui, comisario pol\u00edtico del Ej\u00e9rcito del Ej\u00e9rcito Popular de Liberaci\u00f3n (EPL).<\/p>\n\n\n\n<p>Zhang Youxia, vicepresidente de la CMC, anunci\u00f3 la orden de ascenso, que fue firmada por Xi, en una ceremonia celebrada con motivo de la promoci\u00f3n en Beijing, capital de China. He Weidong, otro vicepresidente de la CMC, presidi\u00f3 la ceremonia.<\/p>\n\n\n\n<p>Xi extendi\u00f3 felicitaciones al general.<\/p>\n\n\n\n<p>General es el rango m\u00e1s alto para los oficiales en servicio activo en China.&nbsp;<\/p>\n","protected":false},"excerpt":{"rendered":"<p>spanish.news.cn|&nbsp;2024-12-23 19:38:15| &nbsp;(Xinhua\/Li Gang) BEIJING, 23 dic (Xinhua) &#8212; Xi Jinping, presidente de la Comisi\u00f3n Militar Central (CMC), present\u00f3 hoy lunes un certificado de orden para ascender a un oficial militar al rango de general. El oficial ascendido es Chen Hui, comisario pol\u00edtico del Ej\u00e9rcito del Ej\u00e9rcito Popular de Liberaci\u00f3n (EPL). Zhang Youxia, vicepresidente de [&hellip;]<\/p>\n","protected":false},"author":28,"featured_media":585223,"comment_status":"closed","ping_status":"closed","sticky":true,"template":"","format":"standard","meta":{"footnotes":""},"categories":[23],"tags":[],"class_list":["post-585222","post","type-post","status-publish","format-standard","has-post-thumbnail","hentry","category-internacional"],"_links":{"self":[{"href":"https:\/\/diariodominicano.com\/index.php?rest_route=\/wp\/v2\/posts\/585222","targetHints":{"allow":["GET"]}}],"collection":[{"href":"https:\/\/diariodominicano.com\/index.php?rest_route=\/wp\/v2\/posts"}],"about":[{"href":"https:\/\/diariodominicano.com\/index.php?rest_route=\/wp\/v2\/types\/post"}],"author":[{"embeddable":true,"href":"https:\/\/diariodominicano.com\/index.php?rest_route=\/wp\/v2\/users\/28"}],"replies":[{"embeddable":true,"href":"https:\/\/diariodominicano.com\/index.php?rest_route=%2Fwp%2Fv2%2Fcomments&post=585222"}],"version-history":[{"count":1,"href":"https:\/\/diariodominicano.com\/index.php?rest_route=\/wp\/v2\/posts\/585222\/revisions"}],"predecessor-version":[{"id":585224,"href":"https:\/\/diariodominicano.com\/index.php?rest_route=\/wp\/v2\/posts\/585222\/revisions\/585224"}],"wp:featuredmedia":[{"embeddable":true,"href":"https:\/\/diariodominicano.com\/index.php?rest_route=\/wp\/v2\/media\/585223"}],"wp:attachment":[{"href":"https:\/\/diariodominicano.com\/index.php?rest_route=%2Fwp%2Fv2%2Fmedia&parent=585222"}],"wp:term":[{"taxonomy":"category","embeddable":true,"href":"https:\/\/diariodominicano.com\/index.php?rest_route=%2Fwp%2Fv2%2Fcategories&post=585222"},{"taxonomy":"post_tag","embeddable":true,"href":"https:\/\/diariodominicano.com\/index.php?rest_route=%2Fwp%2Fv2%2Ftags&post=585222"}],"curies":[{"name":"wp","href":"https:\/\/api.w.org\/{rel}","templated":true}]}}