{"id":585178,"date":"2024-12-24T00:26:07","date_gmt":"2024-12-24T04:26:07","guid":{"rendered":"https:\/\/diariodominicano.com\/?p=585178"},"modified":"2024-12-24T00:26:09","modified_gmt":"2024-12-24T04:26:09","slug":"asamblea-fedogim-reelige-a-edwin-rodriguez-como-presidente","status":"publish","type":"post","link":"https:\/\/diariodominicano.com\/?p=585178","title":{"rendered":"Asamblea Fedogim reelige a Edwin Rodr\u00edguez como presidente"},"content":{"rendered":"\n<p>Enmanuel Garc\u00eda Musa juramenta a los nuevos miembros de la directiva de la Fedogim: Audrys Nin Reyes, Orqu\u00eddea Dom\u00ednguez, Manuel Francisco Nina, Yamilet Pe\u00f1a, Timoteo P\u00e9rez, Jos\u00e9 Valerio, Belkys Gallardo y Edwin Rodr\u00edguez.<\/p>\n\n\n\n<p><strong>SANTO DOMINGO<\/strong>, RD. El ingeniero Edwin Rodr\u00edguez fue  reelecto de manera un\u00e1nime para un nuevo per\u00edodo como presidente de la Federaci\u00f3n Dominicana de Gimnasia (Fedogim) al encabezar la plancha \u00fanica \u201cUnidad y Transparencia\u201d que se present\u00f3 al proceso eleccionario.<\/p>\n\n\n\n<p>La nueva directiva de la Fedogim estar\u00e1 activa para el per\u00edodo 2024-2028 al ser favorecida por el voto de las nueve asociaciones afiliadas al organismo y las cuales se presentaron con derecho a voz y voto, seg\u00fan los estatutos.<\/p>\n\n\n\n<p>Adem\u00e1s de Rodr\u00edguez, integran la directiva de la Fedogim Belkys Gallardo, vicepresidenta; Jos\u00e9 Gabriel Valerio, secretario general; Orqu\u00eddea Dom\u00ednguez, tesorera, as\u00ed como los vocales Manuel Francisco Nina, la atleta Yamilet Pe\u00f1a, y Pedro P\u00e9rez Ubre, al igual que Timoteo P\u00e9rez, por el Norte.<\/p>\n\n\n\n<p>Adem\u00e1s, el tambi\u00e9n deportista Audrys Nin Reyes result\u00f3 electo como enlace entre la federaci\u00f3n y los atletas.<\/p>\n\n\n\n<p>\u201cTenemos muchos sue\u00f1os y retos por cumplir. Ha sido una fiesta de la gimnasia, de la democracia y de la unidad\u201d, manifest\u00f3 Rodr\u00edguez al concluir la asamblea eleccionaria.<\/p>\n\n\n\n<p>El dirigente deportivo agradeci\u00f3 a cada uno de los asociados, dirigentes y entrenadores por el trabajo que, juntos, han venido realizando desde que asumi\u00f3 la titularidad en la Fedogim \u201cencaminados hacia un mismo objetivo\u201d.<\/p>\n\n\n\n<p>El licenciado y dirigente deportivo Enmanuel Garc\u00eda Musa presidi\u00f3 la comisi\u00f3n electoral, acompa\u00f1ado por Franklyn de la Cruz, presidente de la Federaci\u00f3n Dominicana de Triatl\u00f3n; el comunicador Roberto Mateo, miembro; Miguel Rivera, como observador, en representaci\u00f3n del Comit\u00e9 Ol\u00edmpico Dominicano, y el ingeniero Rafael Villalona, ex presidente de la Federaci\u00f3n Dominicana de Golf (Fedogolf).<\/p>\n\n\n\n<p>Jesus Leonardo Reyes<\/p>\n\n\n\n<p>Jesus Leonardo Reyes (De tus contactos de Google)<\/p>\n\n\n\n<p><a target=\"_blank\" href=\"mailto:jesusleonardoreyes562@gmail.com\" rel=\"noreferrer noopener\">jesusleonardoreyes562@gma<\/a><\/p>\n","protected":false},"excerpt":{"rendered":"<p>Enmanuel Garc\u00eda Musa juramenta a los nuevos miembros de la directiva de la Fedogim: Audrys Nin Reyes, Orqu\u00eddea Dom\u00ednguez, Manuel Francisco Nina, Yamilet Pe\u00f1a, Timoteo P\u00e9rez, Jos\u00e9 Valerio, Belkys Gallardo y Edwin Rodr\u00edguez. SANTO DOMINGO, RD. El ingeniero Edwin Rodr\u00edguez fue reelecto de manera un\u00e1nime para un nuevo per\u00edodo como presidente de la Federaci\u00f3n Dominicana [&hellip;]<\/p>\n","protected":false},"author":28,"featured_media":585179,"comment_status":"closed","ping_status":"closed","sticky":true,"template":"","format":"standard","meta":{"footnotes":""},"categories":[17],"tags":[],"class_list":["post-585178","post","type-post","status-publish","format-standard","has-post-thumbnail","hentry","category-deportes"],"_links":{"self":[{"href":"https:\/\/diariodominicano.com\/index.php?rest_route=\/wp\/v2\/posts\/585178","targetHints":{"allow":["GET"]}}],"collection":[{"href":"https:\/\/diariodominicano.com\/index.php?rest_route=\/wp\/v2\/posts"}],"about":[{"href":"https:\/\/diariodominicano.com\/index.php?rest_route=\/wp\/v2\/types\/post"}],"author":[{"embeddable":true,"href":"https:\/\/diariodominicano.com\/index.php?rest_route=\/wp\/v2\/users\/28"}],"replies":[{"embeddable":true,"href":"https:\/\/diariodominicano.com\/index.php?rest_route=%2Fwp%2Fv2%2Fcomments&post=585178"}],"version-history":[{"count":1,"href":"https:\/\/diariodominicano.com\/index.php?rest_route=\/wp\/v2\/posts\/585178\/revisions"}],"predecessor-version":[{"id":585180,"href":"https:\/\/diariodominicano.com\/index.php?rest_route=\/wp\/v2\/posts\/585178\/revisions\/585180"}],"wp:featuredmedia":[{"embeddable":true,"href":"https:\/\/diariodominicano.com\/index.php?rest_route=\/wp\/v2\/media\/585179"}],"wp:attachment":[{"href":"https:\/\/diariodominicano.com\/index.php?rest_route=%2Fwp%2Fv2%2Fmedia&parent=585178"}],"wp:term":[{"taxonomy":"category","embeddable":true,"href":"https:\/\/diariodominicano.com\/index.php?rest_route=%2Fwp%2Fv2%2Fcategories&post=585178"},{"taxonomy":"post_tag","embeddable":true,"href":"https:\/\/diariodominicano.com\/index.php?rest_route=%2Fwp%2Fv2%2Ftags&post=585178"}],"curies":[{"name":"wp","href":"https:\/\/api.w.org\/{rel}","templated":true}]}}