{"id":585163,"date":"2024-12-23T23:59:56","date_gmt":"2024-12-24T03:59:56","guid":{"rendered":"https:\/\/diariodominicano.com\/?p=585163"},"modified":"2024-12-24T00:19:19","modified_gmt":"2024-12-24T04:19:19","slug":"gobierno-de-ortega-anuncia-que-controlara-todo-tipo-de-espectaculos-publicos-en-nicaragua","status":"publish","type":"post","link":"https:\/\/diariodominicano.com\/?p=585163","title":{"rendered":"Vicepresidenta inaugura  polideportivo en Santiago"},"content":{"rendered":"\n<p><strong>La vicepresidenta Raquel Pe\u00f1a y el director ejecutivo del Instituto Nacional de Educaci\u00f3n F\u00edsica (INEFI), Alberto Rodr\u00edguez, cortan la cinta simb\u00f3lica para dejar inaugurado el polideportivo del Centro Educativo Jos\u00e9 Francisco Pe\u00f1a G\u00f3mez, en Santiago de los Caballeros.<\/strong><\/p>\n\n\n\n<p>El evento fue encabezado por la vicepresidenta Raquel Pe\u00f1a, quien destac\u00f3 el compromiso del gobierno con el desarrollo de la juventud y el fortalecimiento de la infraestructura deportiva en todo el pa\u00eds.<\/p>\n\n\n\n<p>\u201cCada cancha, cada polideportivo que inauguramos, refuerza nuestra determinaci\u00f3n para que el deporte sea el motor de la transformaci\u00f3n social que todos queremos\u201d, agreg\u00f3 Pe\u00f1a, al tiempo que insisti\u00f3 en la importancia de fomentar espacios adecuados y seguros para la pr\u00e1ctica deportiva, donde podr\u00e1n mejorar su actividad f\u00edsica y aprender de valores esenciales como el trabajo en equipo, la disciplina y la perseverancia.<\/p>\n\n\n\n<figure class=\"wp-block-image size-large\"><img loading=\"lazy\" decoding=\"async\" width=\"1024\" height=\"683\" src=\"https:\/\/diariodominicano.com\/wp-content\/uploads\/2024\/12\/PIE-DE-FOTO-2-ALBERTO-RODRIGUEZ-EN-SANTIAGO-1024x683.jpg\" alt=\"\" class=\"wp-image-585173\" srcset=\"https:\/\/diariodominicano.com\/wp-content\/uploads\/2024\/12\/PIE-DE-FOTO-2-ALBERTO-RODRIGUEZ-EN-SANTIAGO-1024x683.jpg 1024w, https:\/\/diariodominicano.com\/wp-content\/uploads\/2024\/12\/PIE-DE-FOTO-2-ALBERTO-RODRIGUEZ-EN-SANTIAGO-300x200.jpg 300w, https:\/\/diariodominicano.com\/wp-content\/uploads\/2024\/12\/PIE-DE-FOTO-2-ALBERTO-RODRIGUEZ-EN-SANTIAGO-768x512.jpg 768w, https:\/\/diariodominicano.com\/wp-content\/uploads\/2024\/12\/PIE-DE-FOTO-2-ALBERTO-RODRIGUEZ-EN-SANTIAGO-1536x1024.jpg 1536w, https:\/\/diariodominicano.com\/wp-content\/uploads\/2024\/12\/PIE-DE-FOTO-2-ALBERTO-RODRIGUEZ-EN-SANTIAGO-2048x1365.jpg 2048w, https:\/\/diariodominicano.com\/wp-content\/uploads\/2024\/12\/PIE-DE-FOTO-2-ALBERTO-RODRIGUEZ-EN-SANTIAGO-816x544.jpg 816w\" sizes=\"auto, (max-width: 1024px) 100vw, 1024px\" \/><\/figure>\n\n\n\n<p>Alberto Rodr\u00edguez<\/p>\n\n\n\n<p>Durante su discurso, el director ejecutivo del INEFI, Alberto Rodr\u00edguez, expres\u00f3 que esta nueva infraestructura no s\u00f3lo representa una obra de gran valor material, sino tambi\u00e9n un s\u00edmbolo del compromiso del gobierno dominicano para impulsar el deporte escolar y brindar a las futuras generaciones las herramientas necesarias para su desarrollo integral.<\/p>\n\n\n\n<p>\u201cHoy es un d\u00eda de especial celebraci\u00f3n para Santiago, una ciudad que ha dado grandes talentos al deporte, desde el tenis de mesa y de campo con Juan Vila y V\u00edctor Estrella, respectivamente, hasta el baloncesto con figuras como Luis Felipe L\u00f3pez, Eduardo G\u00f3mez, V\u00edctor Liz, Ricardo V\u00e1zquez y Mauricio Espinal\u201d, resalt\u00f3.<\/p>\n\n\n\n<p>Rodr\u00edguez tambi\u00e9n record\u00f3 la gran actuaci\u00f3n de peloteros de la talla de Luis Polonia, Miguel Dilon\u00e9 y Winston \u2018Chilote\u2019 Llenas, entre otros. \u201cEste polideportivo es una inversi\u00f3n en el futuro de nuestros j\u00f3venes, asegurando que nuevas generaciones sigan el ejemplo de estos grandes atletas\u201d, expres\u00f3 Rodr\u00edguez.<\/p>\n\n\n\n<p>El nuevo polideportivo est\u00e1 equipado con una cancha de baloncesto de primer nivel, iluminaci\u00f3n LED de alta eficiencia, un sistema de ventilaci\u00f3n industrial, vestidores y otros espacios destinados a la pr\u00e1ctica de deportes como voleibol, b\u00e1dminton, entre otros. La infraestructura est\u00e1 dise\u00f1ada para ser un centro de desarrollo y formaci\u00f3n para los j\u00f3venes de la comunidad, ofreciendo un espacio seguro y adecuado para su crecimiento f\u00edsico y personal.<\/p>\n\n\n\n<p>Rodr\u00edguez destac\u00f3 que este polideportivo es parte de un esfuerzo m\u00e1s amplio del INEFI para transformar el panorama deportivo en toda la Rep\u00fablica Dominicana. \u201cSolo este a\u00f1o hemos entregado polideportivos en comunidades vulnerables como el Ensanche Capotillo, en el Distrito Nacional, y El\u00edas Pi\u00f1a, en la frontera, as\u00ed como estadios de b\u00e9isbol en diversas localidades del pa\u00eds. Seguiremos trabajando para que cada rinc\u00f3n del pa\u00eds cuente con instalaciones deportivas de calidad\u201d, asegur\u00f3 el director del INEFI.<\/p>\n\n\n\n<p>Con este nuevo polideportivo, el INEFI reafirma su compromiso con el deporte escolar y la educaci\u00f3n f\u00edsica en la Rep\u00fablica Dominicana, asegurando que los j\u00f3venes dominicanos cuenten con espacios adecuados para su formaci\u00f3n y desarrollo, en un entorno saludable y lleno de oportunidades.<\/p>\n\n\n\n<p>PRENSA INEFI<\/p>\n\n\n\n<p>PRENSA INEFI ()<\/p>\n\n\n\n<p><a target=\"_blank\" href=\"mailto:prensainefi@gmail.com\" rel=\"noreferrer noopener\">prensainefi@gmail.com<\/a><\/p>\n\n\n\n<p><\/p>\n","protected":false},"excerpt":{"rendered":"<p>La vicepresidenta Raquel Pe\u00f1a y el director ejecutivo del Instituto Nacional de Educaci\u00f3n F\u00edsica (INEFI), Alberto Rodr\u00edguez, cortan la cinta simb\u00f3lica para dejar inaugurado el polideportivo del Centro Educativo Jos\u00e9 Francisco Pe\u00f1a G\u00f3mez, en Santiago de los Caballeros. El evento fue encabezado por la vicepresidenta Raquel Pe\u00f1a, quien destac\u00f3 el compromiso del gobierno con el [&hellip;]<\/p>\n","protected":false},"author":28,"featured_media":585171,"comment_status":"closed","ping_status":"closed","sticky":true,"template":"","format":"standard","meta":{"footnotes":""},"categories":[17,27],"tags":[],"class_list":["post-585163","post","type-post","status-publish","format-standard","has-post-thumbnail","hentry","category-deportes","category-portada"],"_links":{"self":[{"href":"https:\/\/diariodominicano.com\/index.php?rest_route=\/wp\/v2\/posts\/585163","targetHints":{"allow":["GET"]}}],"collection":[{"href":"https:\/\/diariodominicano.com\/index.php?rest_route=\/wp\/v2\/posts"}],"about":[{"href":"https:\/\/diariodominicano.com\/index.php?rest_route=\/wp\/v2\/types\/post"}],"author":[{"embeddable":true,"href":"https:\/\/diariodominicano.com\/index.php?rest_route=\/wp\/v2\/users\/28"}],"replies":[{"embeddable":true,"href":"https:\/\/diariodominicano.com\/index.php?rest_route=%2Fwp%2Fv2%2Fcomments&post=585163"}],"version-history":[{"count":5,"href":"https:\/\/diariodominicano.com\/index.php?rest_route=\/wp\/v2\/posts\/585163\/revisions"}],"predecessor-version":[{"id":585177,"href":"https:\/\/diariodominicano.com\/index.php?rest_route=\/wp\/v2\/posts\/585163\/revisions\/585177"}],"wp:featuredmedia":[{"embeddable":true,"href":"https:\/\/diariodominicano.com\/index.php?rest_route=\/wp\/v2\/media\/585171"}],"wp:attachment":[{"href":"https:\/\/diariodominicano.com\/index.php?rest_route=%2Fwp%2Fv2%2Fmedia&parent=585163"}],"wp:term":[{"taxonomy":"category","embeddable":true,"href":"https:\/\/diariodominicano.com\/index.php?rest_route=%2Fwp%2Fv2%2Fcategories&post=585163"},{"taxonomy":"post_tag","embeddable":true,"href":"https:\/\/diariodominicano.com\/index.php?rest_route=%2Fwp%2Fv2%2Ftags&post=585163"}],"curies":[{"name":"wp","href":"https:\/\/api.w.org\/{rel}","templated":true}]}}