{"id":585154,"date":"2024-12-23T23:48:29","date_gmt":"2024-12-24T03:48:29","guid":{"rendered":"https:\/\/diariodominicano.com\/?p=585154"},"modified":"2024-12-23T23:51:59","modified_gmt":"2024-12-24T03:51:59","slug":"la-depresion-y-la-soledad-durante-las-fiestas-navidenas-como-afectan-a-los-latinos-en-eeuu","status":"publish","type":"post","link":"https:\/\/diariodominicano.com\/?p=585154","title":{"rendered":"La depresi\u00f3n y la soledad durante las fiestas navide\u00f1as: \u00bfC\u00f3mo afectan a los latinos en EEUU?"},"content":{"rendered":"\n<p>El interior de una vivienda en Miami, Florida, decorada con ornamentos navide\u00f1os. (Foto: Antoni Belchi \/ VOA)<\/p>\n\n\n\n<p>diciembre 23, 2024<\/p>\n\n\n\n<ul class=\"wp-block-list\">\n<li><a href=\"https:\/\/www.vozdeamerica.com\/author\/antoni-belchi\/mymyv\">Antoni Belchi<\/a><\/li>\n<\/ul>\n\n\n\n<ul class=\"wp-block-list\">\n<li><a href=\"https:\/\/facebook.com\/sharer.php?u=https%3a%2f%2fwww.vozdeamerica.com%2fa%2fdepresion-soledad-fiestas-navidenas-afecta-latinos-eeuu%2f7911212.html\" target=\"_blank\" rel=\"noreferrer noopener\"><\/a><\/li>\n\n\n\n<li><a href=\"https:\/\/twitter.com\/share?url=https%3a%2f%2fwww.vozdeamerica.com%2fa%2fdepresion-soledad-fiestas-navidenas-afecta-latinos-eeuu%2f7911212.html&amp;text=La+depresi%c3%b3n+y+la+soledad+durante+las+fiestas+navide%c3%b1as%3a+%c2%bfc%c3%b3mo+afectan+a+los+latinos+en+EEUU%3f\" target=\"_blank\" rel=\"noreferrer noopener\"><\/a><\/li>\n\n\n\n<li><\/li>\n\n\n\n<li><a href=\"mailto:?body=https%3a%2f%2fwww.vozdeamerica.com%2fa%2fdepresion-soledad-fiestas-navidenas-afecta-latinos-eeuu%2f7911212.html&amp;subject=La%20depresi%C3%B3n%20y%20la%20soledad%20durante%20las%20fiestas%20navide%C3%B1as:%20%C2%BFc%C3%B3mo%20afectan%20a%20los%20latinos%20en%20EEUU?\"><\/a><\/li>\n<\/ul>\n\n\n\n<p><a href=\"https:\/\/www.vozdeamerica.com\/a\/depresion-soledad-fiestas-navidenas-afecta-latinos-eeuu\/7911212.html#comments\">&nbsp;Vea comentarios<\/a><\/p>\n\n\n\n<p>Un tercio de los latinos en Estados Unidos reporta mayor estr\u00e9s durante las fiestas navide\u00f1as, seg\u00fan un estudio. Factores como la nostalgia, la p\u00e9rdida de seres queridos y las expectativas sociales pueden influir negativamente en la salud mental durante los festejos.<\/p>\n\n\n\n<p>MIAMI, EEUU \u2014&nbsp;<\/p>\n\n\n\n<p>Las fiestas navide\u00f1as son una \u00e9poca caracterizada por las luces, los adornos, los regalos y, sobre todo, las reuniones familiares, pero tambi\u00e9n pueden ser un periodo complicado para muchas personas. Las expectativas sociales, el duelo por la p\u00e9rdida de seres queridos y la soledad son algunos de los factores que afectan el bienestar emocional en los festejos.<\/p>\n\n\n\n<p>Un 33 % de los latinos en Estados Unidos afirma experimentar m\u00e1s estr\u00e9s relacionado con las fiestas que el a\u00f1o anterior, seg\u00fan la Cuarta Encuesta Anual sobre Salud Mental durante la Temporada de Fiestas de la Asociaci\u00f3n Estadounidense de Psiquiatr\u00eda (APA, por sus siglas en ingl\u00e9s) publicada recientemente.<\/p>\n\n\n\n<figure class=\"wp-block-image\"><img decoding=\"async\" src=\"https:\/\/gdb.voanews.com\/a90cd18d-d0c0-4528-a086-3812a7de2d37_w250_r1.jpg\" alt=\"El regreso de la electricidad en v\u00edsperas de Navidad trae alivio a Ecuador\" title=\"El regreso de la electricidad en v\u00edsperas de Navidad trae alivio a Ecuador\"\/><\/figure>\n\n\n\n<p>&nbsp;Insertar&nbsp;share<\/p>\n\n\n\n<h5 class=\"wp-block-heading\"><a href=\"https:\/\/www.vozdeamerica.com\/a\/depresion-soledad-fiestas-navidenas-afecta-latinos-eeuu\/7911081.html\" target=\"_blank\" rel=\"noreferrer noopener\">El regreso de la electricidad en v\u00edsperas de Navidad trae alivio a Ecuador<\/a><\/h5>\n\n\n\n<p><small>Por&nbsp;<a href=\"https:\/\/www.vozdeamerica.com\/\" target=\"_blank\" rel=\"noreferrer noopener\">Voz de Am\u00e9rica<\/a><\/small><\/p>\n\n\n\n<p>\u00a0<\/p>\n\n\n\n<ul class=\"wp-block-list\">\n<li><a href=\"https:\/\/facebook.com\/sharer.php?u=https%3a%2f%2fwww.vozdeamerica.com%2fa%2f7911081.html\" target=\"_blank\" rel=\"noreferrer noopener\">Comparta en Facebook<\/a><\/li>\n\n\n\n<li><a href=\"https:\/\/twitter.com\/share?url=https%3a%2f%2fwww.vozdeamerica.com%2fa%2f7911081.html&amp;text=El+regreso+de+la+electricidad+en+v%c3%adsperas+de+Navidad+trae+alivio+a+Ecuador\" target=\"_blank\" rel=\"noreferrer noopener\">Comparta en Twitter<\/a><\/li>\n<\/ul>\n\n\n\n<hr class=\"wp-block-separator has-alpha-channel-opacity\"\/>\n\n\n\n<p><\/p>\n\n\n\n<p>&nbsp;Descargar&nbsp;&nbsp;Pop-out player<\/p>\n\n\n\n<h3 class=\"wp-block-heading\">\u00bfQu\u00e9 causa el estr\u00e9s navide\u00f1o?<\/h3>\n\n\n\n<p>El reporte de la APA identifica que el 51 % de los encuestados menciona la compra de regalos como una de las principales fuentes de estr\u00e9s, un aspecto que coincide con lo que se\u00f1alan los especialistas consultados por la&nbsp;<strong><em>Voz de Am\u00e9rica<\/em><\/strong>.<\/p>\n\n\n\n<p>\u00abNo hay que estresarse tratando de buscar el regalo o el men\u00fa perfecto, hay que ser conscientes de que lo importante es disfrutar de la compa\u00f1\u00eda y las conexiones humanas\u201d, advirti\u00f3 la Dra. Theresa Miskimen-Rivera, presidenta electa de la APA.<\/p>\n\n\n\n<p>Sin embargo, el duelo por la p\u00e9rdida de un ser querido afecta al 50 % de las personas, una situaci\u00f3n que se agrava con la nostalgia asociada a estas fechas.<\/p>\n\n\n\n<p>\u00abMuchas veces las luces y el festejo de fuera no concuerdan con la emoci\u00f3n que tienes dentro, y eso genera mucha perturbaci\u00f3n. Todo el mundo parece feliz, pero por dentro puedes estar muri\u00e9ndote de la pena\u00bb, explic\u00f3 la Dra. Marian Rojas Estap\u00e9, m\u00e9dica y escritora especializada en psiquiatr\u00eda, al tiempo que se\u00f1al\u00f3 que la \u201cdesconexi\u00f3n entre lo interno y lo externo\u201d puede ser especialmente dif\u00edcil de gestionar para quienes enfrentan una p\u00e9rdida reciente.<\/p>\n\n\n\n<figure class=\"wp-block-image\"><img decoding=\"async\" src=\"https:\/\/gdb.voanews.com\/baa2e55d-8ff9-4e19-b9b1-c6ce0c3a2bb9_cx0_cy6_cw100_w250_r1.jpg\" alt=\"El Vaticano celebra la Navidad conmemorando la vida\" title=\"El Vaticano celebra la Navidad conmemorando la vida\"\/><\/figure>\n\n\n\n<h5 class=\"wp-block-heading\"><a href=\"https:\/\/www.vozdeamerica.com\/a\/depresion-soledad-fiestas-navidenas-afecta-latinos-eeuu\/7911076.html\" target=\"_blank\" rel=\"noreferrer noopener\">El Vaticano celebra la Navidad conmemorando la vida<\/a><\/h5>\n\n\n\n<p><small>Por&nbsp;<a href=\"https:\/\/www.vozdeamerica.com\/\" target=\"_blank\" rel=\"noreferrer noopener\">Voz de Am\u00e9rica<\/a><\/small><\/p>\n\n\n\n<p>\u00a0<\/p>\n\n\n\n<ul class=\"wp-block-list\">\n<li><a href=\"https:\/\/facebook.com\/sharer.php?u=https%3a%2f%2fwww.vozdeamerica.com%2fa%2f7911076.html\" target=\"_blank\" rel=\"noreferrer noopener\">Comparta en Facebook<\/a><\/li>\n\n\n\n<li><a href=\"https:\/\/twitter.com\/share?url=https%3a%2f%2fwww.vozdeamerica.com%2fa%2f7911076.html&amp;text=El+Vaticano+celebra+la+Navidad+conmemorando+la+vida\" target=\"_blank\" rel=\"noreferrer noopener\">Comparta en Twitter<\/a><\/li>\n<\/ul>\n\n\n\n<hr class=\"wp-block-separator has-alpha-channel-opacity\"\/>\n\n\n\n<p>&nbsp;Descargar&nbsp;&nbsp;Pop-out player<\/p>\n\n\n\n<p>Esta situaci\u00f3n se agrav\u00f3 con la pandemia de Covid-19, donde los \u00edndices de casos de depresi\u00f3n se dispararon. Se estima que m\u00e1s del 60 % de la poblaci\u00f3n admite haberse sentido solo en alg\u00fan momento en el \u00faltimo a\u00f1o, algo que no se hab\u00eda acentuado tanto desde la crisis sanitaria.<\/p>\n\n\n\n<p>\u00abLa incertidumbre, el aislamiento y el temor al futuro han exacerbado los s\u00edntomas de ansiedad y depresi\u00f3n en muchas personas, dejando cicatrices que a menudo resurgen durante la temporada navide\u00f1a\u201d, agreg\u00f3 Rojas Estap\u00e9.<\/p>\n\n\n\n<h3 class=\"wp-block-heading\">La soledad: una pandemia silenciosa<\/h3>\n\n\n\n<p>Seg\u00fan otro informe de la Universidad de Harvard, la soledad activa \u00e1reas del cerebro similares al dolor f\u00edsico, por lo que los expertos defienden la importancia que supone tener un buen cuidado de la salud emocional, principalmente para evitar males mayores.<\/p>\n\n\n\n<p>\u00abLa soledad afecta al sistema inmune, potencia la depresi\u00f3n y est\u00e1 \u00edntimamente relacionada con los intentos de suicidio. Por lo que es urgente fomentar los v\u00ednculos humanos\u00bb, recomend\u00f3 Rojas Estap\u00e9.<\/p>\n\n\n\n<p><video poster=\"https:\/\/gdb.voanews.com\/9dcb8b3b-2d45-459a-a5c1-5a84330243b6_tv_w650_r1.jpg\" src=\"blob:https:\/\/www.vozdeamerica.com\/da25cff7-ced5-44cc-a04b-92d22357826b\" height=\"381\" width=\"676\"><\/video><\/p>\n\n\n\n<h5 class=\"wp-block-heading\"><a href=\"https:\/\/www.vozdeamerica.com\/a\/depresion-soledad-fiestas-navidenas-afecta-latinos-eeuu\/7906300.html\" target=\"_blank\" rel=\"noreferrer noopener\">Agricultores en Panam\u00e1 son pieza clave de los s\u00edmbolos t\u00edpicos de la Navidad<\/a><\/h5>\n\n\n\n<p>\u00a0<\/p>\n\n\n\n<ul class=\"wp-block-list\">\n<li><a href=\"https:\/\/facebook.com\/sharer.php?u=https%3a%2f%2fwww.vozdeamerica.com%2fa%2f7906300.html\" target=\"_blank\" rel=\"noreferrer noopener\">Comparta en Facebook<\/a><\/li>\n\n\n\n<li><a href=\"https:\/\/twitter.com\/share?url=https%3a%2f%2fwww.vozdeamerica.com%2fa%2f7906300.html&amp;text=Agricultores+en+Panam%c3%a1+son+pieza+clave+de+los+s%c3%admbolos+t%c3%adpicos+de+la+Navidad\" target=\"_blank\" rel=\"noreferrer noopener\">Comparta en Twitter<\/a><\/li>\n<\/ul>\n\n\n\n<hr class=\"wp-block-separator has-alpha-channel-opacity\"\/>\n\n\n\n<p><a href=\"https:\/\/www.vozdeamerica.com\/embed\/player\/Article\/7906300.html?type=video&amp;FullScreenMode=True\" target=\"_blank\" rel=\"noreferrer noopener\"><\/a><\/p>\n\n\n\n<p>&nbsp;Descargar&nbsp;<\/p>\n\n\n\n<h3 class=\"wp-block-heading\">El escenario para los latinos en EEUU<\/h3>\n\n\n\n<p>En la comunidad latina, el sentimiento de soledad puede intensificarse debido a las barreras culturales y de idioma. \u00abAdem\u00e1s, muchos latinos enfrentan la nostalgia de no poder estar con sus seres queridos en sus pa\u00edses de origen, y esto genera un vac\u00edo emocional que puede ser dif\u00edcil de llenar\u00bb, sostuvo la portavoz de la APA.<\/p>\n\n\n\n<p>Una situaci\u00f3n en la que tambi\u00e9n los adultos mayores son particularmente vulnerables en estas fechas, especialmente cuando la familia se encuentra lejos, ya que la mayor\u00eda de ellos no tiene acceso a herramientas de \u00faltima tecnolog\u00eda o simplemente no saben c\u00f3mo utilizarlas.<\/p>\n\n\n\n<p>\u00abLa desconexi\u00f3n generacional y la falta de adaptaci\u00f3n tecnol\u00f3gica a menudo los excluyen de reuniones virtuales o interacciones sociales m\u00e1s modernas\u00bb, recalc\u00f3 por su parte Miskimen-Rivera.<\/p>\n\n\n\n<p>Un 37 % de los latinos encuestados se\u00f1al\u00f3 las din\u00e1micas familiares como un factor de estr\u00e9s durante las fiestas. Las discusiones sobre pol\u00edtica y actualidad tambi\u00e9n son una preocupaci\u00f3n: el 30 % de los dem\u00f3cratas y el 21 % de los republicanos expresaron temor a estas conversaciones.<\/p>\n\n\n\n<p><a href=\"https:\/\/www.vozdeamerica.com\/a\/auge-comercio-electronico-navidad-emprendedores-hispanos-internet\/7907588.html\"><\/a><\/p>\n\n\n\n<p><a href=\"https:\/\/www.vozdeamerica.com\/a\/auge-comercio-electronico-navidad-emprendedores-hispanos-internet\/7907588.html\">Tambi\u00e9n lea<\/a><\/p>\n\n\n\n<h4 class=\"wp-block-heading\"><a href=\"https:\/\/www.vozdeamerica.com\/a\/auge-comercio-electronico-navidad-emprendedores-hispanos-internet\/7907588.html\">El auge del comercio electr\u00f3nico en Navidad impulsa a emprendedores hispanos, \u00abgracias a internet\u201d<\/a><\/h4>\n\n\n\n<p>\u00abEs importante recordar que no siempre es necesario ganar un debate o resolver viejos conflictos familiares durante una cena navide\u00f1a\u00bb, aconsej\u00f3 la Dra. Marian Rojas Estap\u00e9. \u00abLa clave es encontrar puntos de conexi\u00f3n y evitar temas que generen tensi\u00f3n\u201d.<\/p>\n\n\n\n<p>Por su parte, la Dra. Miskimen-Rivera agrega que \u00ablos estereotipos y las expectativas culturales pueden presionar a los miembros de la familia para que se ajusten a ciertas normas, lo que a menudo intensifica los conflictos intergeneracionales\u201d.<\/p>\n\n\n\n<h3 class=\"wp-block-heading\">\u00bfC\u00f3mo afrontar las fiestas?<\/h3>\n\n\n\n<p>Ambas especialistas coinciden en que existen estrategias para afrontar el estr\u00e9s que generan las fiestas navide\u00f1as.<\/p>\n\n\n\n<ol class=\"wp-block-list\">\n<li><strong>Establecer un presupuesto:<\/strong>\u00a0\u00abPlanificar un presupuesto y seguirlo al pie de la letra evita preocupaciones financieras adicionales\u00bb, sugiri\u00f3 Miskimen-Rivera.<\/li>\n\n\n\n<li><strong>Mantener rutinas saludables:<\/strong>\u00a0Dormir bien, hacer ejercicio y dedicar tiempo al autocuidado son fundamentales. \u00abEl sue\u00f1o es la mejor vacuna para la salud emocional\u00bb, afirm\u00f3 Rojas Estap\u00e9.<\/li>\n\n\n\n<li><strong>Buscar apoyo:<\/strong>\u00a0\u00abSi el duelo o la ansiedad se vuelven intolerables, busque ayuda profesional,\u00bb recomend\u00f3 Miskimen-Rivera. Recursos como el tel\u00e9fono 988, de la l\u00ednea de prevenci\u00f3n contra el suicidio en Estados Unidos, ofrecen apoyo gratuito y confidencial.<\/li>\n\n\n\n<li><strong>Fomentar la conexi\u00f3n:<\/strong>\u00a0\u00abNo dejemos a nadie solo en Navidad. Crear espacios de acogida puede marcar la diferencia\u00bb, dijo la Dra. Rojas Estap\u00e9.<\/li>\n\n\n\n<li><strong>Practicar la gratitud:<\/strong>\u00a0Centrarse en lo positivo y expresar gratitud puede aliviar el estr\u00e9s. \u00abAunque sea un momento dif\u00edcil, siempre hay algo por lo que estar agradecido,\u00bb asegur\u00f3 Miskimen-Rivera.<\/li>\n\n\n\n<li><strong>Limitar el uso de tecnolog\u00eda:<\/strong>\u00a0\u00abDesconectarse de las redes sociales durante las fiestas puede ayudar a reducir la ansiedad por comparaciones sociales y fomentar una conexi\u00f3n m\u00e1s genuina con los seres queridos\u00bb, insisti\u00f3 Rojas Estap\u00e9.<\/li>\n\n\n\n<li><strong>Planificar tiempo para uno mismo:<\/strong>\u00a0\u00abDedicar unos minutos al d\u00eda para meditar, reflexionar o simplemente respirar profundamente puede ser clave para manejar el estr\u00e9s,\u00bb sugiri\u00f3 la Dra. Miskimen-Rivera.<\/li>\n<\/ol>\n\n\n\n<p><a href=\"https:\/\/www.vozdeamerica.com\/a\/nieve-hielo-vientos-fuertes-generan-condiciones-peligrosas-centro-occidente-eeuu-\/7907392.html\"><\/a><\/p>\n\n\n\n<p><a href=\"https:\/\/www.vozdeamerica.com\/a\/nieve-hielo-vientos-fuertes-generan-condiciones-peligrosas-centro-occidente-eeuu-\/7907392.html\">Tambi\u00e9n lea<\/a><\/p>\n\n\n\n<h4 class=\"wp-block-heading\"><a href=\"https:\/\/www.vozdeamerica.com\/a\/nieve-hielo-vientos-fuertes-generan-condiciones-peligrosas-centro-occidente-eeuu-\/7907392.html\">Nieve, hielo y vientos fuertes generan condiciones peligrosas en centro-oeste de EEUU<\/a><\/h4>\n\n\n\n<p>A pesar de estos desaf\u00edos, parte de la comunidad latina en EEUU tambi\u00e9n encuentra razones para celebrar. El 33 % de los encuestados mencion\u00f3 que disfrutan pasar tiempo con sus familias, y el 24 % espera con entusiasmo las comidas festivas.<\/p>\n\n\n\n<p>Muchos de los hispanos han incorporado tradiciones y costumbres culinarias tra\u00eddas de sus pa\u00edses a las festividades, por lo que para muchos tambi\u00e9n significa una oportunidad para el reencuentro y la celebraci\u00f3n de sus or\u00edgenes.<\/p>\n","protected":false},"excerpt":{"rendered":"<p>El interior de una vivienda en Miami, Florida, decorada con ornamentos navide\u00f1os. (Foto: Antoni Belchi \/ VOA) diciembre 23, 2024 &nbsp;Vea comentarios Un tercio de los latinos en Estados Unidos reporta mayor estr\u00e9s durante las fiestas navide\u00f1as, seg\u00fan un estudio. Factores como la nostalgia, la p\u00e9rdida de seres queridos y las expectativas sociales pueden influir [&hellip;]<\/p>\n","protected":false},"author":28,"featured_media":585155,"comment_status":"closed","ping_status":"closed","sticky":true,"template":"","format":"standard","meta":{"footnotes":""},"categories":[36,25,23,19],"tags":[],"class_list":["post-585154","post","type-post","status-publish","format-standard","has-post-thumbnail","hentry","category-hombresmujeresycosas","category-gente","category-internacional","category-mi-voz"],"_links":{"self":[{"href":"https:\/\/diariodominicano.com\/index.php?rest_route=\/wp\/v2\/posts\/585154","targetHints":{"allow":["GET"]}}],"collection":[{"href":"https:\/\/diariodominicano.com\/index.php?rest_route=\/wp\/v2\/posts"}],"about":[{"href":"https:\/\/diariodominicano.com\/index.php?rest_route=\/wp\/v2\/types\/post"}],"author":[{"embeddable":true,"href":"https:\/\/diariodominicano.com\/index.php?rest_route=\/wp\/v2\/users\/28"}],"replies":[{"embeddable":true,"href":"https:\/\/diariodominicano.com\/index.php?rest_route=%2Fwp%2Fv2%2Fcomments&post=585154"}],"version-history":[{"count":3,"href":"https:\/\/diariodominicano.com\/index.php?rest_route=\/wp\/v2\/posts\/585154\/revisions"}],"predecessor-version":[{"id":585159,"href":"https:\/\/diariodominicano.com\/index.php?rest_route=\/wp\/v2\/posts\/585154\/revisions\/585159"}],"wp:featuredmedia":[{"embeddable":true,"href":"https:\/\/diariodominicano.com\/index.php?rest_route=\/wp\/v2\/media\/585155"}],"wp:attachment":[{"href":"https:\/\/diariodominicano.com\/index.php?rest_route=%2Fwp%2Fv2%2Fmedia&parent=585154"}],"wp:term":[{"taxonomy":"category","embeddable":true,"href":"https:\/\/diariodominicano.com\/index.php?rest_route=%2Fwp%2Fv2%2Fcategories&post=585154"},{"taxonomy":"post_tag","embeddable":true,"href":"https:\/\/diariodominicano.com\/index.php?rest_route=%2Fwp%2Fv2%2Ftags&post=585154"}],"curies":[{"name":"wp","href":"https:\/\/api.w.org\/{rel}","templated":true}]}}