{"id":585147,"date":"2024-12-23T23:31:59","date_gmt":"2024-12-24T03:31:59","guid":{"rendered":"https:\/\/diariodominicano.com\/?p=585147"},"modified":"2024-12-23T23:34:14","modified_gmt":"2024-12-24T03:34:14","slug":"onu-aumenta-cifra-de-muertes-por-matanza-de-practicantes-de-vudu-en-haiti","status":"publish","type":"post","link":"https:\/\/diariodominicano.com\/?p=585147","title":{"rendered":"ONU aumenta cifra de muertes por matanza de practicantes de vud\u00fa en Hait\u00ed"},"content":{"rendered":"\n<p>Los residentes pasan junto a veh\u00edculos incendiados por bandas armadas en el barrio de Poste Marchand de Puerto Pr\u00edncipe, Hait\u00ed, el martes 10 de diciembre de 2024.<\/p>\n\n\n\n<p>diciembre 23, 2024<\/p>\n\n\n\n<ul class=\"wp-block-list\">\n<li><a href=\"https:\/\/www.vozdeamerica.com\/author\/associated-press\/v_kyr\">Associated Press<\/a><\/li>\n<\/ul>\n\n\n\n<ul class=\"wp-block-list\">\n<li><a href=\"https:\/\/facebook.com\/sharer.php?u=https%3a%2f%2fwww.vozdeamerica.com%2fa%2fonu-aumenta-cifra-muertes-masacre-practicantes-vudu-haiti-%2f7911765.html\" target=\"_blank\" rel=\"noreferrer noopener\"><\/a><\/li>\n\n\n\n<li><a href=\"https:\/\/twitter.com\/share?url=https%3a%2f%2fwww.vozdeamerica.com%2fa%2fonu-aumenta-cifra-muertes-masacre-practicantes-vudu-haiti-%2f7911765.html&amp;text=ONU+aumenta+cifra+de+muertes+por+matanza+de+practicantes+de+vud%c3%ba+en+Hait%c3%ad\" target=\"_blank\" rel=\"noreferrer noopener\"><\/a><\/li>\n\n\n\n<li><\/li>\n\n\n\n<li><a href=\"mailto:?body=https%3a%2f%2fwww.vozdeamerica.com%2fa%2fonu-aumenta-cifra-muertes-masacre-practicantes-vudu-haiti-%2f7911765.html&amp;subject=ONU%20aumenta%20cifra%20de%20muertes%20por%20matanza%20de%20practicantes%20de%20vud%C3%BA%20en%20Hait%C3%AD\"><\/a><\/li>\n<\/ul>\n\n\n\n<p><a href=\"https:\/\/www.vozdeamerica.com\/a\/onu-aumenta-cifra-muertes-masacre-practicantes-vudu-haiti-\/7911765.html#comments\">&nbsp;Vea comentarios<\/a><\/p>\n\n\n\n<p>A 207 aumentaron las v\u00edctimas de una masacre en Hait\u00ed por parte de pandillas a inicios de diciembre. La ONU dijo que las personas, practicantes de vud\u00fa, fueron sacadas de sus hogares y de un lugar de culto para luego ser ejecutadas a tiros y machetazos.<\/p>\n\n\n\n<p>PUERTO PR\u00cdNCIPE \u2014&nbsp;<\/p>\n\n\n\n<p>Las Naciones Unidas aumentaron el n\u00famero de muertos de una reciente<strong><em>&nbsp;<a href=\"https:\/\/www.vozdeamerica.com\/a\/lider-pandilla-en-haiti-acusado-de-matanza-ancianos-tras-muerte-de-su-hijo\/7893183.html\" target=\"_blank\" rel=\"noreferrer noopener\">masacre en la que decenas de ancianos y l\u00edderes religiosos del vud\u00fa<\/a><\/em><\/strong>&nbsp;fueron asesinados por una pandilla en Hait\u00ed, y pidieron a las autoridades llevar a justicia a los responsables.<\/p>\n\n\n\n<p>La Oficina Integrada de la ONU en Hait\u00ed indic\u00f3 en un informe publicado el lunes que entre el 6 y el 11 de diciembre m\u00e1s de 207 personas fueron asesinadas por la pandilla de Wharf Jeremie. La pandilla sac\u00f3 a las personas de sus hogares y de un lugar de culto, las interrog\u00f3 y luego las ejecut\u00f3 a tiros y machetazos.<\/p>\n\n\n\n<p>A principios de este mes, grupos de derechos humanos en Hait\u00ed hab\u00edan estimado que m\u00e1s de 100 personas fueron asesinadas en la masacre, pero la nueva investigaci\u00f3n de la ONU duplica el n\u00famero de v\u00edctimas.<\/p>\n\n\n\n<p>\u201cNo podemos pretender que no pas\u00f3 nada\u201d, dijo Mar\u00eda Isabel Salvador, representante especial del secretario general de la ONU en Hait\u00ed.<\/p>\n\n\n\n<p>\u201cHago un llamado al sistema de justicia haitiano para que investigue a fondo estos horribles cr\u00edmenes y arreste y castigue a los perpetradores, as\u00ed como a quienes los apoyan\u201d, dijo en un comunicado.<\/p>\n\n\n\n<figure class=\"wp-block-image\"><a href=\"https:\/\/www.vozdeamerica.com\/a\/en-fotos-fin-de-semana-violento-en-haiti-se-habla-de-mas-de-180-adultos-mayores-muertos\/7895804.html\"><img decoding=\"async\" src=\"https:\/\/gdb.voanews.com\/7195ad15-e060-4890-b393-20bb2db6e6dd_w650_r1_s.jpg\" alt=\"En Fotos | Fin de semana violento en Hait\u00ed, con de m\u00e1s de 180 adultos mayores muertos\"\/><\/a><figcaption class=\"wp-element-caption\">Galer\u00eda de fotosEn Fotos | Fin de semana violento en Hait\u00ed, con de m\u00e1s de 180 adultos mayores muertos<\/figcaption><\/figure>\n\n\n\n<p>Grupos de derechos humanos en Hait\u00ed dijeron que la masacre comenz\u00f3 despu\u00e9s de que el hijo de Micanor Alt\u00e8s, l\u00edder de la pandilla Wharf Jeremie, muriera por una enfermedad.<\/p>\n\n\n\n<p>La Cooperativa para la Paz y el Desarrollo, un grupo de derechos humanos, dijo que seg\u00fan informaci\u00f3n que circula en la comunidad, Alt\u00e8s acus\u00f3 a personas del vecindario de causar la enfermedad de su hijo.<\/p>\n\n\n\n<p>\u201cDecidi\u00f3 castigar cruelmente a todos los ancianos y practicantes (de vud\u00fa) que, en su imaginaci\u00f3n, ser\u00edan capaces de lanzar un hechizo sobre su hijo\u201d, dijo el grupo en un comunicado publicado poco despu\u00e9s de que surgieran noticias de la masacre.<\/p>\n\n\n\n<p>En el informe del lunes, las Naciones Unidas dijeron que las personas fueron halladas en sus hogares y en un lugar de culto por la pandilla de Alt\u00e8s, donde primero fueron interrogadas y luego llevadas a un sitio de ejecuci\u00f3n.<\/p>\n\n\n\n<p>El organismo mundial a\u00f1adi\u00f3 que la pandilla intent\u00f3 borrar evidencia de los asesinatos quemando cuerpos, o desmembr\u00e1ndolos y arroj\u00e1ndolos al mar.<\/p>\n\n\n\n<p>La masacre es la \u00faltima tragedia humanitaria en Hait\u00ed, donde la violencia de las pandillas se ha intensificado desde que el presidente de la naci\u00f3n fue asesinado en un intento de golpe de Estado en 2021.<\/p>\n\n\n\n<p>Hait\u00ed ha luchado por organizar una elecci\u00f3n que llene el vac\u00edo de poder y restaure el gobierno democr\u00e1tico.<\/p>\n\n\n\n<p>La naci\u00f3n caribe\u00f1a est\u00e1 actualmente gobernada por un consejo de transici\u00f3n que incluye representantes de la comunidad empresarial, la sociedad civil y los partidos pol\u00edticos, pero su gobierno no tiene control sobre muchas \u00e1reas de la capital, y las pandillas est\u00e1n constantemente luchando por puertos, carreteras y barrios.<\/p>\n\n\n\n<p>Seg\u00fan las Naciones Unidas, m\u00e1s de 5.350 personas han sido asesinadas en guerras de pandillas en Hait\u00ed este a\u00f1o.<\/p>\n\n\n\n<p>El gobierno haitiano reconoci\u00f3 la masacre contra las personas mayores en un comunicado emitido a principios de este mes, y prometi\u00f3 perseguir a los responsables de esta \u201ccarnicer\u00eda indescriptible\u201d.<\/p>\n","protected":false},"excerpt":{"rendered":"<p>Los residentes pasan junto a veh\u00edculos incendiados por bandas armadas en el barrio de Poste Marchand de Puerto Pr\u00edncipe, Hait\u00ed, el martes 10 de diciembre de 2024. diciembre 23, 2024 &nbsp;Vea comentarios A 207 aumentaron las v\u00edctimas de una masacre en Hait\u00ed por parte de pandillas a inicios de diciembre. La ONU dijo que las [&hellip;]<\/p>\n","protected":false},"author":28,"featured_media":0,"comment_status":"closed","ping_status":"closed","sticky":true,"template":"","format":"standard","meta":{"footnotes":""},"categories":[112,23],"tags":[],"class_list":["post-585147","post","type-post","status-publish","format-standard","hentry","category-haiti","category-internacional"],"_links":{"self":[{"href":"https:\/\/diariodominicano.com\/index.php?rest_route=\/wp\/v2\/posts\/585147","targetHints":{"allow":["GET"]}}],"collection":[{"href":"https:\/\/diariodominicano.com\/index.php?rest_route=\/wp\/v2\/posts"}],"about":[{"href":"https:\/\/diariodominicano.com\/index.php?rest_route=\/wp\/v2\/types\/post"}],"author":[{"embeddable":true,"href":"https:\/\/diariodominicano.com\/index.php?rest_route=\/wp\/v2\/users\/28"}],"replies":[{"embeddable":true,"href":"https:\/\/diariodominicano.com\/index.php?rest_route=%2Fwp%2Fv2%2Fcomments&post=585147"}],"version-history":[{"count":2,"href":"https:\/\/diariodominicano.com\/index.php?rest_route=\/wp\/v2\/posts\/585147\/revisions"}],"predecessor-version":[{"id":585150,"href":"https:\/\/diariodominicano.com\/index.php?rest_route=\/wp\/v2\/posts\/585147\/revisions\/585150"}],"wp:attachment":[{"href":"https:\/\/diariodominicano.com\/index.php?rest_route=%2Fwp%2Fv2%2Fmedia&parent=585147"}],"wp:term":[{"taxonomy":"category","embeddable":true,"href":"https:\/\/diariodominicano.com\/index.php?rest_route=%2Fwp%2Fv2%2Fcategories&post=585147"},{"taxonomy":"post_tag","embeddable":true,"href":"https:\/\/diariodominicano.com\/index.php?rest_route=%2Fwp%2Fv2%2Ftags&post=585147"}],"curies":[{"name":"wp","href":"https:\/\/api.w.org\/{rel}","templated":true}]}}