{"id":585143,"date":"2024-12-23T22:32:44","date_gmt":"2024-12-24T02:32:44","guid":{"rendered":"https:\/\/diariodominicano.com\/?p=585143"},"modified":"2024-12-23T23:23:35","modified_gmt":"2024-12-24T03:23:35","slug":"colombia-y-mexico-enviaran-representantes-a-inauguracion-presidencial-en-venezuela","status":"publish","type":"post","link":"https:\/\/diariodominicano.com\/?p=585143","title":{"rendered":"Colombia y M\u00e9xico enviar\u00e1n representantes a inauguraci\u00f3n presidencial en Venezuela"},"content":{"rendered":"\n<p>El presidente Nicol\u00e1s Maduro lanza un pa\u00f1uelo a sus partidarios durante un acto por el 165 aniversario de la Batalla de Santa In\u00e9s, en Caracas, Venezuela, el martes 10 de diciembre de 2024. (Foto AP\/Ariana Cubillos)<\/p>\n\n\n\n<p>diciembre 23, 2024<\/p>\n\n\n\n<ul class=\"wp-block-list\">\n<li><a href=\"https:\/\/www.vozdeamerica.com\/author\/associated-press\/v_kyr\">Associated Press<\/a><\/li>\n<\/ul>\n\n\n\n<ul class=\"wp-block-list\">\n<li><a href=\"https:\/\/facebook.com\/sharer.php?u=https%3a%2f%2fwww.vozdeamerica.com%2fa%2fcolombia-y-mexico-enviaran-representantes-al-acto-de-posesion-presidencial-en-venezuela%2f7911684.html\" target=\"_blank\" rel=\"noreferrer noopener\"><\/a><\/li>\n\n\n\n<li><a href=\"https:\/\/twitter.com\/share?url=https%3a%2f%2fwww.vozdeamerica.com%2fa%2fcolombia-y-mexico-enviaran-representantes-al-acto-de-posesion-presidencial-en-venezuela%2f7911684.html&amp;text=Colombia+y+M%c3%a9xico+enviar%c3%a1n+representantes+a+inauguraci%c3%b3n+presidencial+en+Venezuela\" target=\"_blank\" rel=\"noreferrer noopener\"><\/a><\/li>\n\n\n\n<li><\/li>\n\n\n\n<li><a href=\"mailto:?body=https%3a%2f%2fwww.vozdeamerica.com%2fa%2fcolombia-y-mexico-enviaran-representantes-al-acto-de-posesion-presidencial-en-venezuela%2f7911684.html&amp;subject=Colombia%20y%20M%C3%A9xico%20enviar%C3%A1n%20representantes%20a%20inauguraci%C3%B3n%20presidencial%20en%20Venezuela\"><\/a><\/li>\n<\/ul>\n\n\n\n<p><a href=\"https:\/\/www.vozdeamerica.com\/a\/colombia-y-mexico-enviaran-representantes-al-acto-de-posesion-presidencial-en-venezuela\/7911684.html#comments\">&nbsp;Vea comentarios<\/a><\/p>\n\n\n\n<p>Los gobiernos de Colombia y M\u00e9xico enviar\u00e1n representantes al acto inauguraci\u00f3n presidencial el 10 de enero en Venezuela, en medio de la creciente tensi\u00f3n ante las denuncias de fraude, y el anuncio del excandidato presidencial, Edmundo Gonz\u00e1lez Urrutia, de volver para asumir el cargo.<\/p>\n\n\n\n<p>Los gobiernos de Colombia y M\u00e9xico anunciaron el lunes que enviar\u00e1n representantes oficiales al acto de posesi\u00f3n presidencial el&nbsp;<a href=\"https:\/\/www.vozdeamerica.com\/a\/aumenta-la-incertidumbre-en-venezuela-a-un-mes-de-la-toma-de-posesion-presidencial-\/7893206.html\" target=\"_blank\" rel=\"noreferrer noopener\"><strong><em>10 de enero<\/em><\/strong>&nbsp;<\/a>en Venezuela, d\u00eda en el que inicia un nuevo per\u00edodo presidencial tras las cuestionadas elecciones de julio, en las que reclamaron la victoria tanto Nicol\u00e1s Maduro como el opositor Edmundo Gonz\u00e1lez.<\/p>\n\n\n\n<p>El vicecanciller colombiano, Jorge Rojas, asegur\u00f3 que tienen previsto que pueda asistir el embajador de Colombia en Caracas, Milton Rengifo, sin detallar si a \u00e9l se unir\u00e1 el presidente colombiano, Gustavo Petro, un aliado cercano de Maduro.<\/p>\n\n\n\n<p>\u201cEl gobierno de Colombia, como muchos pa\u00edses de la regi\u00f3n, va a enviar alg\u00fan representante al acto de posesi\u00f3n del presidente Maduro. En el caso nuestro, inicialmente, est\u00e1 previsto que asista el se\u00f1or embajador\u201d, se\u00f1al\u00f3 Rojas a Noticias Caracol.<\/p>\n\n\n\n<p>Petro rechaz\u00f3 una reciente proposici\u00f3n del Congreso colombiano que le pidi\u00f3 que se abstenga de asistir el 10 de enero a Venezuela en caso de que sea la inauguraci\u00f3n de Maduro como presidente, porque consider\u00f3 que se estaba \u201cinvadiendo\u201d la \u201cesfera constitucional\u201d que le ata\u00f1e como mandatario.<\/p>\n\n\n\n<p>Desde M\u00e9xico, la presidenta Claudia Sheinbaum dijo a la prensa que habr\u00e1 una representaci\u00f3n de su gobierno luego de ser cuestionada por una periodista sobre si ella ir\u00eda al acto de posesi\u00f3n de Maduro, previsto por el gobierno.<\/p>\n\n\n\n<p><a href=\"https:\/\/www.vozdeamerica.com\/a\/profundizacion-patrones-represivos-restriccion-del-espacio-civico-marcaron-el-2024-en-venezuela\/7911129.html\"><\/a><\/p>\n\n\n\n<p><a href=\"https:\/\/www.vozdeamerica.com\/a\/profundizacion-patrones-represivos-restriccion-del-espacio-civico-marcaron-el-2024-en-venezuela\/7911129.html\">Tambi\u00e9n lea<\/a><\/p>\n\n\n\n<h4 class=\"wp-block-heading\"><a href=\"https:\/\/www.vozdeamerica.com\/a\/profundizacion-patrones-represivos-restriccion-del-espacio-civico-marcaron-el-2024-en-venezuela\/7911129.html\">\u201cProfundizaci\u00f3n de patrones represivos\u201d y \u201crestricci\u00f3n\u201d del espacio c\u00edvico marcaron el 2024 en Venezuela<\/a><\/h4>\n\n\n\n<p>\u201cVa a ir una representaci\u00f3n o el propio embajador que est\u00e1 en Venezuela\u201d, respondi\u00f3 Sheinbaum durante su conferencia matutina.<\/p>\n\n\n\n<p>Ni Petro ni Sheinbaum \u2014quien asumi\u00f3 el poder en octubre\u2014 han reconocido p\u00fablicamente a Maduro como presidente electo, ni tampoco a Gonz\u00e1lez, pese a los pedidos de la oposici\u00f3n encabezada por Mar\u00eda Corina Machado.<\/p>\n\n\n\n<p>Maduro fue declarado ganador de las elecciones de 28 de julio por el Consejo Nacional Electoral, lo cual fue ratificado por el Tribunal Supremo de Justicia \u2014donde predominan juristas vistos como aliados del gobierno\u2014 luego de un peritaje formal a los resultados de los comicios solicitado por Maduro.<\/p>\n\n\n\n<p><a href=\"https:\/\/www.vozdeamerica.com\/a\/hacinados-malnutridos-golpeados-pesimas-condiciones-carceles-presos-politicos-venezuela\/7911127.html\"><\/a><\/p>\n\n\n\n<p><a href=\"https:\/\/www.vozdeamerica.com\/a\/hacinados-malnutridos-golpeados-pesimas-condiciones-carceles-presos-politicos-venezuela\/7911127.html\">Tambi\u00e9n lea<\/a><\/p>\n\n\n\n<h4 class=\"wp-block-heading\"><a href=\"https:\/\/www.vozdeamerica.com\/a\/hacinados-malnutridos-golpeados-pesimas-condiciones-carceles-presos-politicos-venezuela\/7911127.html\">Hacinados, malnutridos, golpeados: las \u201cp\u00e9simas\u201d condiciones de los presos pol\u00edticos en Venezuela<\/a><\/h4>\n\n\n\n<p>La oposici\u00f3n ha dicho que tiene en su poder el 84% de las actas de votaci\u00f3n que, aseguran, muestran que Gonz\u00e1lez obtuvo significativamente m\u00e1s votos que Maduro. Mientras que el oficialismo se ha negado a mostrar las actas de votaci\u00f3n de los comicios, pese a los cuestionamientos de organismos internacionales y pa\u00edses de la regi\u00f3n.<\/p>\n\n\n\n<p>Gonz\u00e1lez, exiliado en Espa\u00f1a, ha dicho que tiene la intenci\u00f3n de regresar a Venezuela para tomar posesi\u00f3n como presidente el pr\u00f3ximo 10 de enero, sin detallar c\u00f3mo ingresar\u00e1 al pa\u00eds, donde tiene una orden de detenci\u00f3n en su contra.<\/p>\n\n\n\n<p>Tras las elecciones, Colombia, Brasil y M\u00e9xico intentaron mediar entre las partes con miras a destrabar la situaci\u00f3n, exigiendo que se mostraran las actas de votaci\u00f3n p\u00fablicamente, sin tener \u00e9xito.<\/p>\n\n\n\n<p>En octubre, el canciller colombiano, Luis Gilberto Murillo, dijo que las actas deb\u00edan presentarse antes del 10 de enero, porque de lo contrario Colombia no otorgar\u00eda el reconocimiento a los resultados.<\/p>\n","protected":false},"excerpt":{"rendered":"<p>El presidente Nicol\u00e1s Maduro lanza un pa\u00f1uelo a sus partidarios durante un acto por el 165 aniversario de la Batalla de Santa In\u00e9s, en Caracas, Venezuela, el martes 10 de diciembre de 2024. (Foto AP\/Ariana Cubillos) diciembre 23, 2024 &nbsp;Vea comentarios Los gobiernos de Colombia y M\u00e9xico enviar\u00e1n representantes al acto inauguraci\u00f3n presidencial el 10 [&hellip;]<\/p>\n","protected":false},"author":28,"featured_media":585144,"comment_status":"closed","ping_status":"closed","sticky":true,"template":"","format":"standard","meta":{"footnotes":""},"categories":[36,23,27],"tags":[],"class_list":["post-585143","post","type-post","status-publish","format-standard","has-post-thumbnail","hentry","category-hombresmujeresycosas","category-internacional","category-portada"],"_links":{"self":[{"href":"https:\/\/diariodominicano.com\/index.php?rest_route=\/wp\/v2\/posts\/585143","targetHints":{"allow":["GET"]}}],"collection":[{"href":"https:\/\/diariodominicano.com\/index.php?rest_route=\/wp\/v2\/posts"}],"about":[{"href":"https:\/\/diariodominicano.com\/index.php?rest_route=\/wp\/v2\/types\/post"}],"author":[{"embeddable":true,"href":"https:\/\/diariodominicano.com\/index.php?rest_route=\/wp\/v2\/users\/28"}],"replies":[{"embeddable":true,"href":"https:\/\/diariodominicano.com\/index.php?rest_route=%2Fwp%2Fv2%2Fcomments&post=585143"}],"version-history":[{"count":2,"href":"https:\/\/diariodominicano.com\/index.php?rest_route=\/wp\/v2\/posts\/585143\/revisions"}],"predecessor-version":[{"id":585146,"href":"https:\/\/diariodominicano.com\/index.php?rest_route=\/wp\/v2\/posts\/585143\/revisions\/585146"}],"wp:featuredmedia":[{"embeddable":true,"href":"https:\/\/diariodominicano.com\/index.php?rest_route=\/wp\/v2\/media\/585144"}],"wp:attachment":[{"href":"https:\/\/diariodominicano.com\/index.php?rest_route=%2Fwp%2Fv2%2Fmedia&parent=585143"}],"wp:term":[{"taxonomy":"category","embeddable":true,"href":"https:\/\/diariodominicano.com\/index.php?rest_route=%2Fwp%2Fv2%2Fcategories&post=585143"},{"taxonomy":"post_tag","embeddable":true,"href":"https:\/\/diariodominicano.com\/index.php?rest_route=%2Fwp%2Fv2%2Ftags&post=585143"}],"curies":[{"name":"wp","href":"https:\/\/api.w.org\/{rel}","templated":true}]}}