{"id":585137,"date":"2024-12-23T22:26:24","date_gmt":"2024-12-24T02:26:24","guid":{"rendered":"https:\/\/diariodominicano.com\/?p=585137"},"modified":"2024-12-23T22:28:05","modified_gmt":"2024-12-24T02:28:05","slug":"declaraciones-de-trump-sobre-el-canal-de-panama-generan-indignacion-entre-los-panamenos","status":"publish","type":"post","link":"https:\/\/diariodominicano.com\/?p=585137","title":{"rendered":"Declaraciones de Trump sobre el Canal de Panam\u00e1 generan indignaci\u00f3n entre los paname\u00f1os"},"content":{"rendered":"\n<p>ARCHIVO &#8211; Imagen de las esclusas de Cocol\u00ed en la ampliaci\u00f3n del Canal de Panam\u00e1. Foto captada el 17 de septiembre de 2024.<\/p>\n\n\n\n<p>diciembre 23, 2024<\/p>\n\n\n\n<ul class=\"wp-block-list\">\n<li><a href=\"https:\/\/www.vozdeamerica.com\/author\/milagro-vallecillos\/jjmvp\">Milagro Vallecillos<\/a><\/li>\n<\/ul>\n\n\n\n<ul class=\"wp-block-list\">\n<li><a href=\"https:\/\/facebook.com\/sharer.php?u=https%3a%2f%2fwww.vozdeamerica.com%2fa%2fdeclaraciones-trump-sobre-canal-panama-generan-indignacion-entre-panamenos-%2f7911599.html\" target=\"_blank\" rel=\"noreferrer noopener\"><\/a><\/li>\n\n\n\n<li><a href=\"https:\/\/twitter.com\/share?url=https%3a%2f%2fwww.vozdeamerica.com%2fa%2fdeclaraciones-trump-sobre-canal-panama-generan-indignacion-entre-panamenos-%2f7911599.html&amp;text=Declaraciones+de+Trump+sobre+el+Canal+de+Panam%c3%a1+generan+indignaci%c3%b3n+entre+los+paname%c3%b1os\" target=\"_blank\" rel=\"noreferrer noopener\"><\/a><\/li>\n\n\n\n<li><\/li>\n\n\n\n<li><a href=\"mailto:?body=https%3a%2f%2fwww.vozdeamerica.com%2fa%2fdeclaraciones-trump-sobre-canal-panama-generan-indignacion-entre-panamenos-%2f7911599.html&amp;subject=Declaraciones%20de%20Trump%20sobre%20el%20Canal%20de%20Panam%C3%A1%20generan%20indignaci%C3%B3n%20entre%20los%20paname%C3%B1os\"><\/a><\/li>\n<\/ul>\n\n\n\n<p><a href=\"https:\/\/www.vozdeamerica.com\/a\/declaraciones-trump-sobre-canal-panama-generan-indignacion-entre-panamenos-\/7911599.html#comments\">&nbsp;Vea comentarios<\/a><\/p>\n\n\n\n<p>L\u00edderes pol\u00edticos y acad\u00e9micos paname\u00f1os consideran como un atentado contra la dignidad del pa\u00eds centroamericano las declaraciones del presidente electo de EEUU, Donald Trump, sobre el control del Canal de Panam\u00e1.<\/p>\n\n\n\n<p>CIUDAD DE PANAM\u00c1 \u2014&nbsp;<\/p>\n\n\n\n<p>Las recientes declaraciones del presidente electo de Estados Unidos, Donald Trump, sobre&nbsp;<strong><em><a href=\"https:\/\/www.vozdeamerica.com\/a\/trump-amenaza-con-intentar-recuperar-el-canal-de-panama-el-presidente-panamenio-lo-rechaza\/7910943.html\" target=\"_blank\" rel=\"noreferrer noopener\">la posibilidad de recuperar el control del Canal de Panam\u00e1&nbsp;<\/a><\/em><\/strong>han provocado una fuerte indignaci\u00f3n entre los paname\u00f1os, quienes defienden con firmeza su soberan\u00eda y orgullo nacional.<\/p>\n\n\n\n<p>El presidente de Panam\u00e1, Jos\u00e9 Ra\u00fal Mulino, respondi\u00f3 de manera contundente, afirmando: \u201cCada metro cuadrado del Canal y su zona adyacente pertenece a Panam\u00e1 y seguir\u00e1 siendo nuestro\u201d.<\/p>\n\n\n\n<p>Esta posici\u00f3n ha sido respaldada por l\u00edderes pol\u00edticos y acad\u00e9micos, quienes consideran las palabras de Trump un atentado contra la dignidad y soberan\u00eda de Panam\u00e1.<\/p>\n\n\n\n<p>\u201cEl Canal de Panam\u00e1 es un s\u00edmbolo inalienable de nuestra soberan\u00eda y unidad nacional\u201d, se\u00f1al\u00f3 a la<strong><em>&nbsp;Voz de Am\u00e9rica<\/em><\/strong>&nbsp;el analista Jos\u00e9 Stoute, quien, adem\u00e1s, calific\u00f3 las declaraciones de Trump como una grave amenaza.<\/p>\n\n\n\n<p><video poster=\"https:\/\/gdb.voanews.com\/f8783577-5330-41b6-ac3b-1154c6bcbe0d_tv_w650_r1.jpg\" src=\"https:\/\/voa-video-ns.akamaized.net\/pangeavideo\/2024\/12\/f\/f8\/f8783577-5330-41b6-ac3b-1154c6bcbe0d_480p.mp4\" height=\"381\" width=\"676\"><\/video><\/p>\n\n\n\n<h5 class=\"wp-block-heading\"><a href=\"https:\/\/www.vozdeamerica.com\/a\/declaraciones-trump-sobre-canal-panama-generan-indignacion-entre-panamenos-\/7911748.html\" target=\"_blank\" rel=\"noreferrer noopener\">Jos\u00e9 Stoute, analista pol\u00edtico califica las declaraciones de Trump como una grave amenaza<\/a><\/h5>\n\n\n\n<p>\u00a0<\/p>\n\n\n\n<ul class=\"wp-block-list\">\n<li><a href=\"https:\/\/facebook.com\/sharer.php?u=https%3a%2f%2fwww.vozdeamerica.com%2fa%2f7911748.html\" target=\"_blank\" rel=\"noreferrer noopener\">Comparta en Facebook<\/a><\/li>\n\n\n\n<li><a href=\"https:\/\/twitter.com\/share?url=https%3a%2f%2fwww.vozdeamerica.com%2fa%2f7911748.html&amp;text=Jos%c3%a9+Stoute%2c+analista+pol%c3%adtico+califica+las+declaraciones+de+Trump+como+una+grave+amenaza\" target=\"_blank\" rel=\"noreferrer noopener\">Comparta en Twitter<\/a><\/li>\n<\/ul>\n\n\n\n<hr class=\"wp-block-separator has-alpha-channel-opacity\"\/>\n\n\n\n<p><a href=\"https:\/\/www.vozdeamerica.com\/embed\/player\/Article\/7911748.html?type=video&amp;FullScreenMode=True\" target=\"_blank\" rel=\"noreferrer noopener\"><\/a><\/p>\n\n\n\n<p>&nbsp;Descargar&nbsp;<\/p>\n\n\n\n<p>El rector de la Universidad de Panam\u00e1, Eduardo Flores, consider\u00f3 en sus redes sociales que las declaraciones de Trump son \u201cdesafortunadas, antihist\u00f3ricas e irrespetuosas\u201d.<\/p>\n\n\n\n<p>En las calles, los paname\u00f1os han reaccionado con repudio, recordando que el Canal, administrado exitosamente por Panam\u00e1 desde su transferencia en 1999 tras los tratados Torrijos-Carter, no est\u00e1 en negociaci\u00f3n.<\/p>\n\n\n\n<p>\u201cNada m\u00e1s dijo eso Trump, y me llen\u00e9 de furia. Despu\u00e9s de todo lo que hemos pasado como paname\u00f1os para recuperar nuestro Canal y \u00e9l quiere que se lo devolvamos\u201d, dijo a la&nbsp;<strong><em>VOA<\/em><\/strong>&nbsp;visiblemente molesto Jos\u00e9 Madrid, un joven de 25 a\u00f1os de edad, residente del distrito de San Miguelito, una de las zonas m\u00e1s populosas de la provincia de Panam\u00e1.<\/p>\n\n\n\n<p>El domingo, el presidente Mulino reiter\u00f3 que \u201cel Canal y su zona adyacente son patrimonio inalienable de Panam\u00e1\u201d. Agreg\u00f3 que ni Estados Unidos, ni China, ni ninguna otra potencia tiene control directo o indirecto sobre esta v\u00eda interoce\u00e1nica.<\/p>\n\n\n\n<p>\u201cEl Canal seguir\u00e1 en manos paname\u00f1as, garantizando su uso para el tr\u00e1nsito pac\u00edfico e ininterrumpido de embarcaciones de todas las naciones, como lo establece nuestra Constituci\u00f3n y el Tratado de Neutralidad\u201d, puntualiz\u00f3 Mulino.<\/p>\n\n\n\n<p><a href=\"https:\/\/www.vozdeamerica.com\/a\/historia-canal-panama-eeuu-trump-recuperarlo-acuerdos\/7911283.html\"><\/a><\/p>\n\n\n\n<p><a href=\"https:\/\/www.vozdeamerica.com\/a\/historia-canal-panama-eeuu-trump-recuperarlo-acuerdos\/7911283.html\">Tambi\u00e9n lea<\/a><\/p>\n\n\n\n<h4 class=\"wp-block-heading\"><a href=\"https:\/\/www.vozdeamerica.com\/a\/historia-canal-panama-eeuu-trump-recuperarlo-acuerdos\/7911283.html\">La historia del Canal de Panam\u00e1 y EEUU: \u00bfpor qu\u00e9 Trump habla de \u201crecuperarlo\u00bb?<\/a><\/h4>\n\n\n\n<p>Trump critic\u00f3 las tarifas impuestas por Panam\u00e1 para el uso del Canal, calific\u00e1ndolas de \u201crid\u00edculas\u201d y acusando al pa\u00eds de \u201cestafar\u201d a Estados Unidos.<\/p>\n\n\n\n<p>\u201cLas tarifas se establecen considerando las condiciones del mercado, la competencia internacional, los costos operativos y las necesidades de mantenimiento y modernizaci\u00f3n\u201d, respondi\u00f3 Mulino, defendiendo el proceso transparente y profesional con el que se gestionan.<\/p>\n\n\n\n<p>En tanto, el expresidente Ricardo Martinelli, condenado a 10 a\u00f1os por blanqueo de capital y asilado en la embajada de Nicaragua, expres\u00f3 desde sus redes sociales su apoyo a Mulino. Destac\u00f3 que el Canal es un emblema de soberan\u00eda y un compromiso de Panam\u00e1 con la paz y la igualdad entre las naciones.<\/p>\n\n\n\n<p><video poster=\"https:\/\/gdb.voanews.com\/cf869496-a902-4ca9-bde4-c52d67ad563e_tv_w650_r1.jpg\" src=\"https:\/\/voa-video-ns.akamaized.net\/pangeavideo\/2024\/12\/c\/cf\/cf869496-a902-4ca9-bde4-c52d67ad563e_720p.mp4\" height=\"381\" width=\"676\"><\/video><\/p>\n\n\n\n<h5 class=\"wp-block-heading\"><a href=\"https:\/\/www.vozdeamerica.com\/a\/declaraciones-trump-sobre-canal-panama-generan-indignacion-entre-panamenos-\/7912043.html\" target=\"_blank\" rel=\"noreferrer noopener\">\u00bfQu\u00e9 opinan los paname\u00f1os sobre las afirmaciones de Trump y el Canal de Panam\u00e1?<\/a><\/h5>\n\n\n\n<p>\u00a0<\/p>\n\n\n\n<ul class=\"wp-block-list\">\n<li><a href=\"https:\/\/facebook.com\/sharer.php?u=https%3a%2f%2fwww.vozdeamerica.com%2fa%2f7912043.html\" target=\"_blank\" rel=\"noreferrer noopener\">Comparta en Facebook<\/a><\/li>\n\n\n\n<li><a href=\"https:\/\/twitter.com\/share?url=https%3a%2f%2fwww.vozdeamerica.com%2fa%2f7912043.html&amp;text=%c2%bfQu%c3%a9+opinan+los+paname%c3%b1os+sobre+las+afirmaciones+de+Trump+y+el+Canal+de+Panam%c3%a1%3f\" target=\"_blank\" rel=\"noreferrer noopener\">Comparta en Twitter<\/a><\/li>\n<\/ul>\n\n\n\n<hr class=\"wp-block-separator has-alpha-channel-opacity\"\/>\n\n\n\n<p><a href=\"https:\/\/www.vozdeamerica.com\/embed\/player\/Article\/7912043.html?type=video&amp;FullScreenMode=True\" target=\"_blank\" rel=\"noreferrer noopener\"><\/a><\/p>\n\n\n\n<p>&nbsp;Descargar&nbsp;<\/p>\n\n\n\n<h3 class=\"wp-block-heading\">Soberan\u00eda del Canal<\/h3>\n\n\n\n<p>Las declaraciones de Trump han reavivado los debates sobre la historia y el valor del Canal para la identidad nacional.<\/p>\n\n\n\n<p>El historiador Omar Ja\u00e9n Su\u00e1rez, quien particip\u00f3 en las negociaciones para la reversi\u00f3n del Canal, destac\u00f3 que los tratados suscritos con EEUU establecieron la disoluci\u00f3n de la Zona del Canal y reconocieron la plena soberan\u00eda paname\u00f1a sobre esta v\u00eda mar\u00edtima.<\/p>\n\n\n\n<p>\u00abHe le\u00eddo asombrado la alucinante declaraci\u00f3n del presidente Trump y realmente me sorprende que trate de esa manera uno de los aliados y amigos m\u00e1s estrechos de Estados Unidos. Ignoro su intenci\u00f3n, pero afirma falsedades hist\u00f3ricas y legales. Estados Unidos no tiene facultades para intervenir en Panam\u00e1 sin el consentimiento del gobierno paname\u00f1o\u00bb, se\u00f1al\u00f3 Ja\u00e9n Su\u00e1rez.<\/p>\n\n\n\n<p>En 2016, Panam\u00e1 concluy\u00f3 exitosamente la ampliaci\u00f3n del Canal, lo que ha impulsado el crecimiento econ\u00f3mico global y fortalecido su papel como una de las principales rutas del comercio mar\u00edtimo mundial.<\/p>\n\n\n\n<p>Hoy, el Canal representa el 3,1 % del Producto Interno Bruto de Panam\u00e1 y es un pilar fundamental para el desarrollo econ\u00f3mico del pa\u00eds.<\/p>\n","protected":false},"excerpt":{"rendered":"<p>ARCHIVO &#8211; Imagen de las esclusas de Cocol\u00ed en la ampliaci\u00f3n del Canal de Panam\u00e1. Foto captada el 17 de septiembre de 2024. diciembre 23, 2024 &nbsp;Vea comentarios L\u00edderes pol\u00edticos y acad\u00e9micos paname\u00f1os consideran como un atentado contra la dignidad del pa\u00eds centroamericano las declaraciones del presidente electo de EEUU, Donald Trump, sobre el control [&hellip;]<\/p>\n","protected":false},"author":28,"featured_media":585139,"comment_status":"closed","ping_status":"closed","sticky":true,"template":"","format":"standard","meta":{"footnotes":""},"categories":[36,23],"tags":[],"class_list":["post-585137","post","type-post","status-publish","format-standard","has-post-thumbnail","hentry","category-hombresmujeresycosas","category-internacional"],"_links":{"self":[{"href":"https:\/\/diariodominicano.com\/index.php?rest_route=\/wp\/v2\/posts\/585137","targetHints":{"allow":["GET"]}}],"collection":[{"href":"https:\/\/diariodominicano.com\/index.php?rest_route=\/wp\/v2\/posts"}],"about":[{"href":"https:\/\/diariodominicano.com\/index.php?rest_route=\/wp\/v2\/types\/post"}],"author":[{"embeddable":true,"href":"https:\/\/diariodominicano.com\/index.php?rest_route=\/wp\/v2\/users\/28"}],"replies":[{"embeddable":true,"href":"https:\/\/diariodominicano.com\/index.php?rest_route=%2Fwp%2Fv2%2Fcomments&post=585137"}],"version-history":[{"count":2,"href":"https:\/\/diariodominicano.com\/index.php?rest_route=\/wp\/v2\/posts\/585137\/revisions"}],"predecessor-version":[{"id":585142,"href":"https:\/\/diariodominicano.com\/index.php?rest_route=\/wp\/v2\/posts\/585137\/revisions\/585142"}],"wp:featuredmedia":[{"embeddable":true,"href":"https:\/\/diariodominicano.com\/index.php?rest_route=\/wp\/v2\/media\/585139"}],"wp:attachment":[{"href":"https:\/\/diariodominicano.com\/index.php?rest_route=%2Fwp%2Fv2%2Fmedia&parent=585137"}],"wp:term":[{"taxonomy":"category","embeddable":true,"href":"https:\/\/diariodominicano.com\/index.php?rest_route=%2Fwp%2Fv2%2Fcategories&post=585137"},{"taxonomy":"post_tag","embeddable":true,"href":"https:\/\/diariodominicano.com\/index.php?rest_route=%2Fwp%2Fv2%2Ftags&post=585137"}],"curies":[{"name":"wp","href":"https:\/\/api.w.org\/{rel}","templated":true}]}}