{"id":585127,"date":"2024-12-23T21:17:26","date_gmt":"2024-12-24T01:17:26","guid":{"rendered":"https:\/\/diariodominicano.com\/?p=585127"},"modified":"2024-12-23T21:17:34","modified_gmt":"2024-12-24T01:17:34","slug":"el-kremlin-dice-que-el-suministro-de-gas-a-europa-es-dificil-ante-la-proximidad-de-final-de-acuerdo-de-transito-con-ucrania","status":"publish","type":"post","link":"https:\/\/diariodominicano.com\/?p=585127","title":{"rendered":"El Kremlin dice que el suministro de gas a Europa es \u00abdif\u00edcil\u00bb ante la proximidad de final de acuerdo de tr\u00e1nsito con Ucrania"},"content":{"rendered":"\n<p>diariodominicano.com<\/p>\n\n\n\n<p>MOSC\u00da, 23 dic (Xinhua) &#8212; El tr\u00e1nsito de gas ruso a los pa\u00edses europeos es actualmente \u00abmuy dif\u00edcil\u00bb y requiere atenci\u00f3n, dijo hoy lunes el portavoz del Kremlin, Dmitry Peskov. Peskov hizo estas declaraciones despu\u00e9s de una reuni\u00f3n en Mosc\u00fa el domingo entre el primer ministro eslovaco, Robert Fico, y el presidente ruso, Vladimir Putin, en la que las partes discutieron el tr\u00e1nsito de gas ruso, ya que Ucrania se neg\u00f3 a renovar un acuerdo. de tr\u00e1nsito de gas con Rusia. \u00abHan escuchado la declaraci\u00f3n de la parte ucraniana y conocen la posici\u00f3n de esos pa\u00edses europeos que siguen comprando gas ruso y que lo consideran necesario para el funcionamiento normal de sus econom\u00edas\u00bb, dijo Peskov, se\u00f1alando que se trata de una situaci\u00f3n muy complicada que requiere atenci\u00f3n. El presidente ucraniano, Volodymyr Zelensky, dijo el jueves en una Cumbre de la Uni\u00f3n Europea que no extender\u00e1 el acuerdo quinquenal de transporte de gas entre Ucrania y Rusia, que expira a finales de 2024. La medida ha suscitado preocupaci\u00f3n en Eslovaquia, que tiene un contrato a largo plazo con el gigante energ\u00e9tico ruso Gazprom. Aunque Putin confirm\u00f3 la disposici\u00f3n de Rusia de seguir suministrando gas a Occidente ya Eslovaquia, Fico dijo que esto es \u00abpr\u00e1cticamente imposible\u00bb una vez que expire el acuerdo de tr\u00e1nsito de gas a finales de a\u00f1o.<\/p>\n","protected":false},"excerpt":{"rendered":"<p>diariodominicano.com MOSC\u00da, 23 dic (Xinhua) &#8212; El tr\u00e1nsito de gas ruso a los pa\u00edses europeos es actualmente \u00abmuy dif\u00edcil\u00bb y requiere atenci\u00f3n, dijo hoy lunes el portavoz del Kremlin, Dmitry Peskov. Peskov hizo estas declaraciones despu\u00e9s de una reuni\u00f3n en Mosc\u00fa el domingo entre el primer ministro eslovaco, Robert Fico, y el presidente ruso, Vladimir [&hellip;]<\/p>\n","protected":false},"author":5,"featured_media":522749,"comment_status":"closed","ping_status":"closed","sticky":true,"template":"","format":"standard","meta":{"footnotes":""},"categories":[23,27],"tags":[],"class_list":["post-585127","post","type-post","status-publish","format-standard","has-post-thumbnail","hentry","category-internacional","category-portada"],"_links":{"self":[{"href":"https:\/\/diariodominicano.com\/index.php?rest_route=\/wp\/v2\/posts\/585127","targetHints":{"allow":["GET"]}}],"collection":[{"href":"https:\/\/diariodominicano.com\/index.php?rest_route=\/wp\/v2\/posts"}],"about":[{"href":"https:\/\/diariodominicano.com\/index.php?rest_route=\/wp\/v2\/types\/post"}],"author":[{"embeddable":true,"href":"https:\/\/diariodominicano.com\/index.php?rest_route=\/wp\/v2\/users\/5"}],"replies":[{"embeddable":true,"href":"https:\/\/diariodominicano.com\/index.php?rest_route=%2Fwp%2Fv2%2Fcomments&post=585127"}],"version-history":[{"count":1,"href":"https:\/\/diariodominicano.com\/index.php?rest_route=\/wp\/v2\/posts\/585127\/revisions"}],"predecessor-version":[{"id":585128,"href":"https:\/\/diariodominicano.com\/index.php?rest_route=\/wp\/v2\/posts\/585127\/revisions\/585128"}],"wp:featuredmedia":[{"embeddable":true,"href":"https:\/\/diariodominicano.com\/index.php?rest_route=\/wp\/v2\/media\/522749"}],"wp:attachment":[{"href":"https:\/\/diariodominicano.com\/index.php?rest_route=%2Fwp%2Fv2%2Fmedia&parent=585127"}],"wp:term":[{"taxonomy":"category","embeddable":true,"href":"https:\/\/diariodominicano.com\/index.php?rest_route=%2Fwp%2Fv2%2Fcategories&post=585127"},{"taxonomy":"post_tag","embeddable":true,"href":"https:\/\/diariodominicano.com\/index.php?rest_route=%2Fwp%2Fv2%2Ftags&post=585127"}],"curies":[{"name":"wp","href":"https:\/\/api.w.org\/{rel}","templated":true}]}}