{"id":585122,"date":"2024-12-23T21:01:08","date_gmt":"2024-12-24T01:01:08","guid":{"rendered":"https:\/\/diariodominicano.com\/?p=585122"},"modified":"2024-12-23T21:01:16","modified_gmt":"2024-12-24T01:01:16","slug":"sheinbaum-fustiga-amago-de-trump-de-querer-retomar-el-control-del-canal-de-panama","status":"publish","type":"post","link":"https:\/\/diariodominicano.com\/?p=585122","title":{"rendered":"Sheinbaum fustiga amago de Trump de querer retomar el control del Canal de Panam\u00e1"},"content":{"rendered":"\n<p>diariodominicano.com<\/p>\n\n\n\n<p>M\u00c9XICO, 23 dic (Xinhua) &#8212; La presidenta de M\u00e9xico, Claudia Sheinbaum, critic\u00f3 hoy lunes las declaraciones del presidente electo de Estados Unidos, Donald Trump, sobre retomar el control del Canal de Panam\u00e1 luego de considerar injustas las tarifas impuestas a barcos estadounidenses para pasar por esa v\u00eda interoce\u00e1nica. \u00abNuestra solidaridad con el presidente de Panam\u00e1 (Jos\u00e9 Ra\u00fal Mulino), que sali\u00f3 muy r\u00e1pidamente a decir que el Canal de Panam\u00e1 es de los paname\u00f1os y en efecto, el Canal de Panam\u00e1 es de los paname\u00f1os\u00bb, dijo la mandataria en su conferencia de prensa diaria desde el Palacio Nacional, en la Ciudad de M\u00e9xico. El domingo, durante un evento de la organizaci\u00f3n conservadora Turning Point USA en la ciudad estadounidense de Phoenix, Trump se\u00f1al\u00f3 que las tasas que cobra Panam\u00e1 \u00abson rid\u00edculas\u00bb por lo que advirti\u00f3 que si se garantiza una \u00aboperaci\u00f3n segura, eficiente y confiable\u00bb del canal, \u00abexigiremos que nos devuelvan el Canal de Panam\u00e1 en su totalidad\u00bb. Posteriormente, el republicano, que asumir\u00e1 el cargo el pr\u00f3ximo 20 de enero, comparti\u00f3 en sus redes sociales la imagen de una bandera de Estados Unidos sobre el canal, con la leyenda: \u00ab\u00a1Bienvenidos al Canal de Estados Unidos!\u00bb. De igual forma, Trump afirm\u00f3 que una vez que llegar\u00e1 a la Casa Blanca nombrar\u00e1 a los c\u00e1rteles mexicanos de la droga como organizaciones terroristas para combatirlos de esa manera. Ante esto, Sheinbaum aclar\u00f3 que el presidente estadounidense nunca se refiere a una intervenci\u00f3n a M\u00e9xico, por lo que se dijo confiada en que se llegar\u00e1 a un acuerdo entre ambas naciones, acerca tambi\u00e9n de temas como migraci\u00f3n, comercio, aranceles y en lo referente al Acuerdo comercial entre M\u00e9xico, Estados Unidos y Canad\u00e1 (T-MEC). \u00abYo creo que hay que trabajar para tener una buena relaci\u00f3n, pero no hay que engancharse, digamos, en los temas y sencillamente escuchar bien lo que est\u00e1 diciendo (&#8230;) Estoy convencido de que vamos a tener una buena relaci\u00f3n\u00bb, asent\u00f3 . Lament\u00f3 que grupos opositores de M\u00e9xico celebren un posible intervencionismo de Estados Unidos para supuestamente combatir al crimen organizado, pese a que un \u00ab99 por ciento (de los mexicanos) no est\u00e1 de acuerdo\u00bb, por lo que dijo se mantendr\u00e1 comunicaci\u00f3n con equipos de Trump. y buscar\u00e1n di\u00e1logos de alto nivel una vez que asuma oficialmente la carga. \u00abEs algo que est\u00e1 en el coraz\u00f3n de las y los mexicanos: la defensa de nuestra soberan\u00eda, de nuestra independencia. Somos un pa\u00eds libre, soberano, independiente\u00bb, indic\u00f3. Desde su victoria en los comicios presidenciales, Trump ha amenazado a pa\u00edses como Canad\u00e1 y M\u00e9xico con imponer aranceles del 25 por ciento en sus productos bajo el argumento de que una falta de colaboraci\u00f3n en el control migratorio.<\/p>\n","protected":false},"excerpt":{"rendered":"<p>diariodominicano.com M\u00c9XICO, 23 dic (Xinhua) &#8212; La presidenta de M\u00e9xico, Claudia Sheinbaum, critic\u00f3 hoy lunes las declaraciones del presidente electo de Estados Unidos, Donald Trump, sobre retomar el control del Canal de Panam\u00e1 luego de considerar injustas las tarifas impuestas a barcos estadounidenses para pasar por esa v\u00eda interoce\u00e1nica. \u00abNuestra solidaridad con el presidente de [&hellip;]<\/p>\n","protected":false},"author":5,"featured_media":580439,"comment_status":"closed","ping_status":"closed","sticky":true,"template":"","format":"standard","meta":{"footnotes":""},"categories":[23,27],"tags":[],"class_list":["post-585122","post","type-post","status-publish","format-standard","has-post-thumbnail","hentry","category-internacional","category-portada"],"_links":{"self":[{"href":"https:\/\/diariodominicano.com\/index.php?rest_route=\/wp\/v2\/posts\/585122","targetHints":{"allow":["GET"]}}],"collection":[{"href":"https:\/\/diariodominicano.com\/index.php?rest_route=\/wp\/v2\/posts"}],"about":[{"href":"https:\/\/diariodominicano.com\/index.php?rest_route=\/wp\/v2\/types\/post"}],"author":[{"embeddable":true,"href":"https:\/\/diariodominicano.com\/index.php?rest_route=\/wp\/v2\/users\/5"}],"replies":[{"embeddable":true,"href":"https:\/\/diariodominicano.com\/index.php?rest_route=%2Fwp%2Fv2%2Fcomments&post=585122"}],"version-history":[{"count":1,"href":"https:\/\/diariodominicano.com\/index.php?rest_route=\/wp\/v2\/posts\/585122\/revisions"}],"predecessor-version":[{"id":585123,"href":"https:\/\/diariodominicano.com\/index.php?rest_route=\/wp\/v2\/posts\/585122\/revisions\/585123"}],"wp:featuredmedia":[{"embeddable":true,"href":"https:\/\/diariodominicano.com\/index.php?rest_route=\/wp\/v2\/media\/580439"}],"wp:attachment":[{"href":"https:\/\/diariodominicano.com\/index.php?rest_route=%2Fwp%2Fv2%2Fmedia&parent=585122"}],"wp:term":[{"taxonomy":"category","embeddable":true,"href":"https:\/\/diariodominicano.com\/index.php?rest_route=%2Fwp%2Fv2%2Fcategories&post=585122"},{"taxonomy":"post_tag","embeddable":true,"href":"https:\/\/diariodominicano.com\/index.php?rest_route=%2Fwp%2Fv2%2Ftags&post=585122"}],"curies":[{"name":"wp","href":"https:\/\/api.w.org\/{rel}","templated":true}]}}