{"id":585116,"date":"2024-12-23T20:48:08","date_gmt":"2024-12-24T00:48:08","guid":{"rendered":"https:\/\/diariodominicano.com\/?p=585116"},"modified":"2024-12-23T22:12:34","modified_gmt":"2024-12-24T02:12:34","slug":"expresidente-de-eeuu-bill-clinton-hospitalizado-tras-presentar-fiebre","status":"publish","type":"post","link":"https:\/\/diariodominicano.com\/?p=585116","title":{"rendered":"Expresidente de EEUU Bill Clinton hospitalizado tras presentar fiebre"},"content":{"rendered":"\n<p>diariodominicano.com<\/p>\n\n\n\n<p>WASHINGTON, 23 dic (Xinhua) &#8212; El expresidente de Estados Unidos Bill Clinton fue hospitalizado hoy lunes en Washington, DC, tras presentar fiebre, inform\u00f3 su subjefe de gabinete \u00c1ngel Ure\u00f1a en la plataforma de redes sociales X. \u00abEl presidente Clinton ha sido Ingres\u00f3 esta tarde en el Centro M\u00e9dico de la Universidad de Georgetown para someterse a pruebas y permanecer en observaci\u00f3n tras presentar fiebre\u00bb, dijo Ure\u00f1a. \u00abSigue de buen \u00e1nimo y agradece profundamente la excelente que est\u00e1 recibiendo\u00bb, agreg\u00f3 Ure\u00f1a. Desde que dej\u00f3 el cargo, Clinton se ha enfrentado a m\u00faltiples problemas de salud a lo largo de los a\u00f1os. En 2004, se someti\u00f3 a una operaci\u00f3n de bypass cu\u00e1druple -un tipo de cirug\u00eda card\u00edaca- en el New York-Presbyterian Hospital. En 2010, volvi\u00f3 al mismo hospital para someterse a otra intervenci\u00f3n card\u00edaca. En 2021, fue hospitalizado en el Centro M\u00e9dico UCLA de California durante seis d\u00edas debido a una infecci\u00f3n urol\u00f3gica. Clinton, de 78 a\u00f1os, fue el 42\u00ba presidente de Estados Unidos entre 1993 y 2001. Su presidencia se caracteriz\u00f3 por la prosperidad econ\u00f3mica, con un fuerte crecimiento y un super\u00e1vit presupuestario. Sin embargo, su mandato tambi\u00e9n se vio ensombrecido por esc\u00e1ndalos personales, en particular el de Monica Lewinsky. Clinton est\u00e1 casado con Hillary Clinton, que fue primera dama durante su presidencia y m\u00e1s tarde senadora y secretaria de Estado. En 2016, se present\u00f3 como candidata dem\u00f3crata a la presidencia, pero fue derrotada por Donald Trump.<\/p>\n","protected":false},"excerpt":{"rendered":"<p>diariodominicano.com WASHINGTON, 23 dic (Xinhua) &#8212; El expresidente de Estados Unidos Bill Clinton fue hospitalizado hoy lunes en Washington, DC, tras presentar fiebre, inform\u00f3 su subjefe de gabinete \u00c1ngel Ure\u00f1a en la plataforma de redes sociales X. \u00abEl presidente Clinton ha sido Ingres\u00f3 esta tarde en el Centro M\u00e9dico de la Universidad de Georgetown para [&hellip;]<\/p>\n","protected":false},"author":5,"featured_media":585117,"comment_status":"closed","ping_status":"closed","sticky":true,"template":"","format":"standard","meta":{"footnotes":""},"categories":[23,27],"tags":[],"class_list":["post-585116","post","type-post","status-publish","format-standard","has-post-thumbnail","hentry","category-internacional","category-portada"],"_links":{"self":[{"href":"https:\/\/diariodominicano.com\/index.php?rest_route=\/wp\/v2\/posts\/585116","targetHints":{"allow":["GET"]}}],"collection":[{"href":"https:\/\/diariodominicano.com\/index.php?rest_route=\/wp\/v2\/posts"}],"about":[{"href":"https:\/\/diariodominicano.com\/index.php?rest_route=\/wp\/v2\/types\/post"}],"author":[{"embeddable":true,"href":"https:\/\/diariodominicano.com\/index.php?rest_route=\/wp\/v2\/users\/5"}],"replies":[{"embeddable":true,"href":"https:\/\/diariodominicano.com\/index.php?rest_route=%2Fwp%2Fv2%2Fcomments&post=585116"}],"version-history":[{"count":1,"href":"https:\/\/diariodominicano.com\/index.php?rest_route=\/wp\/v2\/posts\/585116\/revisions"}],"predecessor-version":[{"id":585118,"href":"https:\/\/diariodominicano.com\/index.php?rest_route=\/wp\/v2\/posts\/585116\/revisions\/585118"}],"wp:featuredmedia":[{"embeddable":true,"href":"https:\/\/diariodominicano.com\/index.php?rest_route=\/wp\/v2\/media\/585117"}],"wp:attachment":[{"href":"https:\/\/diariodominicano.com\/index.php?rest_route=%2Fwp%2Fv2%2Fmedia&parent=585116"}],"wp:term":[{"taxonomy":"category","embeddable":true,"href":"https:\/\/diariodominicano.com\/index.php?rest_route=%2Fwp%2Fv2%2Fcategories&post=585116"},{"taxonomy":"post_tag","embeddable":true,"href":"https:\/\/diariodominicano.com\/index.php?rest_route=%2Fwp%2Fv2%2Ftags&post=585116"}],"curies":[{"name":"wp","href":"https:\/\/api.w.org\/{rel}","templated":true}]}}