{"id":585089,"date":"2024-12-24T01:52:12","date_gmt":"2024-12-24T05:52:12","guid":{"rendered":"https:\/\/diariodominicano.com\/?p=585089"},"modified":"2024-12-24T14:15:03","modified_gmt":"2024-12-24T18:15:03","slug":"navidades-sin-incidentes-defensa-civil-inicia-operativo-con-miles-de-voluntarios","status":"publish","type":"post","link":"https:\/\/diariodominicano.com\/?p=585089","title":{"rendered":"\u00a1Navidades sin incidentes! Defensa Civil inicia operativo con miles de voluntarios"},"content":{"rendered":"\n<p>El organismo estatal forma parte de las instituciones que participan del operativo \u201cConciencia por la Vida\u201d Navidad y A\u00f1o Nuevo 2024-2025.<\/p>\n\n\n\n<p><strong><em>Lunes 23 de diciembre 2024<\/em><\/strong><\/p>\n\n\n\n<p><strong>Santo Domingo.-<\/strong>&nbsp;La Defensa Civil dominicana despleg\u00f3 este d\u00eda unos 8,178 miembros entre voluntarios y empleados, distribuidos en 385 puestos de socorro ubicados en puntos estrat\u00e9gicos de todas las provincias del pa\u00eds, con el objetivo de cuidar a los ciudadanos que desde ya se desplazan por las diferentes calles y avenidas del pa\u00eds, con motivo a las celebraciones por Navidad y A\u00f1o Nuevo.<\/p>\n\n\n\n<figure class=\"wp-block-gallery has-nested-images columns-default is-cropped wp-block-gallery-1 is-layout-flex wp-block-gallery-is-layout-flex\">\n<figure class=\"wp-block-image size-large\"><img loading=\"lazy\" decoding=\"async\" width=\"1024\" height=\"682\" data-id=\"585218\" src=\"https:\/\/diariodominicano.com\/wp-content\/uploads\/2024\/12\/Operativo-2024-1024x682.jpeg\" alt=\"\" class=\"wp-image-585218\" srcset=\"https:\/\/diariodominicano.com\/wp-content\/uploads\/2024\/12\/Operativo-2024-1024x682.jpeg 1024w, https:\/\/diariodominicano.com\/wp-content\/uploads\/2024\/12\/Operativo-2024-300x200.jpeg 300w, https:\/\/diariodominicano.com\/wp-content\/uploads\/2024\/12\/Operativo-2024-768x512.jpeg 768w, https:\/\/diariodominicano.com\/wp-content\/uploads\/2024\/12\/Operativo-2024-1536x1023.jpeg 1536w, https:\/\/diariodominicano.com\/wp-content\/uploads\/2024\/12\/Operativo-2024-816x544.jpeg 816w, https:\/\/diariodominicano.com\/wp-content\/uploads\/2024\/12\/Operativo-2024.jpeg 1600w\" sizes=\"auto, (max-width: 1024px) 100vw, 1024px\" \/><\/figure>\n<\/figure>\n\n\n\n<p>La informaci\u00f3n la ofreci\u00f3 el presidente de la Comisi\u00f3n Nacional de Emergencias (CNE) y director ejecutivo del organismo de socorro, Juan Salas, quien indic\u00f3 que este personal est\u00e1 compuesto por voluntarios y voluntarias, m\u00e9dicos, param\u00e9dicos, brigadistas, especialistas en b\u00fasqueda y rescate, y t\u00e9cnicos en extricaci\u00f3n vehicular.<\/p>\n\n\n\n<figure class=\"wp-block-gallery has-nested-images columns-default is-cropped wp-block-gallery-2 is-layout-flex wp-block-gallery-is-layout-flex\">\n<figure class=\"wp-block-image size-large\"><img loading=\"lazy\" decoding=\"async\" width=\"1024\" height=\"682\" data-id=\"585217\" src=\"https:\/\/diariodominicano.com\/wp-content\/uploads\/2024\/12\/Operativo-Navideno-2024-1024x682.jpeg\" alt=\"\" class=\"wp-image-585217\" srcset=\"https:\/\/diariodominicano.com\/wp-content\/uploads\/2024\/12\/Operativo-Navideno-2024-1024x682.jpeg 1024w, https:\/\/diariodominicano.com\/wp-content\/uploads\/2024\/12\/Operativo-Navideno-2024-300x200.jpeg 300w, https:\/\/diariodominicano.com\/wp-content\/uploads\/2024\/12\/Operativo-Navideno-2024-768x512.jpeg 768w, https:\/\/diariodominicano.com\/wp-content\/uploads\/2024\/12\/Operativo-Navideno-2024-1536x1023.jpeg 1536w, https:\/\/diariodominicano.com\/wp-content\/uploads\/2024\/12\/Operativo-Navideno-2024-816x544.jpeg 816w, https:\/\/diariodominicano.com\/wp-content\/uploads\/2024\/12\/Operativo-Navideno-2024.jpeg 1600w\" sizes=\"auto, (max-width: 1024px) 100vw, 1024px\" \/><\/figure>\n<\/figure>\n\n\n\n<p>Resalt\u00f3 que la instituci\u00f3n dispone de 123 m\u00e9dicos y t\u00e9cnicos en emergencias m\u00e9dicas, acompa\u00f1ados de 12 ambulancias dotadas de medicamentos, adem\u00e1s de los equipos necesarios para brindar una oportuna atenci\u00f3n a las personas que pudieran resultar afectadas, ante cualquiera de las situaciones que pudieran ocurrir en las carreteras.<\/p>\n\n\n\n<figure class=\"wp-block-gallery has-nested-images columns-default is-cropped wp-block-gallery-3 is-layout-flex wp-block-gallery-is-layout-flex\">\n<figure class=\"wp-block-image size-large\"><img loading=\"lazy\" decoding=\"async\" width=\"1024\" height=\"682\" data-id=\"585216\" src=\"https:\/\/diariodominicano.com\/wp-content\/uploads\/2024\/12\/Operativo-Navideno-Defensa-Civil-2024-1024x682.jpeg\" alt=\"\" class=\"wp-image-585216\" srcset=\"https:\/\/diariodominicano.com\/wp-content\/uploads\/2024\/12\/Operativo-Navideno-Defensa-Civil-2024-1024x682.jpeg 1024w, https:\/\/diariodominicano.com\/wp-content\/uploads\/2024\/12\/Operativo-Navideno-Defensa-Civil-2024-300x200.jpeg 300w, https:\/\/diariodominicano.com\/wp-content\/uploads\/2024\/12\/Operativo-Navideno-Defensa-Civil-2024-768x512.jpeg 768w, https:\/\/diariodominicano.com\/wp-content\/uploads\/2024\/12\/Operativo-Navideno-Defensa-Civil-2024-1536x1023.jpeg 1536w, https:\/\/diariodominicano.com\/wp-content\/uploads\/2024\/12\/Operativo-Navideno-Defensa-Civil-2024-816x544.jpeg 816w, https:\/\/diariodominicano.com\/wp-content\/uploads\/2024\/12\/Operativo-Navideno-Defensa-Civil-2024.jpeg 1600w\" sizes=\"auto, (max-width: 1024px) 100vw, 1024px\" \/><\/figure>\n<\/figure>\n\n\n\n<p>Para esos fines dispuso la instalaci\u00f3n de dos puestos de atenci\u00f3n pre-hospitalaria, uno debajo del puente Juan Carlos (entre la Autopista Las Am\u00e9ricas y la Avenida Charles de Gaulle) y otro en el kil\u00f3metro 87 1\/2 de la Autopista Duarte, provincia Monse\u00f1or Nouel.<\/p>\n\n\n\n<figure class=\"wp-block-gallery has-nested-images columns-default is-cropped wp-block-gallery-4 is-layout-flex wp-block-gallery-is-layout-flex\">\n<figure class=\"wp-block-image size-large\"><img loading=\"lazy\" decoding=\"async\" width=\"682\" height=\"1024\" data-id=\"585219\" src=\"https:\/\/diariodominicano.com\/wp-content\/uploads\/2024\/12\/Operativo-N.-2024-682x1024.jpeg\" alt=\"\" class=\"wp-image-585219\" srcset=\"https:\/\/diariodominicano.com\/wp-content\/uploads\/2024\/12\/Operativo-N.-2024-682x1024.jpeg 682w, https:\/\/diariodominicano.com\/wp-content\/uploads\/2024\/12\/Operativo-N.-2024-200x300.jpeg 200w, https:\/\/diariodominicano.com\/wp-content\/uploads\/2024\/12\/Operativo-N.-2024-768x1152.jpeg 768w, https:\/\/diariodominicano.com\/wp-content\/uploads\/2024\/12\/Operativo-N.-2024-1024x1536.jpeg 1024w, https:\/\/diariodominicano.com\/wp-content\/uploads\/2024\/12\/Operativo-N.-2024-1365x2048.jpeg 1365w, https:\/\/diariodominicano.com\/wp-content\/uploads\/2024\/12\/Operativo-N.-2024-816x1224.jpeg 816w, https:\/\/diariodominicano.com\/wp-content\/uploads\/2024\/12\/Operativo-N.-2024.jpeg 1706w\" sizes=\"auto, (max-width: 682px) 100vw, 682px\" \/><\/figure>\n<\/figure>\n\n\n\n<p>Tambi\u00e9n se colocar\u00e1n en puntos importantes, previamente analizados, nueve unidades m\u00f3viles de rescate, equipadas con herramientas de extricaci\u00f3n vehicular, para la liberaci\u00f3n de v\u00edctimas atrapadas en veh\u00edculos colisionados.<\/p>\n\n\n\n<p>Como parte de la primera fase del operativo, que inici\u00f3 este lunes 23 de diciembre, voluntarios y empleados realizaron los tradicionales bandereos naranja, acompa\u00f1ados de pancartas con mensajes preventivos como: Usar el cintur\u00f3n de seguridad; respetar a los peatones; cumplir los l\u00edmites de velocidad; respetar las se\u00f1ales de tr\u00e1nsito; no ingerir bebidas alcoh\u00f3licas ni usar el tel\u00e9fono celular mientras conducen. Esta acci\u00f3n se repetir\u00e1 en la segunda fase para Fin de A\u00f1o y A\u00f1o Nuevo.<\/p>\n\n\n\n<p>Salas envi\u00f3 adem\u00e1s un mensaje de paz y amor al pueblo dominicano durante estas fiestas, deseando que la prudencia los deje disfrutar sin novedades junto a sus familiares y amigos y que puedan regresar bien a sus hogares.&nbsp;<\/p>\n\n\n\n<p>Departamento de Comunicaciones Defensa Civil.<\/p>\n\n\n\n<p><strong>Defensa Civil Dominicana<\/strong>\u00a0&lt;redesdefensacivil@gmail.com><\/p>\n","protected":false},"excerpt":{"rendered":"<p>El organismo estatal forma parte de las instituciones que participan del operativo \u201cConciencia por la Vida\u201d Navidad y A\u00f1o Nuevo 2024-2025. Lunes 23 de diciembre 2024 Santo Domingo.-&nbsp;La Defensa Civil dominicana despleg\u00f3 este d\u00eda unos 8,178 miembros entre voluntarios y empleados, distribuidos en 385 puestos de socorro ubicados en puntos estrat\u00e9gicos de todas las provincias [&hellip;]<\/p>\n","protected":false},"author":7,"featured_media":585215,"comment_status":"closed","ping_status":"closed","sticky":false,"template":"","format":"standard","meta":{"footnotes":""},"categories":[20],"tags":[573],"class_list":["post-585089","post","type-post","status-publish","format-standard","has-post-thumbnail","hentry","category-dominicana-hoy","tag-defensa-civil"],"_links":{"self":[{"href":"https:\/\/diariodominicano.com\/index.php?rest_route=\/wp\/v2\/posts\/585089","targetHints":{"allow":["GET"]}}],"collection":[{"href":"https:\/\/diariodominicano.com\/index.php?rest_route=\/wp\/v2\/posts"}],"about":[{"href":"https:\/\/diariodominicano.com\/index.php?rest_route=\/wp\/v2\/types\/post"}],"author":[{"embeddable":true,"href":"https:\/\/diariodominicano.com\/index.php?rest_route=\/wp\/v2\/users\/7"}],"replies":[{"embeddable":true,"href":"https:\/\/diariodominicano.com\/index.php?rest_route=%2Fwp%2Fv2%2Fcomments&post=585089"}],"version-history":[{"count":1,"href":"https:\/\/diariodominicano.com\/index.php?rest_route=\/wp\/v2\/posts\/585089\/revisions"}],"predecessor-version":[{"id":585220,"href":"https:\/\/diariodominicano.com\/index.php?rest_route=\/wp\/v2\/posts\/585089\/revisions\/585220"}],"wp:featuredmedia":[{"embeddable":true,"href":"https:\/\/diariodominicano.com\/index.php?rest_route=\/wp\/v2\/media\/585215"}],"wp:attachment":[{"href":"https:\/\/diariodominicano.com\/index.php?rest_route=%2Fwp%2Fv2%2Fmedia&parent=585089"}],"wp:term":[{"taxonomy":"category","embeddable":true,"href":"https:\/\/diariodominicano.com\/index.php?rest_route=%2Fwp%2Fv2%2Fcategories&post=585089"},{"taxonomy":"post_tag","embeddable":true,"href":"https:\/\/diariodominicano.com\/index.php?rest_route=%2Fwp%2Fv2%2Ftags&post=585089"}],"curies":[{"name":"wp","href":"https:\/\/api.w.org\/{rel}","templated":true}]}}