{"id":585051,"date":"2024-12-23T09:07:05","date_gmt":"2024-12-23T13:07:05","guid":{"rendered":"https:\/\/diariodominicano.com\/?p=585051"},"modified":"2024-12-23T09:07:14","modified_gmt":"2024-12-23T13:07:14","slug":"reforzar-lo-social-en-un-pais-donde-explota-la-miseria","status":"publish","type":"post","link":"https:\/\/diariodominicano.com\/?p=585051","title":{"rendered":"Reforzar lo social en un pa\u00eds donde explota la miseria"},"content":{"rendered":"\n<p>diariodominicano.com<\/p>\n\n\n\n<p><strong>\u00a0Por <\/strong><strong>Sergio Ferrari<\/strong><\/p>\n\n\n\n<p> Berna,  Suiza,\u200223 de diciembre, 2024.-\u2002<strong>La Iglesia Cat\u00f3lica Argentina, mayoritaria y de significativo peso &#8211;aunque con p\u00e9rdida de membres\u00eda&#8211; en ese pa\u00eds sudamericano, viene reiterando sus cr\u00edticas al gobierno de Javier Milei por la explosiva exclusi\u00f3n social. Mirada con la que parece coincidir, tambi\u00e9n, el Vaticano.<\/strong><\/p>\n\n\n\n<p>Como contexto, los hist\u00f3ricos insultos de Milei hacia su compatriota, el Papa Francisco. \u201cTiene afinidad con los dictadores de izquierda\u2026 est\u00e1 del lado de dictaduras sangrientas\u201d, afirmaba en septiembre de 2023 cuando era candidato poco antes de las elecciones presidenciales (<a href=\"https:\/\/www.youtube.com\/watch?v=mQ30YStCTMg\" rel=\"noreferrer noopener\" target=\"_blank\"><em>https:\/\/www.youtube.com\/watch?v=mQ30YStCTMg<\/em><\/a>)<em>.<\/em>&nbsp;Lo acusaba, adem\u00e1s, de ser el \u201crepresentante del maligno (el diablo) en la tierra\u201d y de promover el comunismo (<a href=\"https:\/\/www.youtube.com\/watch?v=3J4aHCBrTdQ\" rel=\"noreferrer noopener\" target=\"_blank\"><em>https:\/\/www.youtube.com\/watch?v=3J4aHCBrTdQ<\/em><\/a>). Meses m\u00e1s tarde, ya electo, Milei baj\u00f3 el tono de sus ataques, trat\u00f3 de normalizar las relaciones con el Papa, lo visit\u00f3 en el Vaticano y lo invit\u00f3 formalmente a visitar pr\u00f3ximamente su pa\u00eds de origen.<\/p>\n\n\n<div class=\"wp-block-image\">\n<figure class=\"alignright size-full is-resized\"><img loading=\"lazy\" decoding=\"async\" width=\"670\" height=\"304\" src=\"https:\/\/diariodominicano.com\/wp-content\/uploads\/2024\/12\/Mesa-Ecumenica-por-la-democracia-Buenos-Aires-23-12-24.jpg\" alt=\"\" class=\"wp-image-585053\" style=\"width:384px;height:auto\" srcset=\"https:\/\/diariodominicano.com\/wp-content\/uploads\/2024\/12\/Mesa-Ecumenica-por-la-democracia-Buenos-Aires-23-12-24.jpg 670w, https:\/\/diariodominicano.com\/wp-content\/uploads\/2024\/12\/Mesa-Ecumenica-por-la-democracia-Buenos-Aires-23-12-24-300x136.jpg 300w\" sizes=\"auto, (max-width: 670px) 100vw, 670px\" \/><\/figure>\n<\/div>\n\n\n<p>Al a\u00f1o del nuevo gobierno todo indica que \u201cFrancisco, quien tiene una enorme experiencia pol\u00edtica, no quiere romper con el gobierno y que \u00e9ste tampoco quiere polarizar las relaciones\u201d, explica Washington Uranga, periodista del cotidiano argentino&nbsp;<em>P\u00e1gina 12<\/em>&nbsp;y uno de los analistas m\u00e1s reconocidos en temas eclesiales latinoamericanos. Sin embargo, hay hechos evidentes de que el Papa no calla cuando es necesario hablar: \u201cFrancisco fue muy claro al denunciar la represi\u00f3n contra las diversas movilizaciones que se dieron este \u00faltimo a\u00f1o en Argentina; recuerda la vigencia del tema Memoria-Verdad-Justicia, e insiste una y otra vez en la necesidad de priorizar la justicia social\u201d. A veces, completa Uranga, Francisco habla directamente, protegiendo as\u00ed a los obispos nacionales. Otras veces env\u00eda mensajes cr\u00edticos a trav\u00e9s de ellos, y cuando procede de esta manera, \u201ces evidente que en algunos casos genera una clara molestia al gobierno. Quien, por otra parte, paga el precio de no contar con cuadros de primer nivel para gestionar las relaciones con la Iglesia Cat\u00f3lica. Ni siquiera cuenta con funcionarios de peso ligados a los sectores conservadores de la misma, lo que constituye un d\u00e9ficit evidente. Tal vez la vicepresidenta Victoria Villarruel es la \u00fanica que tendr\u00eda ese perfil, pero dadas las profundas contradicciones que tiene con Milei, no puede asumir el rol oficial de interlocuci\u00f3n con la jerarqu\u00eda cat\u00f3lica\u201d.<\/p>\n\n\n\n<p>La Iglesia Cat\u00f3lica Argentina \u2013como reflejo de la pol\u00edtica vaticana&#8211; ha reiterado una y otra vez la necesidad de priorizar lo social, mirando en los ojos a un gobierno que con su plan econ\u00f3mico ha aumentado la pobreza, cataclismo social que hoy afecta a m\u00e1s del 55% de los casi 47 millones de habitantes.<\/p>\n\n\n\n<p><strong>Propio de ajedrez: mover piezas con estrategia<\/strong><\/p>\n\n\n\n<p>En paralelo, el Papa Francisco contin\u00faa haciendo designaciones o proponiendo nombres, de un peso simb\u00f3lico muy particular. En noviembre pasado, por ejemplo, con el voto democr\u00e1tico de sus pares, los obispos argentinos, se eligi\u00f3 presidente de la Conferencia Episcopal de ese pa\u00eds al arzobispo de la ciudad de Mendoza, Marcelo Colombo. Muy reconocido por su compromiso social e influenciado en su formaci\u00f3n por Jorge Novak, uno de los muy pocos prelados que entre 1976 y 1983 se opusieron abiertamente a la \u00faltima dictadura militar.<\/p>\n\n\n\n<p>Casi al mismo tiempo se design\u00f3 al frente de la poderosa Caritas nacional a Gustavo Carrara, ligado a los curas villeros que trabajan en los barrios m\u00e1s marginados del pa\u00eds. El Vaticano adem\u00e1s lo consagr\u00f3 arzobispo de La Plata, ciudad capital de la Provincia de Buenos Aires, que con m\u00e1s de 18 millones de habitantes constituye la mayor concentraci\u00f3n poblacional del pa\u00eds.&nbsp;<\/p>\n\n\n\n<p>La designaci\u00f3n de \u00c1ngel Rossi como arzobispo de la ciudad de C\u00f3rdoba, seg\u00fan el analista Uranga \u201csignific\u00f3 una verdadera revelaci\u00f3n\u201d. Premia la pr\u00e1ctica social de ese jesuita, quien poco despu\u00e9s fue consagrado cardenal por el Papa.<\/p>\n\n\n\n<p>Para Uranga, la evidencia de que el Papa \u201cha venido reconfigurando el escenario de la iglesia en Argentina\u201d no concluye con estos nombramientos, tan afines a su propia visi\u00f3n: por ejemplo, entre otros, \u201cla nueva camada de obispos, en particular en el \u00e1rea metropolitana de Buenos Aires, que son&nbsp;<em>bergoglianos<\/em>, muchos de ellos relativamente j\u00f3venes y con bastante compromiso social\u201d, no dejan ninguna duda con respecto al proyecto de renovaci\u00f3n y actualizaci\u00f3n generacional de la jerarqu\u00eda argentina como una apuesta de futuro asumida por Roma.<\/p>\n\n\n\n<p>Visi\u00f3n compartida por el sacerdote Marcelo Ciaramella, de la di\u00f3cesis de Florencio Varela (en la Provincia de Buenos Aires), y miembro activo del Grupo de Curas en la Opci\u00f3n por los Pobres. Para el padre Ciaramella, \u201cno hay duda de que Francisco ha intentado con algunos de sus nombramientos marcar una l\u00ednea social\u201d.&nbsp;<\/p>\n\n\n\n<p><strong>Voz prof\u00e9tica<\/strong><\/p>\n\n\n\n<p>La pregunta al padre Ciaramella intenta conocer el peso real que tiene hoy en la iglesia cat\u00f3lica argentina esta visi\u00f3n de compromiso social, en una coyuntura mascada por el aumento exponencial de la miseria y la exclusi\u00f3n.<\/p>\n\n\n\n<p>Sin pretender c\u00e1lculos matem\u00e1ticos ni medir porcentajes, el religioso reconoce que \u201cexiste una iglesia m\u00e1s cercana al pueblo en la pr\u00e1ctica pastoral, en la cercan\u00eda con los sufrimientos de la gente, en la ayuda solidaria sosteniendo proyectos de inclusi\u00f3n y asistencia\u201d. Pero que existen tambi\u00e9n \u201cnotorias contradicciones entre sectores e interpretaciones sobre el rol de la Iglesia en medio del pueblo\u201d. Y eval\u00faa que son pocos los religiosos que suelen \u201ctomar partido p\u00fablico en defensa del pueblo sufriente\u201d. Es decir, quienes \u201casumen de verdad una voz prof\u00e9tica frente a las flagrantes injusticias que vivimos tanto en el \u00e1mbito econ\u00f3mico y social como en cuanto a los delitos ambientales que se cometen en perjuicio de las y los trabajadores y los grupos m\u00e1s empobrecidos de nuestra sociedad\u201d.<\/p>\n\n\n\n<p>Realidad que se refleja, seg\u00fan Ciaramella, en el episcopado, que en general \u201csuele usar un lenguaje cr\u00edptico y tard\u00edo o que directamente no se pronuncia\u201d.&nbsp;&nbsp;As\u00ed como entre muchos otros religiosos, cuyo desconocimiento de la doctrina social de la Iglesia es llamativa. Con el agravante de que dicha doctrina abunda en principios te\u00f3ricos que, aunque muy v\u00e1lidos, sin embargo, no integran un an\u00e1lisis profundo de la realidad ni inciden para que esos principios se conviertan en pr\u00e1ctica pastoral.<br><\/p>\n\n\n<div class=\"wp-block-image\">\n<figure class=\"alignleft size-full is-resized\"><img loading=\"lazy\" decoding=\"async\" width=\"670\" height=\"446\" src=\"https:\/\/diariodominicano.com\/wp-content\/uploads\/2024\/12\/Argentina-Padre-Marcelo-Ciaramella23-12-24.jpg\" alt=\"\" class=\"wp-image-585054\" style=\"width:288px;height:auto\" srcset=\"https:\/\/diariodominicano.com\/wp-content\/uploads\/2024\/12\/Argentina-Padre-Marcelo-Ciaramella23-12-24.jpg 670w, https:\/\/diariodominicano.com\/wp-content\/uploads\/2024\/12\/Argentina-Padre-Marcelo-Ciaramella23-12-24-300x200.jpg 300w\" sizes=\"auto, (max-width: 670px) 100vw, 670px\" \/><\/figure>\n<\/div>\n\n\n<p>___________________________________________________________<br><em>RECUADRO-2da parte<\/em><\/p>\n\n\n\n<p><strong><br><\/strong><strong>Desaf\u00edos del nuevo liderazgo cat\u00f3lico en Argentina<\/strong><\/p>\n\n\n\n<p><strong>Sergio Ferrari<\/strong><\/p>\n\n\n\n<p>El padre Marcelo Ciaramella adem\u00e1s de su compromiso pol\u00edtico y social cotidiano en la base tiene una mirada anal\u00edtica &#8211;hist\u00f3rica y actual&#8211; de la Iglesia Cat\u00f3lica Argentina, a la que sirve desde hace 40 a\u00f1os, aniversario que acaba de celebrar el 15 de diciembre pasado. En 2021, la Universidad Nacional de Quilmes (provincia de Buenos Aires) public\u00f3 su tesis que resume una parte de esa mirada titulada \u201cLas Complicidades Eclesi\u00e1sticas del genocidio econ\u00f3mico de la dictadura (1976-1981). Iglesia y neoliberalismo en la dictadura\u201d, trabajo final para su Maestr\u00eda de Ciencias Sociales y Humanidades con orientaci\u00f3n en econom\u00eda.<\/p>\n\n\n\n<p><strong>Pregunta: \u00bf<\/strong><strong>La elecci\u00f3n del arzobispo Marcelo Colombo como presidente de la Conferencia Episcopal Argentina (CEA) puede interpretarse como un paso hacia un mayor compromiso social de parte de la jerarqu\u00eda?<\/strong><\/p>\n\n\n\n<p><strong>Marcelo Ciaramella (MC)<\/strong>: A priori puede ser interpretada como una se\u00f1al en favor de una pastoral social comprometida con los pobres, pero estoy convencido de que la \u00fanica verdad es la realidad. En un tiempo podremos ver qu\u00e9 nos dice esa realidad que en estos momentos es bastante oscura y humillante para el pueblo argentino. Conozco muy bien a Marcelo Colombo. Somos amigos, casi contempor\u00e1neos, y compartimos muchos momentos juntos. Cuando lo designaron obispo en 2009, fue una celebraci\u00f3n muy sentida, que viv\u00ed casi en primera persona. Reactualiz\u00f3 en ese momento la figura de nuestro querido obispo Jorge Novak, fundador y prelado hist\u00f3rico de la popular di\u00f3cesis de Quilmes, en la Provincia de Buenos Aires, y duro opositor de la dictadura argentina. Tanto Marcelo como yo fuimos ordenados por Novak. \u00c9l nos transmiti\u00f3 su testimonio de servicio y amor a los pobres, la valoraci\u00f3n innegociable de los derechos humanos y la comuni\u00f3n fraterna con otras miradas religiosas, lo que popularmente llamamos ecumenismo.<br><br><strong>Pregunta: \u00bfPodr\u00e1 el nuevo presidente de la CEA mantener esa visi\u00f3n progresista en un cargo sujeto a tantas presiones eclesiales y pol\u00edticas?<\/strong><\/p>\n\n\n\n<p><strong>MC:&nbsp;<\/strong>Creo que lo intentar\u00e1. Es una persona honesta y comprometida con el Evangelio. S\u00e9 que no le ser\u00e1 f\u00e1cil articular en un organismo tan complejo la burocracia institucional y el Evangelio. Pero ah\u00ed vale la ense\u00f1anza del obispo Novak, quien nunca reneg\u00f3 a la colegialidad episcopal ni habl\u00f3 mal en p\u00fablico de sus colegas, pero que nunca dej\u00f3 de decir en voz alta lo que su conciencia cristiana y pastoral le reclamaban. Con palabras directas, juicios certeros y sin amedrentarse por el poder. En una de las primeras y m\u00e1s recientes entrevistas luego de ser elegido presidente de los obispos argentinos, Marcelo fue claro en afirmar que todo lo que sea reforma econ\u00f3mica debe ser con la gente adentro, es decir, sin excluir socialmente a los m\u00e1s necesitados y fr\u00e1giles (<a href=\"https:\/\/www.elcohetealaluna.com\/boton-modo-novak\/\" rel=\"noreferrer noopener\" target=\"_blank\"><em>https:\/\/www.elcohetealaluna.com\/boton-modo-novak<\/em>\/<\/a>).<\/p>\n\n\n\n<p><strong>Pregunta: \u00bfCu\u00e1les son los desaf\u00edos m\u00e1s complejos del nuevo presidente de la CEA en un contexto pol\u00edtico-social tan polarizado?<\/strong><\/p>\n\n\n\n<p><strong>MC<\/strong>: El Arzobispo Colombo ha dicho con claridad que respetar\u00e1 la institucionalidad democr\u00e1tica y las autoridades elegidas por el pueblo, pero que no dejar\u00e1 de se\u00f1alar las situaciones que afectan la vida de la sociedad. Ese es el gran desaf\u00edo: ser profetas, denunciar la injusticia y el pecado estructural poni\u00e9ndose del lado de las v\u00edctimas. Es decir, adem\u00e1s de caminar y construir la Iglesia desde los pobres, ser profeta y anunciar siempre el Evangelio, denunciando la injusticia y los cr\u00edmenes econ\u00f3micos, sociales y culturales de gobiernos como el actual, de Javier Milei.<br><\/p>\n\n\n\n<p><strong>Sergio Ferrari,<\/strong>\u2002<strong><em>Journaliste RP\/periodista RP<\/em><\/strong><\/p>\n","protected":false},"excerpt":{"rendered":"<p>diariodominicano.com \u00a0Por Sergio Ferrari Berna, Suiza,\u200223 de diciembre, 2024.-\u2002La Iglesia Cat\u00f3lica Argentina, mayoritaria y de significativo peso &#8211;aunque con p\u00e9rdida de membres\u00eda&#8211; en ese pa\u00eds sudamericano, viene reiterando sus cr\u00edticas al gobierno de Javier Milei por la explosiva exclusi\u00f3n social. Mirada con la que parece coincidir, tambi\u00e9n, el Vaticano. Como contexto, los hist\u00f3ricos insultos de [&hellip;]<\/p>\n","protected":false},"author":5,"featured_media":585052,"comment_status":"closed","ping_status":"closed","sticky":true,"template":"","format":"standard","meta":{"footnotes":""},"categories":[23,27],"tags":[],"class_list":["post-585051","post","type-post","status-publish","format-standard","has-post-thumbnail","hentry","category-internacional","category-portada"],"_links":{"self":[{"href":"https:\/\/diariodominicano.com\/index.php?rest_route=\/wp\/v2\/posts\/585051","targetHints":{"allow":["GET"]}}],"collection":[{"href":"https:\/\/diariodominicano.com\/index.php?rest_route=\/wp\/v2\/posts"}],"about":[{"href":"https:\/\/diariodominicano.com\/index.php?rest_route=\/wp\/v2\/types\/post"}],"author":[{"embeddable":true,"href":"https:\/\/diariodominicano.com\/index.php?rest_route=\/wp\/v2\/users\/5"}],"replies":[{"embeddable":true,"href":"https:\/\/diariodominicano.com\/index.php?rest_route=%2Fwp%2Fv2%2Fcomments&post=585051"}],"version-history":[{"count":1,"href":"https:\/\/diariodominicano.com\/index.php?rest_route=\/wp\/v2\/posts\/585051\/revisions"}],"predecessor-version":[{"id":585055,"href":"https:\/\/diariodominicano.com\/index.php?rest_route=\/wp\/v2\/posts\/585051\/revisions\/585055"}],"wp:featuredmedia":[{"embeddable":true,"href":"https:\/\/diariodominicano.com\/index.php?rest_route=\/wp\/v2\/media\/585052"}],"wp:attachment":[{"href":"https:\/\/diariodominicano.com\/index.php?rest_route=%2Fwp%2Fv2%2Fmedia&parent=585051"}],"wp:term":[{"taxonomy":"category","embeddable":true,"href":"https:\/\/diariodominicano.com\/index.php?rest_route=%2Fwp%2Fv2%2Fcategories&post=585051"},{"taxonomy":"post_tag","embeddable":true,"href":"https:\/\/diariodominicano.com\/index.php?rest_route=%2Fwp%2Fv2%2Ftags&post=585051"}],"curies":[{"name":"wp","href":"https:\/\/api.w.org\/{rel}","templated":true}]}}