{"id":585046,"date":"2024-12-23T02:00:36","date_gmt":"2024-12-23T06:00:36","guid":{"rendered":"https:\/\/diariodominicano.com\/?p=585046"},"modified":"2024-12-23T02:00:40","modified_gmt":"2024-12-23T06:00:40","slug":"china-emite-decision-sobre-contramedidas-contra-instituciones-y-personal-canadienses","status":"publish","type":"post","link":"https:\/\/diariodominicano.com\/?p=585046","title":{"rendered":"China emite decisi\u00f3n sobre contramedidas contra instituciones y personal canadienses"},"content":{"rendered":"\n<p><em>spanish.news.cn<\/em>|<em>&nbsp;2024-12-23 00:06:45<\/em>|<\/p>\n\n\n\n<p>BEIJING, 22 dic (Xinhua) &#8212; El Ministerio de Relaciones Exteriores de Canad\u00e1 emiti\u00f3 una decisi\u00f3n para tomar contramedidas contra ciertas instituciones y personal canadienses.<\/p>\n\n\n\n<p>La decisi\u00f3n fue emitida el 21 de diciembre de 2024 como el decreto n\u00famero 15 del Ministerio de Relaciones Exteriores de la Rep\u00fablica Popular China, vigente a partir de la misma fecha.<\/p>\n\n\n\n<p>De conformidad con los art\u00edculos 3, 4, 5, 6, 9 y 15 de la Ley de la Rep\u00fablica Popular China sobre Respuesta a Sanciones Extranjeras, China decidi\u00f3 tomar contramedidas contra ciertas instituciones y personal canadienses, de conformidad con el decreto.<\/p>\n\n\n\n<p>Los bienes muebles e inmuebles, y otros tipos de activos dentro de China, pertenecientes al \u00abProyecto de Defensa de los Derechos de los Uygures\u00bb y al \u00abComit\u00e9 Canad\u00e1-T\u00edbet\u00bb ser\u00e1n congelados, y todas las organizaciones e individuos dentro de China tendr\u00e1n prohibido realizar transacciones, mantener cooperaci\u00f3n o realizar otras actividades con ellos.<\/p>\n\n\n\n<p>Adem\u00e1s, ser\u00e1n congelados los bienes muebles e inmuebles y otros activos que se encuentren en China del personal pertinente del \u00abProyecto de Defensa de los Derechos de los Uygures\u00bb y del \u00abComit\u00e9 Canad\u00e1-T\u00edbet\u00bb. Todas las organizaciones e individuos dentro de China tendr\u00e1n prohibido realizar transacciones, mantener cooperaci\u00f3n o realizar otras actividades con ellos. Tambi\u00e9n se les negar\u00e1 el visado o la entrada a China (incluyendo a Hong Kong y Macao).<\/p>\n\n\n\n<p><a href=\"https:\/\/www.facebook.com\/sharer\/sharer.php?u=https:\/\/spanish.xinhuanet.com\/20241223\/489eddf2c72245f7b92be71e8739cb49\/c.html\" target=\"_blank\" rel=\"noreferrer noopener\"><\/a>&nbsp;<a href=\"https:\/\/twitter.com\/intent\/tweet?text=China%20emite%20decisi%C3%B3n%20sobre%20contramedidas%20contra%20instituciones%20y%20personal%20canadienses&amp;url=https:\/\/spanish.xinhuanet.com\/20241223\/489eddf2c72245f7b92be71e8739cb49\/c.html\" target=\"_blank\" rel=\"noreferrer noopener\"><\/a>&nbsp;<a target=\"_blank\" href=\"https:\/\/service.weibo.com\/share\/share.php?title=China%20emite%20decisi%C3%B3n%20sobre%20contramedidas%20contra%20instituciones%20y%20personal%20canadienses&amp;url=https:\/\/spanish.xinhuanet.com\/20241223\/489eddf2c72245f7b92be71e8739cb49\/c.html\" rel=\"noreferrer noopener\"><\/a>&nbsp;<a><\/a><\/p>\n\n\n\n<figure class=\"wp-block-image\"><img decoding=\"async\" src=\"https:\/\/imgs.news.cn\/res\/xhwimg\/spanish\/20170522\/img\/jc-xfa.png\" alt=\"\"\/><\/figure>\n\n\n","protected":false},"excerpt":{"rendered":"<p>spanish.news.cn|&nbsp;2024-12-23 00:06:45| BEIJING, 22 dic (Xinhua) &#8212; El Ministerio de Relaciones Exteriores de Canad\u00e1 emiti\u00f3 una decisi\u00f3n para tomar contramedidas contra ciertas instituciones y personal canadienses. La decisi\u00f3n fue emitida el 21 de diciembre de 2024 como el decreto n\u00famero 15 del Ministerio de Relaciones Exteriores de la Rep\u00fablica Popular China, vigente a partir de [&hellip;]<\/p>\n","protected":false},"author":28,"featured_media":0,"comment_status":"closed","ping_status":"closed","sticky":true,"template":"","format":"standard","meta":{"footnotes":""},"categories":[23],"tags":[],"class_list":["post-585046","post","type-post","status-publish","format-standard","hentry","category-internacional"],"_links":{"self":[{"href":"https:\/\/diariodominicano.com\/index.php?rest_route=\/wp\/v2\/posts\/585046","targetHints":{"allow":["GET"]}}],"collection":[{"href":"https:\/\/diariodominicano.com\/index.php?rest_route=\/wp\/v2\/posts"}],"about":[{"href":"https:\/\/diariodominicano.com\/index.php?rest_route=\/wp\/v2\/types\/post"}],"author":[{"embeddable":true,"href":"https:\/\/diariodominicano.com\/index.php?rest_route=\/wp\/v2\/users\/28"}],"replies":[{"embeddable":true,"href":"https:\/\/diariodominicano.com\/index.php?rest_route=%2Fwp%2Fv2%2Fcomments&post=585046"}],"version-history":[{"count":1,"href":"https:\/\/diariodominicano.com\/index.php?rest_route=\/wp\/v2\/posts\/585046\/revisions"}],"predecessor-version":[{"id":585047,"href":"https:\/\/diariodominicano.com\/index.php?rest_route=\/wp\/v2\/posts\/585046\/revisions\/585047"}],"wp:attachment":[{"href":"https:\/\/diariodominicano.com\/index.php?rest_route=%2Fwp%2Fv2%2Fmedia&parent=585046"}],"wp:term":[{"taxonomy":"category","embeddable":true,"href":"https:\/\/diariodominicano.com\/index.php?rest_route=%2Fwp%2Fv2%2Fcategories&post=585046"},{"taxonomy":"post_tag","embeddable":true,"href":"https:\/\/diariodominicano.com\/index.php?rest_route=%2Fwp%2Fv2%2Ftags&post=585046"}],"curies":[{"name":"wp","href":"https:\/\/api.w.org\/{rel}","templated":true}]}}