{"id":585042,"date":"2024-12-23T01:56:13","date_gmt":"2024-12-23T05:56:13","guid":{"rendered":"https:\/\/diariodominicano.com\/?p=585042"},"modified":"2024-12-23T01:58:02","modified_gmt":"2024-12-23T05:58:02","slug":"mexico-rechaza-cualquier-tipo-de-injerencia-de-eeuu-afirma-presidenta-sheinbaum","status":"publish","type":"post","link":"https:\/\/diariodominicano.com\/?p=585042","title":{"rendered":"M\u00e9xico rechaza cualquier tipo de injerencia de EEUU, afirma presidenta Sheinbaum"},"content":{"rendered":"\n<p><em>spanish.news.cn<\/em>|<em>&nbsp;2024-12-23 07:50:00<\/em>|<\/p>\n\n\n\n<p>M\u00c9XICO, 22 dic (Xinhua) &#8212; M\u00e9xico es un pa\u00eds \u00ablibre, soberano e independiente\u00bb y no acepta \u00abinjerencismos\u00bb, afirm\u00f3 hoy domingo la presidenta Claudia Sheinbaum, en respuesta a las declaraciones del presidente electo de Estados Unidos, Donald Trump, quien dijo que al llegar a la Casa Blanca declarar\u00e1 a los c\u00e1rteles mexicanos del crimen organizado como \u00aborganizaciones terroristas\u00bb.<\/p>\n\n\n\n<p>\u00abNosotros colaboramos, coordinamos, trabajamos juntos, pero nunca nos vamos a subordinar. M\u00e9xico es un pa\u00eds libre, soberano e independiente y no aceptamos injerencismos en nuestro pa\u00eds. Es colaboraci\u00f3n, es coordinaci\u00f3n, pero no es subordinaci\u00f3n\u00bb, sostuvo Sheinbaum desde la ciudad de Mazatl\u00e1n, en el estado de Sinaloa (noroeste), uno de los m\u00e1s afectados del pa\u00eds por la violencia.<\/p>\n\n\n\n<p>La presidenta record\u00f3 la carta enviada de manera reciente a Trump, en la que le reiter\u00f3 la no subordinaci\u00f3n, pero s\u00ed la \u00abdisposici\u00f3n\u00bb de M\u00e9xico a colaborar con su contraparte estadounidense y atender cualquier problema de manera bilateral.<\/p>\n\n\n\n<p>\u00abLo dije en la carta que escrib\u00ed al presidente Donald Trump que va a tomar posesi\u00f3n en enero del pr\u00f3ximo a\u00f1o. All\u00e1 se consume la droga, principalmente, de all\u00e1 vienen las armas y aqu\u00ed ponemos las vidas\u00bb, sostuvo la presidenta mexicana.<\/p>\n\n\n\n<p>Sheinbaum reiter\u00f3 el compromiso de abordar las causas de la violencia para construir la paz en el territorio mexicano, al tiempo que invit\u00f3 a los j\u00f3venes a no delinquir.<\/p>\n\n\n\n<p>\u00abVamos a ir construyendo la paz. El objetivo es atender las causas (&#8230;) que ning\u00fan joven tenga que acercarse a la violencia con actos delictivos (&#8230;) que sepan que esa no es una perspectiva de vida, siempre ser\u00e1 una perspectiva de muerte y abandono\u00bb, consider\u00f3.<\/p>\n\n\n\n<p>\u00abLa violencia nunca lleva a ning\u00fan lado (&#8230;) tambi\u00e9n el que haya leyes, el que haya seguridad y que no haya impunidad. Esa es la manera en que vamos a ir construiremos la paz en Sinaloa y en todo el pa\u00eds\u00bb, expuso.<\/p>\n\n\n\n<p>La mandataria mexicana consider\u00f3 que no se trata de un asunto de \u00abmano dura\u00bb y al mismo tiempo construir un sistema de justicia que \u00abfuncione\u00bb.<\/p>\n\n\n\n<figure class=\"wp-block-table\"><table><tbody><tr><td><\/td><\/tr><\/tbody><\/table><\/figure>\n\n\n\n<figure class=\"wp-block-table\"><table><tbody><tr><td><\/td><td><\/td><td><\/td><\/tr><\/tbody><\/table><\/figure>\n","protected":false},"excerpt":{"rendered":"<p>spanish.news.cn|&nbsp;2024-12-23 07:50:00| M\u00c9XICO, 22 dic (Xinhua) &#8212; M\u00e9xico es un pa\u00eds \u00ablibre, soberano e independiente\u00bb y no acepta \u00abinjerencismos\u00bb, afirm\u00f3 hoy domingo la presidenta Claudia Sheinbaum, en respuesta a las declaraciones del presidente electo de Estados Unidos, Donald Trump, quien dijo que al llegar a la Casa Blanca declarar\u00e1 a los c\u00e1rteles mexicanos del crimen [&hellip;]<\/p>\n","protected":false},"author":28,"featured_media":561028,"comment_status":"closed","ping_status":"closed","sticky":true,"template":"","format":"standard","meta":{"footnotes":""},"categories":[23,27],"tags":[],"class_list":["post-585042","post","type-post","status-publish","format-standard","has-post-thumbnail","hentry","category-internacional","category-portada"],"_links":{"self":[{"href":"https:\/\/diariodominicano.com\/index.php?rest_route=\/wp\/v2\/posts\/585042","targetHints":{"allow":["GET"]}}],"collection":[{"href":"https:\/\/diariodominicano.com\/index.php?rest_route=\/wp\/v2\/posts"}],"about":[{"href":"https:\/\/diariodominicano.com\/index.php?rest_route=\/wp\/v2\/types\/post"}],"author":[{"embeddable":true,"href":"https:\/\/diariodominicano.com\/index.php?rest_route=\/wp\/v2\/users\/28"}],"replies":[{"embeddable":true,"href":"https:\/\/diariodominicano.com\/index.php?rest_route=%2Fwp%2Fv2%2Fcomments&post=585042"}],"version-history":[{"count":2,"href":"https:\/\/diariodominicano.com\/index.php?rest_route=\/wp\/v2\/posts\/585042\/revisions"}],"predecessor-version":[{"id":585045,"href":"https:\/\/diariodominicano.com\/index.php?rest_route=\/wp\/v2\/posts\/585042\/revisions\/585045"}],"wp:featuredmedia":[{"embeddable":true,"href":"https:\/\/diariodominicano.com\/index.php?rest_route=\/wp\/v2\/media\/561028"}],"wp:attachment":[{"href":"https:\/\/diariodominicano.com\/index.php?rest_route=%2Fwp%2Fv2%2Fmedia&parent=585042"}],"wp:term":[{"taxonomy":"category","embeddable":true,"href":"https:\/\/diariodominicano.com\/index.php?rest_route=%2Fwp%2Fv2%2Fcategories&post=585042"},{"taxonomy":"post_tag","embeddable":true,"href":"https:\/\/diariodominicano.com\/index.php?rest_route=%2Fwp%2Fv2%2Ftags&post=585042"}],"curies":[{"name":"wp","href":"https:\/\/api.w.org\/{rel}","templated":true}]}}