{"id":584978,"date":"2024-12-22T19:20:19","date_gmt":"2024-12-22T23:20:19","guid":{"rendered":"https:\/\/diariodominicano.com\/?p=584978"},"modified":"2024-12-22T19:20:28","modified_gmt":"2024-12-22T23:20:28","slug":"califican-de-inaceptables-declaraciones-de-trump-sobre-devolucion-del-canal-de-panama-a-eeuu","status":"publish","type":"post","link":"https:\/\/diariodominicano.com\/?p=584978","title":{"rendered":"Califican de \u00abinaceptables\u00bb declaraciones de Trump sobre devoluci\u00f3n del Canal de Panam\u00e1 a EEUU"},"content":{"rendered":"\n<p>diariodominicano.com<\/p>\n\n\n\n<p>PANAM\u00c1, 22 dic (Xinhua) &#8212; Expertos, partidos y pol\u00edticos paname\u00f1os han calificado de \u00abinaceptables\u00bb e \u00abirrespetuosas\u00bb las recientes declaraciones del presidente electo estadounidense, Donald Trump, en el sentido de \u00abexigir\u00bb que se \u00abdevuelva\u00bb a Estados Unidos el control del Canal de Panam\u00e1, en caso de no reducir las tarifas de peaje solicitadas. El Partido Revolucionario Democr\u00e1tico (PRD) de Panam\u00e1 critic\u00f3 en tal sentido la amenaza de Trump de exigir la devoluci\u00f3n de la v\u00eda interoce\u00e1nica, al quejarse de los \u00abexorbitantes\u00bb costos de los pesos. El PRD fue fundado por el militar y expresidente paname\u00f1o, Omar Torrijos (1968-1981), quien acord\u00f3 con el exmandatario estadounidense, Jimmy Carter (1977-1981), el traspaso a Panam\u00e1 del canal interoce\u00e1nico. \u00abA Panam\u00e1 no se le &#8216;dio&#8217; el Canal, lo recuperamos y lo ampliamos para nuestro desarrollo econ\u00f3mico\u00bb, indic\u00f3 el PRD a trav\u00e9s de la red social X. \u00abExigimos al Ejecutivo y la Canciller\u00eda que hagan respetar nuestra soberan\u00eda ante las declaraciones inaceptables de Donald Trump. Si lo hacen, contar\u00e1n con todo nuestro apoyo\u00bb, a\u00f1adi\u00f3 el partido pol\u00edtico. Trump difundi\u00f3 el s\u00e1bado a trav\u00e9s de su plataforma \u00abTruth Social\u00bb diversas inconformidades que tiene respecto a la administraci\u00f3n del Canal de Panam\u00e1. \u00abCuando el presidente Jimmy Carter lo regal\u00f3 tontamente, por un d\u00f3lar, durante su mandato, era responsabilidad exclusiva de Panam\u00e1\u00bb, escribi\u00f3 Trump, quien critic\u00f3 adem\u00e1s las tarifas que cobra el pa\u00eds de Am\u00e9rica Central por el uso de la v\u00eda interoce\u00e1nica, lo que calific\u00f3 como una \u00abestafa\u00bb. El experto en relaciones internacionales, Julio Yao, sostuvo respecto a las declaraciones de Trump que son \u00abescandalosas, arrogantes, prepotentes, falsas y amenazantes\u00bb. El exasesor en pol\u00edtica exterior del general Torrijos record\u00f3 en una entrevista con Xinhua que el Consejo Municipal de Panam\u00e1 declar\u00f3 en 2011 a Trump como persona \u00abnon grata\u00bb por asegurar que Estados Unidos les dio \u00abest\u00fapidamente\u00bb el Canal \u00aba cambio de nada\u00bb. Yao asever\u00f3 en tal sentido que el Canal de Panam\u00e1 \u00abno puede volver a manos de Estados Unidos\u00bb, pues tendr\u00edan que \u00abmatar a nuestro pueblo\u00bb. Por su parte, el subdirector del Instituto del Canal y Estudios Internacionales de la estatal Universidad de Panam\u00e1, Jones Cooper, manifest\u00f3 que el Canal \u00abha sido devuelto a sus leg\u00edtimos due\u00f1os, despu\u00e9s de varias d\u00e9cadas de estar sometido a las imposiciones de un tratado injusto\u00bb. \u00ab. Desde el punto de vista econ\u00f3mico, agreg\u00f3 Cooper, las retribuciones que recibi\u00f3 el pa\u00eds de Am\u00e9rica Central por la utilizaci\u00f3n del principal recurso natural \u00abfue una migaja durante la ocupaci\u00f3n de los Estados Unidos\u00bb. \u00abNo existe ninguna cl\u00e1usula en los Tratados que diga bajo ninguna circunstancia que se deba devolver a la jurisdicci\u00f3n de Estados Unidos (&#8230;) las intervenciones militares son anti-derecho. Nada justifica una intervenci\u00f3n y debe ser repudiada por los pa\u00edses democr\u00e1ticos del mundo\u00bb, se\u00f1al\u00f3 el subdirector a Xinhua. Cooper indic\u00f3 que las tarifas de peaje por transitar la v\u00eda interoce\u00e1nica son incluso con base a acuerdos entre los usuarios, \u00absiempre teniendo presente la competitividad de las navieras\u00bb y \u00abla justa retribuci\u00f3n por la utilizaci\u00f3n de su principal recurso natural\u00bb. En tanto, el administrador del Canal de Panam\u00e1 entre 2012 y 2019, Jorge Luis Quijano, demostr\u00f3 que la postura de Trump est\u00e1 relacionado con el art\u00edculo tercero, p\u00e1rrafo uno, del Tratado Concerniente a la Neutralidad Permanente y al Funcionamiento del Canal de Panam\u00e1 Quijano cit\u00f3 dicho art\u00edculo: \u00abLos pesos y otros derechos por servicio de tr\u00e1nsito y conexos ser\u00e1n justos, razonables, equitativos y consistentes. con los principios del Derecho internacional\u00bb. La postura del Canal de Panam\u00e1, a\u00f1adi\u00f3 el exadministrador, \u00abtiene que basarse en el esp\u00edritu de dicho tratado\u00bb, en particular en el art\u00edculo tercero. A decir de Quijano, dicho Tratado es claro en su art\u00edculo quinto que dice: \u00abDespu\u00e9s de la terminaci\u00f3n del Tratado del Canal de Panam\u00e1, solo la Rep\u00fablica de Panam\u00e1 manejar\u00e1 el Canal y mantendr\u00e1 fuerzas militares, sitios de defensa e instalaciones militares dentro de su territorio nacional\u00bb. El exadministrador del Canal de Panam\u00e1 remarc\u00f3 que \u00abno existe ninguna cl\u00e1usula que permita a los Estados Unidos recuperar el Canal\u00bb, aunque \u00abs\u00ed puede comentar sobre los precios y otras tarifas que piensen que los afecte, como en el pasado lo han hecho otros pa\u00edses , navieras y gremios\u00bb. Diputados de la Asamblea Nacional de Panam\u00e1 tambi\u00e9n han expresado su descontento sobre la postura del presidente electo de Estados Unidos. Es el caso del diputado Ernesto Cede\u00f1o, del partido Movimiento Otro Camino, quien escribi\u00f3 en redes que lo hablado por Trump \u00ablo interpreta como un atrevimiento a nuestra determinaci\u00f3n interna y muy preocupante\u00bb. En el mismo sentido fue el comentario del diputado Neftal\u00ed Zamora, de la coalici\u00f3n Vamos, al expresar que es \u00abindignante\u00bb que a 35 a\u00f1os de la invasi\u00f3n de Estados Unidos a Panam\u00e1 en 1989, el \u00fanico mensaje del presidente electo estadounidense sea insinuar que el Canal es un \u00abbien nacional\u00bb de su pa\u00eds. Zamora expres\u00f3 lo anterior \u00aben lugar de reconocer la invasi\u00f3n como un error hist\u00f3rico y ofrecer disculpas por una acci\u00f3n que nadie pidi\u00f3\u00bb. \u00abEste gesto no solo es vil y desubicado, sino tambi\u00e9n un insulto a la memoria ya la lucha de nuestra naci\u00f3n\u00bb, agreg\u00f3 el legislador. La diputada paname\u00f1a Grace Hern\u00e1ndez, del Movimiento Otro Camino, tambi\u00e9n se pronunci\u00f3 sobre el tema, al considerar que el Gobierno de Panam\u00e1 tiene el \u00abdeber de defender nuestra autonom\u00eda como pa\u00eds independiente\u00bb.La diplomacia exige firmeza ante palabras lamentables\u00bb.<\/p>\n","protected":false},"excerpt":{"rendered":"<p>diariodominicano.com PANAM\u00c1, 22 dic (Xinhua) &#8212; Expertos, partidos y pol\u00edticos paname\u00f1os han calificado de \u00abinaceptables\u00bb e \u00abirrespetuosas\u00bb las recientes declaraciones del presidente electo estadounidense, Donald Trump, en el sentido de \u00abexigir\u00bb que se \u00abdevuelva\u00bb a Estados Unidos el control del Canal de Panam\u00e1, en caso de no reducir las tarifas de peaje solicitadas. El Partido [&hellip;]<\/p>\n","protected":false},"author":5,"featured_media":584979,"comment_status":"closed","ping_status":"closed","sticky":true,"template":"","format":"standard","meta":{"footnotes":""},"categories":[23,27],"tags":[],"class_list":["post-584978","post","type-post","status-publish","format-standard","has-post-thumbnail","hentry","category-internacional","category-portada"],"_links":{"self":[{"href":"https:\/\/diariodominicano.com\/index.php?rest_route=\/wp\/v2\/posts\/584978","targetHints":{"allow":["GET"]}}],"collection":[{"href":"https:\/\/diariodominicano.com\/index.php?rest_route=\/wp\/v2\/posts"}],"about":[{"href":"https:\/\/diariodominicano.com\/index.php?rest_route=\/wp\/v2\/types\/post"}],"author":[{"embeddable":true,"href":"https:\/\/diariodominicano.com\/index.php?rest_route=\/wp\/v2\/users\/5"}],"replies":[{"embeddable":true,"href":"https:\/\/diariodominicano.com\/index.php?rest_route=%2Fwp%2Fv2%2Fcomments&post=584978"}],"version-history":[{"count":1,"href":"https:\/\/diariodominicano.com\/index.php?rest_route=\/wp\/v2\/posts\/584978\/revisions"}],"predecessor-version":[{"id":584980,"href":"https:\/\/diariodominicano.com\/index.php?rest_route=\/wp\/v2\/posts\/584978\/revisions\/584980"}],"wp:featuredmedia":[{"embeddable":true,"href":"https:\/\/diariodominicano.com\/index.php?rest_route=\/wp\/v2\/media\/584979"}],"wp:attachment":[{"href":"https:\/\/diariodominicano.com\/index.php?rest_route=%2Fwp%2Fv2%2Fmedia&parent=584978"}],"wp:term":[{"taxonomy":"category","embeddable":true,"href":"https:\/\/diariodominicano.com\/index.php?rest_route=%2Fwp%2Fv2%2Fcategories&post=584978"},{"taxonomy":"post_tag","embeddable":true,"href":"https:\/\/diariodominicano.com\/index.php?rest_route=%2Fwp%2Fv2%2Ftags&post=584978"}],"curies":[{"name":"wp","href":"https:\/\/api.w.org\/{rel}","templated":true}]}}