{"id":584969,"date":"2024-12-22T17:03:33","date_gmt":"2024-12-22T21:03:33","guid":{"rendered":"https:\/\/diariodominicano.com\/?p=584969"},"modified":"2024-12-22T17:03:41","modified_gmt":"2024-12-22T21:03:41","slug":"al-menos-nueve-muertos-deja-accidente-de-avion-en-sur-de-brasil","status":"publish","type":"post","link":"https:\/\/diariodominicano.com\/?p=584969","title":{"rendered":"Al menos nueve muertos deja accidente de avi\u00f3n en sur de Brasil"},"content":{"rendered":"\n<p>diariodominicano.com<\/p>\n\n\n\n<p>R\u00cdO DE JANEIRO, 22 dic (Xinhua) &#8212; Al menos nueve personas murieron hoy domingo tras accidentarse un avi\u00f3n bimotor en la ciudad tur\u00edstica brasile\u00f1a de Gramado, en el estado de R\u00edo Grande do Sul, en la regi\u00f3n sur de Brasil, confirmaron las autoridades locales. El accidente se registr\u00f3 alrededor de las 09:15 hora local (12:15 GMT) cuando la aeronave, un bimotor turbo h\u00e9lice, choc\u00f3 con la chimenea de una edificaci\u00f3n en construcci\u00f3n para luego estrellarse contra una tienda y una posada. \u00abLamentablemente, las informaciones iniciales dicen que los ocupantes de la aeronave no sobrevivieron\u00bb, difundi\u00f3 en redes sociales el gobernador de R\u00edo Grande do Sul, Eduardo Leite, quien acudi\u00f3 al sitio del accidente. Al momento del percance hab\u00eda una intensa neblina en la zona, pero a\u00fan se desconocen las causas del choque de la aeronave, en la que iban nueve personas tras desde la vecina ciudad de Canela con direcci\u00f3n a Jundia\u00ed, en la zona metropolitana de Sao Paulo. . La ca\u00edda del avi\u00f3n ocasion\u00f3 adem\u00e1s una exposici\u00f3n que afect\u00f3 al menos a 15 personas, quienes fueron trasladadas a un hospital y dos de ellas se encontraron en estado grave.<\/p>\n","protected":false},"excerpt":{"rendered":"<p>diariodominicano.com R\u00cdO DE JANEIRO, 22 dic (Xinhua) &#8212; Al menos nueve personas murieron hoy domingo tras accidentarse un avi\u00f3n bimotor en la ciudad tur\u00edstica brasile\u00f1a de Gramado, en el estado de R\u00edo Grande do Sul, en la regi\u00f3n sur de Brasil, confirmaron las autoridades locales. El accidente se registr\u00f3 alrededor de las 09:15 hora local [&hellip;]<\/p>\n","protected":false},"author":5,"featured_media":584970,"comment_status":"closed","ping_status":"closed","sticky":true,"template":"","format":"standard","meta":{"footnotes":""},"categories":[23,27],"tags":[],"class_list":["post-584969","post","type-post","status-publish","format-standard","has-post-thumbnail","hentry","category-internacional","category-portada"],"_links":{"self":[{"href":"https:\/\/diariodominicano.com\/index.php?rest_route=\/wp\/v2\/posts\/584969","targetHints":{"allow":["GET"]}}],"collection":[{"href":"https:\/\/diariodominicano.com\/index.php?rest_route=\/wp\/v2\/posts"}],"about":[{"href":"https:\/\/diariodominicano.com\/index.php?rest_route=\/wp\/v2\/types\/post"}],"author":[{"embeddable":true,"href":"https:\/\/diariodominicano.com\/index.php?rest_route=\/wp\/v2\/users\/5"}],"replies":[{"embeddable":true,"href":"https:\/\/diariodominicano.com\/index.php?rest_route=%2Fwp%2Fv2%2Fcomments&post=584969"}],"version-history":[{"count":1,"href":"https:\/\/diariodominicano.com\/index.php?rest_route=\/wp\/v2\/posts\/584969\/revisions"}],"predecessor-version":[{"id":584971,"href":"https:\/\/diariodominicano.com\/index.php?rest_route=\/wp\/v2\/posts\/584969\/revisions\/584971"}],"wp:featuredmedia":[{"embeddable":true,"href":"https:\/\/diariodominicano.com\/index.php?rest_route=\/wp\/v2\/media\/584970"}],"wp:attachment":[{"href":"https:\/\/diariodominicano.com\/index.php?rest_route=%2Fwp%2Fv2%2Fmedia&parent=584969"}],"wp:term":[{"taxonomy":"category","embeddable":true,"href":"https:\/\/diariodominicano.com\/index.php?rest_route=%2Fwp%2Fv2%2Fcategories&post=584969"},{"taxonomy":"post_tag","embeddable":true,"href":"https:\/\/diariodominicano.com\/index.php?rest_route=%2Fwp%2Fv2%2Ftags&post=584969"}],"curies":[{"name":"wp","href":"https:\/\/api.w.org\/{rel}","templated":true}]}}