{"id":584966,"date":"2024-12-22T16:48:12","date_gmt":"2024-12-22T20:48:12","guid":{"rendered":"https:\/\/diariodominicano.com\/?p=584966"},"modified":"2024-12-22T16:48:20","modified_gmt":"2024-12-22T20:48:20","slug":"republica-rusa-de-tartaristan-declara-estado-de-emergencia-tras-ataques-de-drones-ucranianos-contra-kazan","status":"publish","type":"post","link":"https:\/\/diariodominicano.com\/?p=584966","title":{"rendered":"Rep\u00fablica rusa de Tartarist\u00e1n declara estado de emergencia tras ataques de drones ucranianos contra Kaz\u00e1n"},"content":{"rendered":"\n<p>diariodominicano.com<\/p>\n\n\n\n<p>MOSC\u00da, 22 dic (Xinhua) &#8212; La rep\u00fablica rusa de Tartarist\u00e1n declar\u00f3 el s\u00e1bado el estado de emergencia para los organismos gubernamentales y las unidades de respuesta a emergencias para gestionar las secuelas de los ataques de drones ucranianos. \u00abEl jefe de Tartarist\u00e1n ha firmado una orden que impone un modo de emergencia especial para las agencias gubernamentales y el Ministerio de Situaciones de Emergencia. Este estatus es necesario para gestionar r\u00e1pidamente las consecuencias de los ataques de acuerdo con la ley\u00bb, declar\u00f3 el servicio de prensa del presidente t\u00e1rtaro, Rustam Minnikhanov. \u00abLa orden se aplica exclusivamente a quienes participan en las labores de respuesta y no afecta a la poblaci\u00f3n en general\u00bb. El s\u00e1bado se registraron ocho ataques con drones en Kaz\u00e1n, capital de Tartarist\u00e1n, seis de los cuales tuvieron como objetivo edificios residenciales. Los informes preliminares indican que no hubo heridos. Tras los ataques, se restringieron temporalmente las operaciones en el aeropuerto de Izhevsk, cerca de Kaz\u00e1n. Las restricciones se levantaron a las 15:00 hora local (11:00 GMT) del s\u00e1bado, seg\u00fan inform\u00f3 la agencia rusa de noticias TASS citando a Alexander Sinelnikov, director general de la compa\u00f1\u00eda de aviaci\u00f3n Izhavia, con sede en Izhevsk.<\/p>\n","protected":false},"excerpt":{"rendered":"<p>diariodominicano.com MOSC\u00da, 22 dic (Xinhua) &#8212; La rep\u00fablica rusa de Tartarist\u00e1n declar\u00f3 el s\u00e1bado el estado de emergencia para los organismos gubernamentales y las unidades de respuesta a emergencias para gestionar las secuelas de los ataques de drones ucranianos. \u00abEl jefe de Tartarist\u00e1n ha firmado una orden que impone un modo de emergencia especial para [&hellip;]<\/p>\n","protected":false},"author":5,"featured_media":584967,"comment_status":"closed","ping_status":"closed","sticky":true,"template":"","format":"standard","meta":{"footnotes":""},"categories":[23,27],"tags":[],"class_list":["post-584966","post","type-post","status-publish","format-standard","has-post-thumbnail","hentry","category-internacional","category-portada"],"_links":{"self":[{"href":"https:\/\/diariodominicano.com\/index.php?rest_route=\/wp\/v2\/posts\/584966","targetHints":{"allow":["GET"]}}],"collection":[{"href":"https:\/\/diariodominicano.com\/index.php?rest_route=\/wp\/v2\/posts"}],"about":[{"href":"https:\/\/diariodominicano.com\/index.php?rest_route=\/wp\/v2\/types\/post"}],"author":[{"embeddable":true,"href":"https:\/\/diariodominicano.com\/index.php?rest_route=\/wp\/v2\/users\/5"}],"replies":[{"embeddable":true,"href":"https:\/\/diariodominicano.com\/index.php?rest_route=%2Fwp%2Fv2%2Fcomments&post=584966"}],"version-history":[{"count":1,"href":"https:\/\/diariodominicano.com\/index.php?rest_route=\/wp\/v2\/posts\/584966\/revisions"}],"predecessor-version":[{"id":584968,"href":"https:\/\/diariodominicano.com\/index.php?rest_route=\/wp\/v2\/posts\/584966\/revisions\/584968"}],"wp:featuredmedia":[{"embeddable":true,"href":"https:\/\/diariodominicano.com\/index.php?rest_route=\/wp\/v2\/media\/584967"}],"wp:attachment":[{"href":"https:\/\/diariodominicano.com\/index.php?rest_route=%2Fwp%2Fv2%2Fmedia&parent=584966"}],"wp:term":[{"taxonomy":"category","embeddable":true,"href":"https:\/\/diariodominicano.com\/index.php?rest_route=%2Fwp%2Fv2%2Fcategories&post=584966"},{"taxonomy":"post_tag","embeddable":true,"href":"https:\/\/diariodominicano.com\/index.php?rest_route=%2Fwp%2Fv2%2Ftags&post=584966"}],"curies":[{"name":"wp","href":"https:\/\/api.w.org\/{rel}","templated":true}]}}