{"id":584891,"date":"2024-12-22T01:42:48","date_gmt":"2024-12-22T05:42:48","guid":{"rendered":"https:\/\/diariodominicano.com\/?p=584891"},"modified":"2024-12-22T01:45:06","modified_gmt":"2024-12-22T05:45:06","slug":"presidente-abinader-comparte-almuerzo-navideno-con-1000-motoconchistas-y-reitera-apoyo-para-seguir-elevando-su-calidad-de-vida","status":"publish","type":"post","link":"https:\/\/diariodominicano.com\/?p=584891","title":{"rendered":"El Presidente Abinader comparte almuerzo navide\u00f1o con  1,000 motoconchistas y reitera apoyo para seguir elevando su calidad de vida"},"content":{"rendered":"\n<p>21 de Diciembre 2024 | 16:56<\/p>\n\n\n\n<figure class=\"wp-block-image\"><img decoding=\"async\" src=\"https:\/\/platform-cdn.sharethis.com\/img\/sharethis.svg\" alt=\"sharethis sharing button\"\/><\/figure>\n\n\n\n<p>Santo Domingo, RD.- <strong>El presidente Luis Abinader<\/strong>\u00a0comparti\u00f3  un\u00a0<strong>almuerzo navide\u00f1o<\/strong>\u00a0con <strong>1,000 miembros del sector del motoconcho<\/strong>, al cual le reiter\u00f3 su compromiso de continuar impulsando medidas para\u00a0<strong>elevar la calidad de vida<\/strong>\u00a0de todos aquellos que se dedican a esta labor.\u00a0<\/p>\n\n\n\n<p>El presidente Abinader anunci\u00f3 que en las primeras semanas del mes de\u00a0<strong>enero de 2025<\/strong>, se coordinar\u00e1 una reuni\u00f3n entre\u00a0<strong>representantes del sector<\/strong>\u00a0del motoconcho y\u00a0<strong>del Gobierno<\/strong>, en la que se pueda trazar un\u00a0<strong>nuevo plan de acci\u00f3n<\/strong>\u00a0que posibilite la\u00a0<strong>reducci\u00f3n de accidentes<\/strong>\u00a0de tr\u00e1nsito y la mejor\u00eda de la\u00a0<strong>seguridad ciudadana.<\/strong>\u00a0<\/p>\n\n\n\n<p>Agreg\u00f3 que buscar\u00e1n implementar una plataforma que les permita, de igual modo, contar con mejores accesos a la&nbsp;<strong>salud y educaci\u00f3n.&nbsp;<\/strong><\/p>\n\n\n\n<p>Asimismo, los consider\u00f3 merecedores de poder adquirir&nbsp;<strong>viviendas propias<\/strong>&nbsp;a trav\u00e9s de los distintos&nbsp;<strong>planes del Gobierno<\/strong>, siendo este uno de los&nbsp;<strong>pedimentos presentados<\/strong>&nbsp;por los motoconchistas.&nbsp;<\/p>\n\n\n\n<figure class=\"wp-block-image\"><img decoding=\"async\" src=\"https:\/\/presidencia.gob.do\/sites\/default\/files\/inline-images\/c5e79322-3948-4706-bb58-4119faad6fe6.jpeg\" alt=\"\"\/><\/figure>\n\n\n\n<p>Luego de agradecerles por su presencia, los invit\u00f3 a seguir trabajando juntos para&nbsp;<strong>superar los retos<\/strong>&nbsp;venideros y hacer del 2025 un a\u00f1o de&nbsp;<strong>nuevas conquistas<\/strong>.&nbsp;<\/p>\n\n\n\n<p>Los presentes forman parte de la Federaci\u00f3n Nacional de Motoconchistas&nbsp;<strong>(Fenamoto)<\/strong>, la Coordinadora Nacional de Motoconcho (<strong>Coordinamoto<\/strong>) y la Uni\u00f3n Nacional de Motoconchistas&nbsp;<strong>(Unamodin)<\/strong>.<\/p>\n\n\n\n<p>De su lado, el presidente de Fenamoto,&nbsp;<strong>Oscar Alm\u00e1nzar<\/strong>, dijo que es una \u201c<em>gran satisfacci\u00f3n\u201d<\/em>&nbsp;volver a compartir con el presidente Abinader, \u201c<em>porque es el \u00fanico que le ha puesto atenci\u00f3n a este sector\u201d,<\/em>&nbsp;asegurando que gracias a este gobierno,&nbsp;<strong>m\u00e1s de 10,000<\/strong>&nbsp;miembros reciben&nbsp;<strong>bonos de combustibles<\/strong>&nbsp;y cuentan con el apoyo para ser afiliados al&nbsp;<strong>Seguro Nacional de Salud&nbsp;<\/strong>(SeNaSa).&nbsp;<\/p>\n\n\n\n<p>En este sentido, Alm\u00e1nzar expres\u00f3 que mantendr\u00e1n el apoyo brindado a la\u00a0<strong>gesti\u00f3n de Luis Abinader<\/strong>. \u201c<em>Usted no estar\u00e1 solo, estar\u00e1 con los hombres humildes de trabajo que trabajan con usted\u201d.<\/em><\/p>\n\n\n\n<p>Con informaci\u00f3n de la Presidencia de la Rep\u00fablica Dominicana.<\/p>\n\n\n\n<p>#Abinader\u2003\u2002#Motoconchistas <\/p>\n","protected":false},"excerpt":{"rendered":"<p>21 de Diciembre 2024 | 16:56 Santo Domingo, RD.- El presidente Luis Abinader\u00a0comparti\u00f3 un\u00a0almuerzo navide\u00f1o\u00a0con 1,000 miembros del sector del motoconcho, al cual le reiter\u00f3 su compromiso de continuar impulsando medidas para\u00a0elevar la calidad de vida\u00a0de todos aquellos que se dedican a esta labor.\u00a0 El presidente Abinader anunci\u00f3 que en las primeras semanas del mes [&hellip;]<\/p>\n","protected":false},"author":2,"featured_media":584894,"comment_status":"closed","ping_status":"closed","sticky":false,"template":"","format":"standard","meta":{"footnotes":""},"categories":[20,25,27],"tags":[],"class_list":["post-584891","post","type-post","status-publish","format-standard","has-post-thumbnail","hentry","category-dominicana-hoy","category-gente","category-portada"],"_links":{"self":[{"href":"https:\/\/diariodominicano.com\/index.php?rest_route=\/wp\/v2\/posts\/584891","targetHints":{"allow":["GET"]}}],"collection":[{"href":"https:\/\/diariodominicano.com\/index.php?rest_route=\/wp\/v2\/posts"}],"about":[{"href":"https:\/\/diariodominicano.com\/index.php?rest_route=\/wp\/v2\/types\/post"}],"author":[{"embeddable":true,"href":"https:\/\/diariodominicano.com\/index.php?rest_route=\/wp\/v2\/users\/2"}],"replies":[{"embeddable":true,"href":"https:\/\/diariodominicano.com\/index.php?rest_route=%2Fwp%2Fv2%2Fcomments&post=584891"}],"version-history":[{"count":3,"href":"https:\/\/diariodominicano.com\/index.php?rest_route=\/wp\/v2\/posts\/584891\/revisions"}],"predecessor-version":[{"id":584897,"href":"https:\/\/diariodominicano.com\/index.php?rest_route=\/wp\/v2\/posts\/584891\/revisions\/584897"}],"wp:featuredmedia":[{"embeddable":true,"href":"https:\/\/diariodominicano.com\/index.php?rest_route=\/wp\/v2\/media\/584894"}],"wp:attachment":[{"href":"https:\/\/diariodominicano.com\/index.php?rest_route=%2Fwp%2Fv2%2Fmedia&parent=584891"}],"wp:term":[{"taxonomy":"category","embeddable":true,"href":"https:\/\/diariodominicano.com\/index.php?rest_route=%2Fwp%2Fv2%2Fcategories&post=584891"},{"taxonomy":"post_tag","embeddable":true,"href":"https:\/\/diariodominicano.com\/index.php?rest_route=%2Fwp%2Fv2%2Ftags&post=584891"}],"curies":[{"name":"wp","href":"https:\/\/api.w.org\/{rel}","templated":true}]}}