{"id":584875,"date":"2024-12-22T01:06:09","date_gmt":"2024-12-22T05:06:09","guid":{"rendered":"https:\/\/diariodominicano.com\/?p=584875"},"modified":"2024-12-22T01:06:14","modified_gmt":"2024-12-22T05:06:14","slug":"sobre-la-partida-de-naz-durakoglu","status":"publish","type":"post","link":"https:\/\/diariodominicano.com\/?p=584875","title":{"rendered":"Sobre la partida de Naz Durakoglu"},"content":{"rendered":"\n<p>Antony J. Blinken, Secretario de Estado<\/p>\n\n\n\n<p><a href=\"https:\/\/links-2.govdelivery.com\/CL0\/https:%2F%2Fwww.state.gov\/1\/01010193e6f8786d-693a61db-1a8d-43a6-8afd-35bd3b241e10-000000\/RU8vM6z5pw8CodoeVEGJ_rNz5frIneDP7t_ynPIRmb0=384\" target=\"_blank\" rel=\"noreferrer noopener\">Hogar<\/a>\u00a0<a href=\"https:\/\/links-2.govdelivery.com\/CL0\/https:%2F%2Fwww.state.gov%2Fbureaus-offices%2Funder-secretary-for-public-diplomacy-and-public-affairs%2Fbureau-of-global-public-affairs%2Foffice-of-the-spokesperson%2F\/1\/01010193e6f8786d-693a61db-1a8d-43a6-8afd-35bd3b241e10-000000\/LiubcH8Rup__yq8H8Wg5ObrnApdrsTXgusNkRjsM78k=384\" target=\"_blank\" rel=\"noreferrer noopener\">Oficina del Portavoz<\/a>\u00a0<a href=\"https:\/\/links-2.govdelivery.com\/CL0\/%2Fpress-releases%2F\/1\/01010193e6f8786d-693a61db-1a8d-43a6-8afd-35bd3b241e10-000000\/4taJFeN8MhCvtXB78mXaU_7fgTIKjYm_L7v4HP5_oTc=384\" target=\"_blank\" rel=\"noreferrer noopener\">Comunicados de prensa<\/a>\u00a0\u2026<\/p>\n\n\n\n<p><\/p>\n\n\n\n<p>Comunicado de prensa<\/p>\n\n\n\n<p>20 de diciembre de 2024<\/p>\n\n\n\n<p>Bajo el liderazgo del Secretario Adjunto Naz Durakoglu, la Oficina de Asuntos Legislativos se asoci\u00f3 con el Congreso para promover prioridades cr\u00edticas de seguridad nacional de Estados Unidos.<\/p>\n\n\n\n<p>Naz restableci\u00f3 el proceso de propuestas legislativas del Departamento de Estado con comit\u00e9s de autorizaci\u00f3n y asignaci\u00f3n de fondos, lo que le permiti\u00f3 al Departamento asegurar beneficios vitales para nuestros empleados y sus familias, as\u00ed como las autoridades necesarias para permitirle abrir r\u00e1pidamente embajadas estadounidenses en el extranjero, responder a las crisis y modernizar la diplomacia estadounidense. Naz y su equipo trabajaron incansablemente para que el Senado confirmara a los nominados del Departamento.<\/p>\n\n\n\n<p>Extiendo mi m\u00e1s profundo agradecimiento a Naz y su familia por su extraordinario servicio y le deseo lo mejor en su regreso al Senado el pr\u00f3ximo a\u00f1o.<\/p>\n\n\n\n<p>U.S. Department of State<\/p>\n\n\n\n<p>U.S. Department of State ()<\/p>\n\n\n\n<p><a target=\"_blank\" href=\"mailto:usstatebpa@public.govdelivery.com\" rel=\"noreferrer noopener\">usstatebpa@public.govdelivery.<\/a><\/p>\n","protected":false},"excerpt":{"rendered":"<p>Antony J. Blinken, Secretario de Estado Hogar\u00a0Oficina del Portavoz\u00a0Comunicados de prensa\u00a0\u2026 Comunicado de prensa 20 de diciembre de 2024 Bajo el liderazgo del Secretario Adjunto Naz Durakoglu, la Oficina de Asuntos Legislativos se asoci\u00f3 con el Congreso para promover prioridades cr\u00edticas de seguridad nacional de Estados Unidos. Naz restableci\u00f3 el proceso de propuestas legislativas del [&hellip;]<\/p>\n","protected":false},"author":2,"featured_media":556695,"comment_status":"closed","ping_status":"closed","sticky":false,"template":"","format":"standard","meta":{"footnotes":""},"categories":[26,23],"tags":[],"class_list":["post-584875","post","type-post","status-publish","format-standard","has-post-thumbnail","hentry","category-efemerides","category-internacional"],"_links":{"self":[{"href":"https:\/\/diariodominicano.com\/index.php?rest_route=\/wp\/v2\/posts\/584875","targetHints":{"allow":["GET"]}}],"collection":[{"href":"https:\/\/diariodominicano.com\/index.php?rest_route=\/wp\/v2\/posts"}],"about":[{"href":"https:\/\/diariodominicano.com\/index.php?rest_route=\/wp\/v2\/types\/post"}],"author":[{"embeddable":true,"href":"https:\/\/diariodominicano.com\/index.php?rest_route=\/wp\/v2\/users\/2"}],"replies":[{"embeddable":true,"href":"https:\/\/diariodominicano.com\/index.php?rest_route=%2Fwp%2Fv2%2Fcomments&post=584875"}],"version-history":[{"count":1,"href":"https:\/\/diariodominicano.com\/index.php?rest_route=\/wp\/v2\/posts\/584875\/revisions"}],"predecessor-version":[{"id":584876,"href":"https:\/\/diariodominicano.com\/index.php?rest_route=\/wp\/v2\/posts\/584875\/revisions\/584876"}],"wp:featuredmedia":[{"embeddable":true,"href":"https:\/\/diariodominicano.com\/index.php?rest_route=\/wp\/v2\/media\/556695"}],"wp:attachment":[{"href":"https:\/\/diariodominicano.com\/index.php?rest_route=%2Fwp%2Fv2%2Fmedia&parent=584875"}],"wp:term":[{"taxonomy":"category","embeddable":true,"href":"https:\/\/diariodominicano.com\/index.php?rest_route=%2Fwp%2Fv2%2Fcategories&post=584875"},{"taxonomy":"post_tag","embeddable":true,"href":"https:\/\/diariodominicano.com\/index.php?rest_route=%2Fwp%2Fv2%2Ftags&post=584875"}],"curies":[{"name":"wp","href":"https:\/\/api.w.org\/{rel}","templated":true}]}}