{"id":584813,"date":"2024-12-21T20:03:48","date_gmt":"2024-12-22T00:03:48","guid":{"rendered":"https:\/\/diariodominicano.com\/?p=584813"},"modified":"2024-12-21T23:04:00","modified_gmt":"2024-12-22T03:04:00","slug":"ataques-aereos-de-eeuu-golpean-capital-yemeni-de-sana","status":"publish","type":"post","link":"https:\/\/diariodominicano.com\/?p=584813","title":{"rendered":"Ataques a\u00e9reos de EEUU golpean capital yemen\u00ed de San\u00e1"},"content":{"rendered":"\n<p>diariodominicano.com<\/p>\n\n\n\n<p>SAN\u00c1, 21 dic (Xinhua) &#8212; El ej\u00e9rcito estadounidense atac\u00f3 desde el aire San\u00e1, la capital de Yemen, en poder del grupo hut\u00ed, hoy s\u00e1bado por la noche, inform\u00f3 la televisi\u00f3n hut\u00ed al-Masirah. Los ataques a\u00e9reos se centraron en el \u00e1rea de Attan, dijo el reporte, sin proporcionar informaci\u00f3n sobre las v\u00edctimas. Los residentes de San\u00e1 dijeron que los ataques a\u00e9reos alcanzaron un dep\u00f3sito de misiles en la monta\u00f1a de Attan, que es un sitio militar controlado por el grupo hut\u00ed en la parte sur de la capital. En la ciudad se escuch\u00f3 una fuerte explosi\u00f3n luego del ataque en la monta\u00f1a de Attan. En un comunicado a trav\u00e9s de la plataforma X, el Comando Central de Estados Unidos (CENTCOM) dijo que sus fuerzas condujeron ataques a\u00e9reos de precisi\u00f3n contra un dep\u00f3sito de misiles y una instalaci\u00f3n de comando y control operado por hut\u00edes. \u00abDurante la operaci\u00f3n, las fuerzas del CENTCOM tambi\u00e9n derribaron numerosos veh\u00edculos a\u00e9reos no tripulados de ataque unidireccional y un misil crucero antibuques hut\u00edes sobre el mar Rojo\u00bb, indic\u00f3 el CENTCOM. El ataque a\u00e9reo ocurri\u00f3 horas despu\u00e9s de que el grupo hut\u00ed anunciara ser el responsable del ataque con misiles bal\u00edsticos que golpe\u00f3 el centro de Israel y lesion\u00f3 al menos a 20 israel\u00edes en Tel Aviv.<\/p>\n","protected":false},"excerpt":{"rendered":"<p>diariodominicano.com SAN\u00c1, 21 dic (Xinhua) &#8212; El ej\u00e9rcito estadounidense atac\u00f3 desde el aire San\u00e1, la capital de Yemen, en poder del grupo hut\u00ed, hoy s\u00e1bado por la noche, inform\u00f3 la televisi\u00f3n hut\u00ed al-Masirah. Los ataques a\u00e9reos se centraron en el \u00e1rea de Attan, dijo el reporte, sin proporcionar informaci\u00f3n sobre las v\u00edctimas. Los residentes de [&hellip;]<\/p>\n","protected":false},"author":5,"featured_media":584815,"comment_status":"closed","ping_status":"closed","sticky":true,"template":"","format":"standard","meta":{"footnotes":""},"categories":[23],"tags":[],"class_list":["post-584813","post","type-post","status-publish","format-standard","has-post-thumbnail","hentry","category-internacional"],"_links":{"self":[{"href":"https:\/\/diariodominicano.com\/index.php?rest_route=\/wp\/v2\/posts\/584813","targetHints":{"allow":["GET"]}}],"collection":[{"href":"https:\/\/diariodominicano.com\/index.php?rest_route=\/wp\/v2\/posts"}],"about":[{"href":"https:\/\/diariodominicano.com\/index.php?rest_route=\/wp\/v2\/types\/post"}],"author":[{"embeddable":true,"href":"https:\/\/diariodominicano.com\/index.php?rest_route=\/wp\/v2\/users\/5"}],"replies":[{"embeddable":true,"href":"https:\/\/diariodominicano.com\/index.php?rest_route=%2Fwp%2Fv2%2Fcomments&post=584813"}],"version-history":[{"count":1,"href":"https:\/\/diariodominicano.com\/index.php?rest_route=\/wp\/v2\/posts\/584813\/revisions"}],"predecessor-version":[{"id":584814,"href":"https:\/\/diariodominicano.com\/index.php?rest_route=\/wp\/v2\/posts\/584813\/revisions\/584814"}],"wp:featuredmedia":[{"embeddable":true,"href":"https:\/\/diariodominicano.com\/index.php?rest_route=\/wp\/v2\/media\/584815"}],"wp:attachment":[{"href":"https:\/\/diariodominicano.com\/index.php?rest_route=%2Fwp%2Fv2%2Fmedia&parent=584813"}],"wp:term":[{"taxonomy":"category","embeddable":true,"href":"https:\/\/diariodominicano.com\/index.php?rest_route=%2Fwp%2Fv2%2Fcategories&post=584813"},{"taxonomy":"post_tag","embeddable":true,"href":"https:\/\/diariodominicano.com\/index.php?rest_route=%2Fwp%2Fv2%2Ftags&post=584813"}],"curies":[{"name":"wp","href":"https:\/\/api.w.org\/{rel}","templated":true}]}}