{"id":584806,"date":"2024-12-21T19:34:26","date_gmt":"2024-12-21T23:34:26","guid":{"rendered":"https:\/\/diariodominicano.com\/?p=584806"},"modified":"2024-12-21T19:39:44","modified_gmt":"2024-12-21T23:39:44","slug":"al-menos-cinco-muertos-y-200-heridos-en-un-atropello-masivo-en-un-mercado-navideno-en-alemania","status":"publish","type":"post","link":"https:\/\/diariodominicano.com\/?p=584806","title":{"rendered":"Al menos cinco muertos y 200 heridos en un atropello masivo en un mercado navide\u00f1o en Alemania"},"content":{"rendered":"\n<p>diariodominicano.com<\/p>\n\n\n\n<p>BERL\u00cdN, 21 dic (Xinhua) &#8212; Al menos cinco personas murieron y m\u00e1s de 200 resultaron heridas luego de que un autom\u00f3vil embisti\u00f3 a una gran multitud en un mercado navide\u00f1o en la ciudad alemana de Magdeburgo, inform\u00f3 hoy s\u00e1bado la agencia de noticias alemana dpa. , citando al primer ministro del estado, Reiner Haseloff. \u00abTenemos cinco muertos y m\u00e1s de 200 heridos, muchos de ellos graves y severos\u00bb, dijo Haseloff, quien se\u00f1al\u00f3 que el saldo era mucho peor de lo que se pensaba inicialmente cuando ocurri\u00f3 el hecho. Durante el incidente, un autom\u00f3vil embisti\u00f3 a varias personas en un mercado navide\u00f1o en Magdeburgo el viernes por la noche. Las autoridades alemanas est\u00e1n investigando a un m\u00e9dico de 50 a\u00f1os de Arabia Saudita que ha estado viviendo en Alemania desde 2006 y trabaj\u00f3 en un poblado cercano. La Polic\u00eda registr\u00f3 su casa durante la noche. Las identidades de las v\u00edctimas mortales no han sido reveladas. Se realizar\u00e1 un servicio conmemorativo en la catedral de Magdeburgo a las 19:00 hora local (18:00 GMT) de este s\u00e1bado. El canciller alem\u00e1n, Olaf Scholz, y otros altos funcionarios, entre ellos la ministra del Interior Nancy Faeser, llegaron hoy a Magdeburgo. Faeser orden\u00f3 esta ma\u00f1ana que todas las banderas de los edificios federales ondearan a media asta en todo el pa\u00eds<\/p>\n","protected":false},"excerpt":{"rendered":"<p>diariodominicano.com BERL\u00cdN, 21 dic (Xinhua) &#8212; Al menos cinco personas murieron y m\u00e1s de 200 resultaron heridas luego de que un autom\u00f3vil embisti\u00f3 a una gran multitud en un mercado navide\u00f1o en la ciudad alemana de Magdeburgo, inform\u00f3 hoy s\u00e1bado la agencia de noticias alemana dpa. , citando al primer ministro del estado, Reiner Haseloff. [&hellip;]<\/p>\n","protected":false},"author":5,"featured_media":584809,"comment_status":"closed","ping_status":"closed","sticky":true,"template":"","format":"standard","meta":{"footnotes":""},"categories":[23,27],"tags":[],"class_list":["post-584806","post","type-post","status-publish","format-standard","has-post-thumbnail","hentry","category-internacional","category-portada"],"_links":{"self":[{"href":"https:\/\/diariodominicano.com\/index.php?rest_route=\/wp\/v2\/posts\/584806","targetHints":{"allow":["GET"]}}],"collection":[{"href":"https:\/\/diariodominicano.com\/index.php?rest_route=\/wp\/v2\/posts"}],"about":[{"href":"https:\/\/diariodominicano.com\/index.php?rest_route=\/wp\/v2\/types\/post"}],"author":[{"embeddable":true,"href":"https:\/\/diariodominicano.com\/index.php?rest_route=\/wp\/v2\/users\/5"}],"replies":[{"embeddable":true,"href":"https:\/\/diariodominicano.com\/index.php?rest_route=%2Fwp%2Fv2%2Fcomments&post=584806"}],"version-history":[{"count":1,"href":"https:\/\/diariodominicano.com\/index.php?rest_route=\/wp\/v2\/posts\/584806\/revisions"}],"predecessor-version":[{"id":584808,"href":"https:\/\/diariodominicano.com\/index.php?rest_route=\/wp\/v2\/posts\/584806\/revisions\/584808"}],"wp:featuredmedia":[{"embeddable":true,"href":"https:\/\/diariodominicano.com\/index.php?rest_route=\/wp\/v2\/media\/584809"}],"wp:attachment":[{"href":"https:\/\/diariodominicano.com\/index.php?rest_route=%2Fwp%2Fv2%2Fmedia&parent=584806"}],"wp:term":[{"taxonomy":"category","embeddable":true,"href":"https:\/\/diariodominicano.com\/index.php?rest_route=%2Fwp%2Fv2%2Fcategories&post=584806"},{"taxonomy":"post_tag","embeddable":true,"href":"https:\/\/diariodominicano.com\/index.php?rest_route=%2Fwp%2Fv2%2Ftags&post=584806"}],"curies":[{"name":"wp","href":"https:\/\/api.w.org\/{rel}","templated":true}]}}