{"id":584731,"date":"2024-12-21T02:08:57","date_gmt":"2024-12-21T06:08:57","guid":{"rendered":"https:\/\/diariodominicano.com\/?p=584731"},"modified":"2024-12-21T02:09:00","modified_gmt":"2024-12-21T06:09:00","slug":"arte-y-premios-marcan-en-cuba-jornadas-finales-de-fiart-2024","status":"publish","type":"post","link":"https:\/\/diariodominicano.com\/?p=584731","title":{"rendered":"Arte y premios marcan en Cuba jornadas finales de Fiart 2024"},"content":{"rendered":"\n<p>La Habana, 21 dic (Prensa Latina) La ceremonia de clausura de la XXVI Feria Internacional de Artesan\u00eda, Fiart 2024, tendr\u00e1 lugar hoy en el recinto ferial capitalino de Pabexpo, con la entrega de los premios en las categor\u00edas de Producto y Stand.<\/p>\n\n\n\n<ul class=\"wp-block-list\">\n<li><a href=\"https:\/\/www.prensa-latina.cu\/2024\/12\/21\/\"><time>diciembre 21, 2024 | 00:48<\/time><\/a><\/li>\n<\/ul>\n\n\n\n<ul class=\"wp-block-list\">\n<li><a href=\"https:\/\/www.prensa-latina.cu\/2024\/12\/21\/arte-y-premios-marcan-en-cuba-jornadas-finales-de-fiart-2024\/#\"><\/a><\/li>\n\n\n\n<li><a href=\"https:\/\/www.prensa-latina.cu\/2024\/12\/21\/arte-y-premios-marcan-en-cuba-jornadas-finales-de-fiart-2024\/#\"><\/a><\/li>\n\n\n\n<li><a href=\"https:\/\/www.prensa-latina.cu\/2024\/12\/21\/arte-y-premios-marcan-en-cuba-jornadas-finales-de-fiart-2024\/#\"><\/a><\/li>\n\n\n\n<li><a href=\"https:\/\/www.prensa-latina.cu\/2024\/12\/21\/arte-y-premios-marcan-en-cuba-jornadas-finales-de-fiart-2024\/#\"><\/a><\/li>\n<\/ul>\n\n\n\n<p>En el evento anual, que concluir\u00e1 este domingo, se dan cita un total de 254 stand, 17 de expositores extranjeros y 237 nacionales, de ellos 126 creadores, 19 institucionales, 2 entidades nacionales (ARTex y Casa de las Am\u00e9ricas) y 90 Formas de Gesti\u00f3n no Estatal.<\/p>\n\n\n\n<p>Calzado, textiles, \u00fatiles del hogar, piezas decorativas y de orfebrer\u00eda son algunas de las propuestas que atraen al p\u00fablico bajo el lema Arte, Utilidad y Oficio.<\/p>\n\n\n\n<p>Este a\u00f1o, la agenda de Fiart incluy\u00f3 desfiles de moda, un panel sobre el proyecto TelArte, liderado por creadores de la provincia de Villa Clara para aproximarnos a un evento que promueve, desde la d\u00e9cada de 1980, la moda artesanal en Cuba.<\/p>\n\n\n\n<p>Adem\u00e1s, se llevaron a cabo talleres sobre la apreciaci\u00f3n del arte y la cultura, la mu\u00f1equer\u00eda, el tejido y el papier mach\u00e9, y se entreg\u00f3 el Reconocimiento Por la Obra de la Vida a cinco destacados creadores con amplias contribuciones al medio.<\/p>\n\n\n\n<p>En tanto, la Asociaci\u00f3n Cubana de Artesanos Artistas (ACAA) exhibi\u00f3 obras de todas las manifestaciones art\u00edsticas premiadas en sus salones nacionales.<\/p>\n\n\n\n<p>Organizada por el Fondo Cubano de Bienes Culturales, la Feria convoca cada a\u00f1o al arte y la creatividad, tambi\u00e9n a un p\u00fablico que disfruta en familia sus m\u00faltiples atracciones.<\/p>\n\n\n\n<p>ro\/amr<\/p>\n\n\n\n<ul class=\"wp-block-list\">\n<li>#<a href=\"https:\/\/www.prensa-latina.cu\/etiqueta\/cuba\/\">cuba<\/a>\u00a0#<a href=\"https:\/\/www.prensa-latina.cu\/etiqueta\/fiart2024\/\">Fiart2024<\/a><\/li>\n<\/ul>\n","protected":false},"excerpt":{"rendered":"<p>La Habana, 21 dic (Prensa Latina) La ceremonia de clausura de la XXVI Feria Internacional de Artesan\u00eda, Fiart 2024, tendr\u00e1 lugar hoy en el recinto ferial capitalino de Pabexpo, con la entrega de los premios en las categor\u00edas de Producto y Stand. En el evento anual, que concluir\u00e1 este domingo, se dan cita un total [&hellip;]<\/p>\n","protected":false},"author":2,"featured_media":584732,"comment_status":"closed","ping_status":"closed","sticky":false,"template":"","format":"standard","meta":{"footnotes":""},"categories":[36,25],"tags":[],"class_list":["post-584731","post","type-post","status-publish","format-standard","has-post-thumbnail","hentry","category-hombresmujeresycosas","category-gente"],"_links":{"self":[{"href":"https:\/\/diariodominicano.com\/index.php?rest_route=\/wp\/v2\/posts\/584731","targetHints":{"allow":["GET"]}}],"collection":[{"href":"https:\/\/diariodominicano.com\/index.php?rest_route=\/wp\/v2\/posts"}],"about":[{"href":"https:\/\/diariodominicano.com\/index.php?rest_route=\/wp\/v2\/types\/post"}],"author":[{"embeddable":true,"href":"https:\/\/diariodominicano.com\/index.php?rest_route=\/wp\/v2\/users\/2"}],"replies":[{"embeddable":true,"href":"https:\/\/diariodominicano.com\/index.php?rest_route=%2Fwp%2Fv2%2Fcomments&post=584731"}],"version-history":[{"count":1,"href":"https:\/\/diariodominicano.com\/index.php?rest_route=\/wp\/v2\/posts\/584731\/revisions"}],"predecessor-version":[{"id":584733,"href":"https:\/\/diariodominicano.com\/index.php?rest_route=\/wp\/v2\/posts\/584731\/revisions\/584733"}],"wp:featuredmedia":[{"embeddable":true,"href":"https:\/\/diariodominicano.com\/index.php?rest_route=\/wp\/v2\/media\/584732"}],"wp:attachment":[{"href":"https:\/\/diariodominicano.com\/index.php?rest_route=%2Fwp%2Fv2%2Fmedia&parent=584731"}],"wp:term":[{"taxonomy":"category","embeddable":true,"href":"https:\/\/diariodominicano.com\/index.php?rest_route=%2Fwp%2Fv2%2Fcategories&post=584731"},{"taxonomy":"post_tag","embeddable":true,"href":"https:\/\/diariodominicano.com\/index.php?rest_route=%2Fwp%2Fv2%2Ftags&post=584731"}],"curies":[{"name":"wp","href":"https:\/\/api.w.org\/{rel}","templated":true}]}}