{"id":584726,"date":"2024-12-21T02:02:44","date_gmt":"2024-12-21T06:02:44","guid":{"rendered":"https:\/\/diariodominicano.com\/?p=584726"},"modified":"2025-02-03T02:00:59","modified_gmt":"2025-02-03T06:00:59","slug":"una-experiencia-agradable","status":"publish","type":"post","link":"https:\/\/diariodominicano.com\/?p=584726","title":{"rendered":"Una experiencia agradable"},"content":{"rendered":"\n<p><strong>Por <\/strong>Humberto Contreras Vidal <\/p>\n\n\n\n<p>El pasado d\u00eda mi\u00e9rcoles 18 de diciembre del a\u00f1o en curso sal\u00ed en un autob\u00fas a las 6:45 am desde Santiago de los Caballeros para participar en un encuentro navide\u00f1o. El mismo se llev\u00f3 a cabo en un club, de tres pa\u00edses \u00e1rabes hermanos, localizado en el malec\u00f3n pr\u00f3ximo a la Direcci\u00f3n General de Pasaporte en Santo Domingo.<\/p>\n\n\n\n<p>Como es costumbre me baj\u00e9 en el Km. 9 y abord\u00e9 el metro de Santo Domingo. Al llegar a la estaci\u00f3n Centro de los H\u00e9roes en La Feria advert\u00ed que la fiesta estaba convocada para las 12 horas del mediod\u00eda. En mi mente estaba seguro que la fiesta estaba pautada para las 10:00 horas en la ma\u00f1ana.<\/p>\n\n\n\n<p>Decid\u00ed ganar tiempo y me puse a conocer los negocios de dicha estaci\u00f3n. Lo que nunca pens\u00e9 fue encontrarme con la maravillosa Sala Memorial a los H\u00e9roes de Constanza, Maim\u00f3n y Estero Hondo. Aunque quer\u00eda pasar unos minutos, la realidad es que en s\u00f3lo uno de los pasillos de esa peque\u00f1a y gigante sala a la vez me consumi\u00f3 una hora.<\/p>\n\n\n\n<p>Inmerso en una parte de nuestra historia reciente, no niego que se me aguaron los ojos con el contenido de las cartas que algunos de los expedicionarios enviaron a sus madres y padres. Sin duda, esta sala es un espacio que todo dominicano tienen que visitar, al menos, una vez en su vida.<\/p>\n\n\n\n<p>Luego tuve que conformarme con hacer fotos a todos y cada uno de los textos, gr\u00e1ficos y objetos que all\u00ed est\u00e1n.<\/p>\n\n\n\n<p>Estando cerca de mi destino en aquella ma\u00f1ana, tuve la tentaci\u00f3n de caminar 20 minutos para llegar al club. Sin embargo, la sensaci\u00f3n de calor provocada por la luz del sol me quit\u00f3 la tentaci\u00f3n.<\/p>\n\n\n\n<p>O\u00ed de guaguas expreso que iban hacia San Crist\u00f3bal. Uno de los que buscan pasajeros me se\u00f1al\u00f3 un autob\u00fas que estaba parado de la OMSA (Operadora Metropolitana de Servicios de Autobuses).<\/p>\n\n\n\n<p>Camin\u00e9 hacia ese veh\u00edculo y en ese momento me di cuenta de que hac\u00eda un buen tiempo que no utilizaba ese transporte p\u00fablico. Como tonto de la primera vez, no pude encontrar la forma de acceder al interior del autob\u00fas. Muy gentilmente un chofer se acerc\u00f3 y me trajo a la modernidad. Me mostr\u00f3 que pod\u00eda utilizar la tarjeta del metro de Santo Domingo que inmediatamente fue utilizada. Tambi\u00e9n vi que se pueden utilizar otras tarjetas de d\u00e9bito y hasta de cr\u00e9dito posiblemente.<\/p>\n\n\n\n<p>Esta experiencia me hizo recordar mi estancia en Espa\u00f1a. Pagu\u00e9 con tarjeta y viaj\u00e9 sentado, c\u00f3modo, seguro y en un ambiente climatizado (con aire acondicionado). No tuve que vocear \u2013 \u00a1Me Deja! -, mediante un bot\u00f3n ped\u00ed la parada y me dejaron justo a la entrada del club (como si fuera un servicio de taxi gigante). \u00a1Qu\u00e9 agradable!<\/p>\n\n\n\n<p>Lo \u00fanico que nos falta, en ese sentido, para que estemos a nivel del servicio de transporte espa\u00f1ol es un seguro de viaje. El congreso dominicano debe legislar para que toda empresa p\u00fablica o privada favorezca con un seguro de viaje a toda persona que aborde un servicio de transporte. Esta medida puede contribuir a fortalecer la institucionalidad del estado dominicano. Y quiz\u00e1s, sumar\u00eda una soluci\u00f3n parcial al problema del tr\u00e1nsito en la Rep\u00fablica Dominicana.<\/p>\n\n\n\n<p>Finalizo diciendo que siempre me quedo en el Km. 9 porque estoy a\u00f1orando poder bajar en la entrada de Los Alcarrizos.<\/p>\n\n\n\n<p>He o\u00eddo que hay problemas de ingenier\u00eda que est\u00e1n retrasando la terminaci\u00f3n de la ampliaci\u00f3n de la l\u00ednea del metro. Quiz\u00e1s sea el momento de dar entrada, de que nos demos una oportunidad, de permitir a la ingenier\u00eda china que ponga remedio y termine con los problemas encontrados.<\/p>\n\n\n\n<p>Si as\u00ed se hiciera, estoy seguro que jam\u00e1s volver\u00e9 a bajar en el Km. 9, y a partir del a\u00f1o 2025, viajar\u00e9 por carretera s\u00f3lo hasta la entrada de Los Alcarrizos.&nbsp;<\/p>\n\n\n\n<p>El autor es doctor en ciencias qu\u00edmicas, residente en Santiago de los Caballeros.&nbsp;<a href=\"mailto:huco71@gmail.com\" target=\"_blank\" rel=\"noreferrer noopener\">huco71@gmail.com<\/a><\/p>\n","protected":false},"excerpt":{"rendered":"<p>Por Humberto Contreras Vidal El pasado d\u00eda mi\u00e9rcoles 18 de diciembre del a\u00f1o en curso sal\u00ed en un autob\u00fas a las 6:45 am desde Santiago de los Caballeros para participar en un encuentro navide\u00f1o. El mismo se llev\u00f3 a cabo en un club, de tres pa\u00edses \u00e1rabes hermanos, localizado en el malec\u00f3n pr\u00f3ximo a la [&hellip;]<\/p>\n","protected":false},"author":2,"featured_media":479335,"comment_status":"closed","ping_status":"closed","sticky":false,"template":"","format":"standard","meta":{"footnotes":""},"categories":[36,19,16],"tags":[182],"class_list":["post-584726","post","type-post","status-publish","format-standard","has-post-thumbnail","hentry","category-hombresmujeresycosas","category-mi-voz","category-opiniones","tag-humberto-contreras-vidal"],"_links":{"self":[{"href":"https:\/\/diariodominicano.com\/index.php?rest_route=\/wp\/v2\/posts\/584726","targetHints":{"allow":["GET"]}}],"collection":[{"href":"https:\/\/diariodominicano.com\/index.php?rest_route=\/wp\/v2\/posts"}],"about":[{"href":"https:\/\/diariodominicano.com\/index.php?rest_route=\/wp\/v2\/types\/post"}],"author":[{"embeddable":true,"href":"https:\/\/diariodominicano.com\/index.php?rest_route=\/wp\/v2\/users\/2"}],"replies":[{"embeddable":true,"href":"https:\/\/diariodominicano.com\/index.php?rest_route=%2Fwp%2Fv2%2Fcomments&post=584726"}],"version-history":[{"count":2,"href":"https:\/\/diariodominicano.com\/index.php?rest_route=\/wp\/v2\/posts\/584726\/revisions"}],"predecessor-version":[{"id":593270,"href":"https:\/\/diariodominicano.com\/index.php?rest_route=\/wp\/v2\/posts\/584726\/revisions\/593270"}],"wp:featuredmedia":[{"embeddable":true,"href":"https:\/\/diariodominicano.com\/index.php?rest_route=\/wp\/v2\/media\/479335"}],"wp:attachment":[{"href":"https:\/\/diariodominicano.com\/index.php?rest_route=%2Fwp%2Fv2%2Fmedia&parent=584726"}],"wp:term":[{"taxonomy":"category","embeddable":true,"href":"https:\/\/diariodominicano.com\/index.php?rest_route=%2Fwp%2Fv2%2Fcategories&post=584726"},{"taxonomy":"post_tag","embeddable":true,"href":"https:\/\/diariodominicano.com\/index.php?rest_route=%2Fwp%2Fv2%2Ftags&post=584726"}],"curies":[{"name":"wp","href":"https:\/\/api.w.org\/{rel}","templated":true}]}}