{"id":584699,"date":"2024-12-21T01:00:57","date_gmt":"2024-12-21T05:00:57","guid":{"rendered":"https:\/\/diariodominicano.com\/?p=584699"},"modified":"2024-12-21T01:01:00","modified_gmt":"2024-12-21T05:01:00","slug":"62-anos-del-triunfo-electoral-juan-bosch-pld","status":"publish","type":"post","link":"https:\/\/diariodominicano.com\/?p=584699","title":{"rendered":"62 a\u00f1os del triunfo electoral Juan Bosch:  PLD"},"content":{"rendered":"\n<p><em>El PLD resalta el triunfo alcanzado por el Profesor Juan Bosch en las elecciones del 20 de diciembre de 1962.<\/em><\/p>\n\n\n\n<p>El Partido de la Liberaci\u00f3n Dominicana (PLD)&nbsp;&nbsp;hace referencia este d\u00eda al contundente triunfo del Profesor Juan Bosch en las elecciones del 20 de diciembre de 1962, de lo cual este viernes se cumplen 62 a\u00f1os<\/p>\n\n\n\n<p>Ese d\u00eda se realizaron&nbsp;&nbsp;&nbsp;&nbsp;las primeras elecciones&nbsp;&nbsp;luego de ajusticiado el tirano Rafael L. Trujillo.<\/p>\n\n\n\n<p>La candidatura presidencial de&nbsp;&nbsp;Bosch, sustentada en ese entonces por el Partido Revolucionario Dominicano, alcanz\u00f3 619,491 votos, contra la Uni\u00f3n C\u00edvica Nacional (UCN) 317,327 votos y el PRSC 56,794 votos.<\/p>\n\n\n\n<p>El triunfo convierte al Profesor Juan Bosch en el primer presidente dominicano electo democr\u00e1ticamente despu\u00e9s de 31 a\u00f1os de dictadura trujillista.<\/p>\n\n\n\n<p>El triunfante candidato logra el \u00e9xito electoral despu\u00e9s de m\u00e1s de veinte a\u00f1os en el exilio,&nbsp;&nbsp;participando en los comicios estrenando&nbsp;&nbsp;un estilo propio de realizar campa\u00f1as electorales en el pa\u00eds, recuerda el Partido de la Liberaci\u00f3n Dominicana en un despacho de su Secretar\u00eda de Comunicaciones.<\/p>\n\n\n\n<p>Se trat\u00f3 de un triunfo arrollador sobre los electores m\u00e1s conservadores del pa\u00eds, representado por la Uni\u00f3n C\u00edvica Nacional.<\/p>\n\n\n\n<p>Juan Bosch tom\u00f3 posesi\u00f3n como presidente de la Rep\u00fablica el 27 febrero de 1963, inaugurando su mandato con un discurso en el que sali\u00f3 a relucir su pensamiento democr\u00e1tico y su meta de alcanzar la justicia social en la Rep\u00fablica Dominicana.<\/p>\n\n\n\n<p>Un golpe de Estado depuso en septiembre de 1963, siete meses despu\u00e9s de juramentado el profesor Bosch, creando un ambiente de ingobernabilidad que culmin\u00f3 con el levantamiento armado de abril de 1965, mediante el cual se reclam\u00f3 la vuelta a la Constituci\u00f3n de 1963.<\/p>\n\n\n\n<p><strong>SECRETARIA DE COMUNICACIONES<\/strong><\/p>\n\n\n\n<p><strong>20 DICIEMBRE 2024<\/strong><\/p>\n","protected":false},"excerpt":{"rendered":"<p>El PLD resalta el triunfo alcanzado por el Profesor Juan Bosch en las elecciones del 20 de diciembre de 1962. El Partido de la Liberaci\u00f3n Dominicana (PLD)&nbsp;&nbsp;hace referencia este d\u00eda al contundente triunfo del Profesor Juan Bosch en las elecciones del 20 de diciembre de 1962, de lo cual este viernes se cumplen 62 a\u00f1os [&hellip;]<\/p>\n","protected":false},"author":28,"featured_media":450585,"comment_status":"closed","ping_status":"closed","sticky":true,"template":"","format":"standard","meta":{"footnotes":""},"categories":[26,22],"tags":[],"class_list":["post-584699","post","type-post","status-publish","format-standard","has-post-thumbnail","hentry","category-efemerides","category-politica"],"_links":{"self":[{"href":"https:\/\/diariodominicano.com\/index.php?rest_route=\/wp\/v2\/posts\/584699","targetHints":{"allow":["GET"]}}],"collection":[{"href":"https:\/\/diariodominicano.com\/index.php?rest_route=\/wp\/v2\/posts"}],"about":[{"href":"https:\/\/diariodominicano.com\/index.php?rest_route=\/wp\/v2\/types\/post"}],"author":[{"embeddable":true,"href":"https:\/\/diariodominicano.com\/index.php?rest_route=\/wp\/v2\/users\/28"}],"replies":[{"embeddable":true,"href":"https:\/\/diariodominicano.com\/index.php?rest_route=%2Fwp%2Fv2%2Fcomments&post=584699"}],"version-history":[{"count":1,"href":"https:\/\/diariodominicano.com\/index.php?rest_route=\/wp\/v2\/posts\/584699\/revisions"}],"predecessor-version":[{"id":584700,"href":"https:\/\/diariodominicano.com\/index.php?rest_route=\/wp\/v2\/posts\/584699\/revisions\/584700"}],"wp:featuredmedia":[{"embeddable":true,"href":"https:\/\/diariodominicano.com\/index.php?rest_route=\/wp\/v2\/media\/450585"}],"wp:attachment":[{"href":"https:\/\/diariodominicano.com\/index.php?rest_route=%2Fwp%2Fv2%2Fmedia&parent=584699"}],"wp:term":[{"taxonomy":"category","embeddable":true,"href":"https:\/\/diariodominicano.com\/index.php?rest_route=%2Fwp%2Fv2%2Fcategories&post=584699"},{"taxonomy":"post_tag","embeddable":true,"href":"https:\/\/diariodominicano.com\/index.php?rest_route=%2Fwp%2Fv2%2Ftags&post=584699"}],"curies":[{"name":"wp","href":"https:\/\/api.w.org\/{rel}","templated":true}]}}