{"id":584690,"date":"2024-12-21T00:46:17","date_gmt":"2024-12-21T04:46:17","guid":{"rendered":"https:\/\/diariodominicano.com\/?p=584690"},"modified":"2024-12-21T00:47:21","modified_gmt":"2024-12-21T04:47:21","slug":"trudeau-de-canada-reorganiza-su-gabinete-ante-crecientes-llamados-a-renuncia","status":"publish","type":"post","link":"https:\/\/diariodominicano.com\/?p=584690","title":{"rendered":"Trudeau de Canad\u00e1 reorganiza su gabinete ante crecientes llamados a renuncia"},"content":{"rendered":"\n<p>ARCHIVO &#8211; El primer ministro de Canad\u00e1, Justin Trudeau, pronuncia un discurso durante la cumbre de la Asociaci\u00f3n de Naciones del Sudeste Asi\u00e1tico (ASEAN) y Canad\u00e1 en Vientiane, Laos, el jueves 10 de octubre de 2024<\/p>\n\n\n\n<p>diciembre 20, 2024<\/p>\n\n\n\n<ul class=\"wp-block-list\">\n<li><a href=\"https:\/\/www.vozdeamerica.com\/author\/associated-press\/v_kyr\">Associated Press<\/a><\/li>\n<\/ul>\n\n\n\n<ul class=\"wp-block-list\">\n<li><a href=\"https:\/\/facebook.com\/sharer.php?u=https%3a%2f%2fwww.vozdeamerica.com%2fa%2ftrudeau-de-canada-reorganiza-su-gabinete-ante-crecientes-llamados-a-renuncia%2f7909062.html\" target=\"_blank\" rel=\"noreferrer noopener\"><\/a><\/li>\n\n\n\n<li><a href=\"https:\/\/twitter.com\/share?url=https%3a%2f%2fwww.vozdeamerica.com%2fa%2ftrudeau-de-canada-reorganiza-su-gabinete-ante-crecientes-llamados-a-renuncia%2f7909062.html&amp;text=Trudeau+de+Canad%c3%a1+reorganiza+su+gabinete+ante+crecientes+llamados+a+renuncia\" target=\"_blank\" rel=\"noreferrer noopener\"><\/a><\/li>\n\n\n\n<li><\/li>\n\n\n\n<li><a href=\"mailto:?body=https%3a%2f%2fwww.vozdeamerica.com%2fa%2ftrudeau-de-canada-reorganiza-su-gabinete-ante-crecientes-llamados-a-renuncia%2f7909062.html&amp;subject=Trudeau%20de%20Canad%C3%A1%20reorganiza%20su%20gabinete%20ante%20crecientes%20llamados%20a%20renuncia\"><\/a><\/li>\n<\/ul>\n\n\n\n<p><a href=\"https:\/\/www.vozdeamerica.com\/a\/trudeau-de-canada-reorganiza-su-gabinete-ante-crecientes-llamados-a-renuncia\/7909062.html#comments\">&nbsp;Vea comentarios<\/a><\/p>\n\n\n\n<p>El primer ministro de Canad\u00e1, Justin Trudeau, reorganiz\u00f3 su gabinete, pero las posibilidades de mantenerse en el poder se han vuelto m\u00e1s precarias despu\u00e9s de que el partido de la oposici\u00f3n, que lo respald\u00f3 durante a\u00f1os, anunci\u00f3 que no le dar\u00e1 la confianza cuando el Parlamento se reanude.<\/p>\n\n\n\n<p>TORONTO \u2014&nbsp;<\/p>\n\n\n\n<p>Las posibilidades del primer ministro canadiense Justin Trudeau de mantenerse en el poder se han vuelto m\u00e1s precarias despu\u00e9s de que el partido de la oposici\u00f3n que respald\u00f3 a su gobierno durante a\u00f1os anunciara que votar\u00e1 en contra de la confianza en el gobierno cuando el Parlamento se reanude.<\/p>\n\n\n\n<p>Trudeau reorganiz\u00f3 su gabinete el viernes, pero si decidir\u00e1 apartarse en los pr\u00f3ximos d\u00edas o semanas sigue siendo una pregunta abierta.<\/p>\n\n\n\n<p>Trudeau particip\u00f3 en la ceremonia de juramentaci\u00f3n y presidir\u00e1 una reuni\u00f3n con su nuevo gabinete en la tarde. No se espera que hable p\u00fablicamente el viernes mientras reflexiona sobre su futuro.<\/p>\n\n\n\n<p>Trudeau enfrenta un creciente descontento sobre su liderazgo, y&nbsp;<em><strong><a href=\"https:\/\/www.vozdeamerica.com\/a\/renuncia-ministra-de-finanzas-de-canad%C3%A1-en-medio-de-desplome-de-la-popularidad-de-trudeau\/7903837.html\" target=\"_blank\" rel=\"noreferrer noopener\">la abrupta salida de su ministra de Finanzas<\/a><\/strong><\/em>&nbsp;el lunes podr\u00eda ser algo de lo que no pueda recuperarse.<\/p>\n\n\n\n<p>El Parlamento ahora est\u00e1 cerrado por las vacaciones hasta finales del pr\u00f3ximo mes, y podr\u00eda programarse una votaci\u00f3n de falta de confianza en alg\u00fan momento despu\u00e9s.<\/p>\n\n\n\n<p>Dado que los liberales de Trudeau no tienen una mayor\u00eda absoluta en el Parlamento, durante a\u00f1os han dependido del apoyo del partido izquierdista Nuevo Partido Democr\u00e1tico (NDP por sus siglas en ingl\u00e9s) para aprobar legislaci\u00f3n y mantenerse en el poder.<\/p>\n\n\n\n<p>Pero ese apoyo ha desaparecido: el l\u00edder del NDP, Jagmeet Singh, ha pedido a Trudeau que renuncie, y dej\u00f3 claro el viernes que el NDP votar\u00e1 para derrocar al gobierno.<\/p>\n\n\n\n<p><a href=\"https:\/\/www.vozdeamerica.com\/a\/trudeau-estadounidenses-empiezan-a-darse-cuenta-de-que-aranceles-de-trump-encarecen-la-vida\/7896118.html\"><\/a><\/p>\n\n\n\n<p><a href=\"https:\/\/www.vozdeamerica.com\/a\/trudeau-estadounidenses-empiezan-a-darse-cuenta-de-que-aranceles-de-trump-encarecen-la-vida\/7896118.html\">Tambi\u00e9n lea<\/a><\/p>\n\n\n\n<h4 class=\"wp-block-heading\"><a href=\"https:\/\/www.vozdeamerica.com\/a\/trudeau-estadounidenses-empiezan-a-darse-cuenta-de-que-aranceles-de-trump-encarecen-la-vida\/7896118.html\">Trudeau: Estadounidenses empiezan a darse cuenta de que aranceles de Trump encarecen la vida<\/a><\/h4>\n\n\n\n<p>\u201cNo importa qui\u00e9n est\u00e9 liderando el Partido Liberal, el tiempo de este gobierno ha terminado. Presentaremos una moci\u00f3n clara de falta de confianza en la pr\u00f3xima sesi\u00f3n de la C\u00e1mara de los Comunes\u201d, dijo Singh en una carta publicada justo antes de que Trudeau programara reorganizar su gabinete.<\/p>\n\n\n\n<p>Los liberales podr\u00edan retrasar el regreso del Parlamento si Trudeau decide no postularse en las elecciones del pr\u00f3ximo a\u00f1o y permite una carrera por el liderazgo del partido.<\/p>\n\n\n\n<p>El nuevo ministro de Finanzas, Dominic LeBlanc, dijo el jueves que Trudeau tiene el \u201capoyo total de su gabinete\u201d, pero reconoci\u00f3 que un n\u00famero creciente de miembros del Parlamento liberales quiere que Trudeau se vaya. Dijo que Trudeau les dijo que est\u00e1 reflexionando.<\/p>\n\n\n\n<p>El legislador Rob Oliphant se convirti\u00f3 en el m\u00e1s reciente miembro del Parlamento del partido Liberal de Trudeau en pedir que Trudeau se haga a un lado. Oliphant dijo que deber\u00eda haber un \u201cconcurso de liderazgo abierto y robusto\u201d.<\/p>\n\n\n\n<p>\u201cNuestro l\u00edder se ha convertido en un obst\u00e1culo que impide que muchos votantes progresistas que han apoyado nuestro trabajo lo hagan nuevamente en la pr\u00f3xima elecci\u00f3n\u201d, dijo Oliphant en una carta publicada el viernes.<\/p>\n\n\n\n<p>Trudeau reemplaz\u00f3 a ministros que no se postular\u00e1n nuevamente. Y algunos ministros estaban en dos roles despu\u00e9s de que otros abandonaran repentinamente el gabinete.<\/p>\n\n\n\n<p><video poster=\"https:\/\/gdb.voanews.com\/9b0b7066-a704-45bf-8495-b4d9600c11a0_w650_r1.jpg\" src=\"blob:https:\/\/www.vozdeamerica.com\/68132e59-e32c-4189-aafb-81a0d0c7db8f\" height=\"381\" width=\"676\"><\/video><\/p>\n\n\n\n<h5 class=\"wp-block-heading\"><a href=\"https:\/\/www.vozdeamerica.com\/a\/trudeau-de-canada-reorganiza-su-gabinete-ante-crecientes-llamados-a-renuncia\/7877955.html\" target=\"_blank\" rel=\"noreferrer noopener\">Trump promete imponer aranceles a M\u00e9xico, Canad\u00e1 y China: qu\u00e9 significar\u00eda esta medida<\/a><\/h5>\n\n\n\n<ul class=\"wp-block-list\">\n<li><a href=\"https:\/\/facebook.com\/sharer.php?u=https%3a%2f%2fwww.vozdeamerica.com%2fa%2f7877955.html\" target=\"_blank\" rel=\"noreferrer noopener\">Comparta en Facebook<\/a><\/li>\n\n\n\n<li><a href=\"https:\/\/twitter.com\/share?url=https%3a%2f%2fwww.vozdeamerica.com%2fa%2f7877955.html&amp;text=Trump+promete+imponer+aranceles+a+M%c3%a9xico%2c+Canad%c3%a1+y+China%3a+qu%c3%a9+significar%c3%ada+esta+medida\" target=\"_blank\" rel=\"noreferrer noopener\">Comparta en Twitter<\/a><\/li>\n<\/ul>\n\n\n\n<hr class=\"wp-block-separator has-alpha-channel-opacity\"\/>\n\n\n\n<p><a href=\"https:\/\/www.vozdeamerica.com\/embed\/player\/Article\/7877955.html?type=video&amp;FullScreenMode=True\" target=\"_blank\" rel=\"noreferrer noopener\"><\/a><\/p>\n\n\n\n<p>&nbsp;Descargar&nbsp;<\/p>\n\n\n\n<p>Daniel B\u00e9land, profesor de ciencias pol\u00edticas en la Universidad McGill en Montreal, dijo que era necesario un cambio de gabinete debido a las recientes salidas.<\/p>\n\n\n\n<p>\u201cPodr\u00eda simplemente parecer como reorganizar las sillas en el Titanic\u201d, dijo B\u00e9land.<\/p>\n\n\n\n<p>Trudeau, quien ha liderado el pa\u00eds durante casi una d\u00e9cada, se ha vuelto ampliamente impopular en los \u00faltimos a\u00f1os por una amplia gama de problemas, incluido el alto costo de vida y la creciente inflaci\u00f3n.<\/p>\n\n\n\n<p>La agitaci\u00f3n pol\u00edtica llega en un momento dif\u00edcil para Canad\u00e1.<\/p>\n\n\n\n<p>El presidente electo estadounidense Donald Trump ha amenazado con imponer aranceles del 25 % sobre todos los bienes canadienses si el gobierno no detiene lo que Trump llama un flujo de migrantes y drogas, aunque en ambos casos los flujos a Estados Unidos desde Canad\u00e1 son menos que desde M\u00e9xico, a quien Trump tambi\u00e9n ha amenazado.<\/p>\n\n\n\n<p>No hay un mecanismo para que el partido de Trudeau lo obligue a salir a corto plazo. Podr\u00eda decir que se har\u00e1 a un lado cuando se elija un nuevo l\u00edder del partido, o su partido podr\u00eda ser expulsado del poder por una votaci\u00f3n de falta de confianza en el Parlamento que desencadenar\u00eda una elecci\u00f3n que muy probablemente favorecer\u00eda al Partido Conservador opositor.<\/p>\n\n\n\n<p>Las preocupaciones sobre el liderazgo de Trudeau se agravaron el lunes cuando Chrystia Freeland, ministra de finanzas de Trudeau y viceprimera ministra, renunci\u00f3 al gabinete. Freeland fue muy cr\u00edtica con el manejo de la econom\u00eda por parte de Trudeau frente a los aranceles elevados amenazados por Trump.<\/p>\n\n\n\n<p>Poco antes de que Freeland anunciara su decisi\u00f3n, el ministro de vivienda tambi\u00e9n renunci\u00f3.<\/p>\n","protected":false},"excerpt":{"rendered":"<p>ARCHIVO &#8211; El primer ministro de Canad\u00e1, Justin Trudeau, pronuncia un discurso durante la cumbre de la Asociaci\u00f3n de Naciones del Sudeste Asi\u00e1tico (ASEAN) y Canad\u00e1 en Vientiane, Laos, el jueves 10 de octubre de 2024 diciembre 20, 2024 &nbsp;Vea comentarios El primer ministro de Canad\u00e1, Justin Trudeau, reorganiz\u00f3 su gabinete, pero las posibilidades de [&hellip;]<\/p>\n","protected":false},"author":28,"featured_media":584691,"comment_status":"closed","ping_status":"closed","sticky":true,"template":"","format":"standard","meta":{"footnotes":""},"categories":[23],"tags":[],"class_list":["post-584690","post","type-post","status-publish","format-standard","has-post-thumbnail","hentry","category-internacional"],"_links":{"self":[{"href":"https:\/\/diariodominicano.com\/index.php?rest_route=\/wp\/v2\/posts\/584690","targetHints":{"allow":["GET"]}}],"collection":[{"href":"https:\/\/diariodominicano.com\/index.php?rest_route=\/wp\/v2\/posts"}],"about":[{"href":"https:\/\/diariodominicano.com\/index.php?rest_route=\/wp\/v2\/types\/post"}],"author":[{"embeddable":true,"href":"https:\/\/diariodominicano.com\/index.php?rest_route=\/wp\/v2\/users\/28"}],"replies":[{"embeddable":true,"href":"https:\/\/diariodominicano.com\/index.php?rest_route=%2Fwp%2Fv2%2Fcomments&post=584690"}],"version-history":[{"count":2,"href":"https:\/\/diariodominicano.com\/index.php?rest_route=\/wp\/v2\/posts\/584690\/revisions"}],"predecessor-version":[{"id":584693,"href":"https:\/\/diariodominicano.com\/index.php?rest_route=\/wp\/v2\/posts\/584690\/revisions\/584693"}],"wp:featuredmedia":[{"embeddable":true,"href":"https:\/\/diariodominicano.com\/index.php?rest_route=\/wp\/v2\/media\/584691"}],"wp:attachment":[{"href":"https:\/\/diariodominicano.com\/index.php?rest_route=%2Fwp%2Fv2%2Fmedia&parent=584690"}],"wp:term":[{"taxonomy":"category","embeddable":true,"href":"https:\/\/diariodominicano.com\/index.php?rest_route=%2Fwp%2Fv2%2Fcategories&post=584690"},{"taxonomy":"post_tag","embeddable":true,"href":"https:\/\/diariodominicano.com\/index.php?rest_route=%2Fwp%2Fv2%2Ftags&post=584690"}],"curies":[{"name":"wp","href":"https:\/\/api.w.org\/{rel}","templated":true}]}}